{"id":356630,"date":"2025-08-31T15:33:04","date_gmt":"2025-08-31T15:33:04","guid":{"rendered":"https:\/\/www.europesays.com\/fr\/356630\/"},"modified":"2025-08-31T15:33:04","modified_gmt":"2025-08-31T15:33:04","slug":"a-la-recherche-dun-talonneur-le-club-se-tourne-vers-le-stade-toulousain","status":"publish","type":"post","link":"https:\/\/www.europesays.com\/fr\/356630\/","title":{"rendered":"\u00e0 la recherche d&rsquo;un talonneur, le club se tourne vers le Stade Toulousain"},"content":{"rendered":"<p>L\u2019Aviron Bayonnais scrute le march\u00e9 avec m\u00e9thode. En pr\u00e9vision des fins de contrat de plusieurs joueurs de son effectif, le club basque explore des pistes pour renforcer sa premi\u00e8re ligne. Parmi elles, Guillaume Cramont \u00e2g\u00e9 de 24 ans. Le talonneur du Stade Toulousain figure en bonne place dans la short-list du club de Bayonne selon Rugbyscope.<\/p>\n<p>Une aubaine pour le joueur, mais&#8230;<\/p>\n<p>\u00a0<\/p>\n<p>Guillaume Cramont est puissant et pr\u00e9cis en touche. Mais il est frein\u00e9 par la concurrence f\u00e9roce \u00e0 Toulouse. Ce qui veut dire qu&rsquo;un autre projet pourrait le convaincre de faire ses bagages. L&rsquo;Aviron Bayonnais trouve l\u00e0 une faille \u00e0 exploiter. Tout d\u00e9pendra donc des n\u00e9gociations et des garanties que donnerait le club de Bayonne.<\/p>\n<p>\u00a0<\/p>\n<p>Malgr\u00e9 tout, le club ne devrait pas acc\u00e9l\u00e9rer le recrutement de Guillaume Cramont. Une situation par rapport au staff entretient une sorte d&rsquo;incertitude quant \u00e0 l&rsquo;issue \u00e0 esp\u00e9rer de ce dossier. Le d\u00e9part de l&rsquo;entra\u00eeneur Laurent Travers cet \u00e9t\u00e9 serait en \u00e9tude. Ce qui conditionne une possible arriv\u00e9e du joueur de Toulouse.<\/p>\n<p>Partagez cette info avec vos amis et vos proches en cliquant ici<br \/>Pour r\u00e9sumer<\/p>\n<p>Guillaume Cramont, talonneur du Stade Toulousain, int\u00e9resse Bayonne pour 2026. Puissant mais bloqu\u00e9 par la concurrence, il pourrait changer d\u2019air. Le dossier reste en suspens, frein\u00e9 par l\u2019incertitude autour du staff et l\u2019avenir de Laurent Travers.<\/p>\n<p> <img decoding=\"async\" width=\"76\" height=\"76\" loading=\"lazy\" src=\"https:\/\/www.europesays.com\/fr\/wp-content\/uploads\/2025\/04\/avatar-quinze.png\" alt=\"Voldi Fr\u00e9jus\u00a0Hounvio\"\/><\/p>\n","protected":false},"excerpt":{"rendered":"L\u2019Aviron Bayonnais scrute le march\u00e9 avec m\u00e9thode. En pr\u00e9vision des fins de contrat de plusieurs joueurs de son&hellip;\n","protected":false},"author":2,"featured_media":356631,"comment_status":"","ping_status":"","sticky":false,"template":"","format":"standard","meta":{"footnotes":""},"categories":[1416],"tags":[1011,27,479,1468,60],"class_list":{"0":"post-356630","1":"post","2":"type-post","3":"status-publish","4":"format-standard","5":"has-post-thumbnail","7":"category-rugby","8":"tag-fr","9":"tag-france","10":"tag-rugby","11":"tag-rugby-football","12":"tag-sports"},"share_on_mastodon":{"url":"","error":""},"_links":{"self":[{"href":"https:\/\/www.europesays.com\/fr\/wp-json\/wp\/v2\/posts\/356630","targetHints":{"allow":["GET"]}}],"collection":[{"href":"https:\/\/www.europesays.com\/fr\/wp-json\/wp\/v2\/posts"}],"about":[{"href":"https:\/\/www.europesays.com\/fr\/wp-json\/wp\/v2\/types\/post"}],"author":[{"embeddable":true,"href":"https:\/\/www.europesays.com\/fr\/wp-json\/wp\/v2\/users\/2"}],"replies":[{"embeddable":true,"href":"https:\/\/www.europesays.com\/fr\/wp-json\/wp\/v2\/comments?post=356630"}],"version-history":[{"count":0,"href":"https:\/\/www.europesays.com\/fr\/wp-json\/wp\/v2\/posts\/356630\/revisions"}],"wp:featuredmedia":[{"embeddable":true,"href":"https:\/\/www.europesays.com\/fr\/wp-json\/wp\/v2\/media\/356631"}],"wp:attachment":[{"href":"https:\/\/www.europesays.com\/fr\/wp-json\/wp\/v2\/media?parent=356630"}],"wp:term":[{"taxonomy":"category","embeddable":true,"href":"https:\/\/www.europesays.com\/fr\/wp-json\/wp\/v2\/categories?post=356630"},{"taxonomy":"post_tag","embeddable":true,"href":"https:\/\/www.europesays.com\/fr\/wp-json\/wp\/v2\/tags?post=356630"}],"curies":[{"name":"wp","href":"https:\/\/api.w.org\/{rel}","templated":true}]}}