{"id":356634,"date":"2025-08-31T15:35:13","date_gmt":"2025-08-31T15:35:13","guid":{"rendered":"https:\/\/www.europesays.com\/fr\/356634\/"},"modified":"2025-08-31T15:35:13","modified_gmt":"2025-08-31T15:35:13","slug":"motogp-hongrie-j3-raul-fernandez-aprilia-ab-tres-frustre-par-sa-chute-apres-plusieurs-courses-prometteuses","status":"publish","type":"post","link":"https:\/\/www.europesays.com\/fr\/356634\/","title":{"rendered":"MotoGP, Hongrie J3, Ra\u00fal Fern\u00e1ndez (Aprilia\/Ab.) \u00ab\u00a0tr\u00e8s frustr\u00e9\u00a0\u00bb par sa chute apr\u00e8s plusieurs courses prometteuses"},"content":{"rendered":"<p><strong>La bonne dynamique de Ra\u00fal Fern\u00e1ndez a connu un coup<br \/>\nd\u2019arr\u00eat en Hongrie avec une chute en course et un week-end<br \/>\nglobalement compliqu\u00e9.<\/strong><\/p>\n<p>Depuis cinq Grands Prix, <strong>Ra\u00fal Fern\u00e1ndez<\/strong> a connu<br \/>\nune nette progression dans ses r\u00e9sultats, <a href=\"https:\/\/www.paddock-gp.com\/motogp-autriche-j3-raul-fernandez-aprilia-9-on-peinait-a-se-battre-pour-les-points-et-maintenant-on-se-bat-pour-le-top-5\/\" target=\"_blank\" rel=\"noopener\">passant de la lutte pour les points<br \/>\n\u00e0 des places dans le top 10, voire le top 5<\/a>. Mais en Hongrie le<br \/>\nweek-end dernier, il s\u2019est de nouveau retrouv\u00e9 \u00e0 \u00e9voluer en fond de<br \/>\nclassement.<\/p>\n<p>Seulement 19e de la premi\u00e8re journ\u00e9e, il n\u2019a pas r\u00e9ussi \u00e0 se<br \/>\nsauver de la Q1 le samedi et s\u2019est qualifi\u00e9 16e. Parvenu \u00e0 remonter<br \/>\njusqu\u2019en 11e position en course sprint, mais hors des points, il<br \/>\nesp\u00e9rait parvenir \u00e0 comprendre ses difficult\u00e9s en pneus neufs afin<br \/>\nde passer un cap en course principale le lendemain. Remont\u00e9 \u00e0 la<br \/>\n15e place sur la grille en raison de la p\u00e9nalit\u00e9 de Jack Miller, il<br \/>\nn\u2019a finalement pas pu en profiter et n\u2019a gagn\u00e9 qu\u2019une place au<br \/>\nd\u00e9part.<\/p>\n<p>\u00ab\u00a0J\u2019ai d\u2019abord gagn\u00e9 une place sur la grille et je me<br \/>\nsuis donc retrouv\u00e9 \u00e0 l\u2019int\u00e9rieur du premier virage, mais je pense<br \/>\nque c\u2019\u00e9tait pire\u00a0\u00bb, a-t-il expliqu\u00e9. \u00ab\u00a0M\u00eame si<br \/>\nje suis bien parti, j\u2019ai d\u00fb freiner \u00e9norm\u00e9ment au milieu du premier<br \/>\nvirage, et cinq ou six pilotes m\u2019ont ensuite doubl\u00e9 par<br \/>\nl\u2019ext\u00e9rieur. C\u2019est difficile de savoir quoi faire dans ce genre de<br \/>\nvirages, quand il faut arr\u00eater la moto comme \u00e7a, ce n\u2019est pas tr\u00e8s<br \/>\nagr\u00e9able. Quoi qu\u2019il en soit, j\u2019ai essay\u00e9 de rester calme lors de<br \/>\nce d\u00e9part et j\u2019ai vu que j\u2019\u00e9tais plut\u00f4t bien plac\u00e9, 11e ou 12e,<br \/>\ndonc ce n\u2019\u00e9tait pas une catastrophe.\u00a0\u00bb<\/p>\n<p><img loading=\"lazy\" decoding=\"async\" class=\"aligncenter wp-image-1324018 size-full\" src=\"https:\/\/www.europesays.com\/fr\/wp-content\/uploads\/2025\/08\/1756654510_548_unnamed-1-3.jpg\" alt=\"Raul Fernandez Hongrie\" width=\"800\" height=\"533\"  \/><\/p>\n<p>Malheureusement pour lui, <strong>Fern\u00e1ndez<\/strong> est parti \u00e0<br \/>\nla faute dans le quatri\u00e8me tour, imit\u00e9 quelques secondes plus tard<br \/>\npar Joan Mir, exactement dans le m\u00eame virage. Bien que reparti, il<br \/>\na finalement \u00e9t\u00e9 contraint \u00e0 l\u2019abandon et a conclu ce Grand Prix<br \/>\nsur une note quelque peu am\u00e8re, qu\u2019il esp\u00e8re vite oublier la<br \/>\nsemaine prochaine \u00e0 Barcelone.<\/p>\n<p>\u00ab\u00a0Au quatri\u00e8me tour, j\u2019\u00e9tais un peu large dans le<br \/>\ncinqui\u00e8me virage et j\u2019ai aussi essay\u00e9 de freiner un peu trop t\u00f4t.<br \/>\nQuand j\u2019ai rel\u00e2ch\u00e9 les freins, j\u2019ai perdu l\u2019avant. Apr\u00e8s \u00e7a, j\u2019ai<br \/>\nessay\u00e9 de revenir en piste au cas o\u00f9 il y aurait un drapeau rouge,<br \/>\nmais j\u2019ai senti que quelque chose n\u2019allait pas sur la moto dans les<br \/>\nvirages \u00e0 droite, alors j\u2019ai d\u00fb abandonner\u00a0\u00bb, a-t-il<br \/>\npoursuivi.<\/p>\n<p>\u00ab\u00a0Je suis tr\u00e8s frustr\u00e9. Dans l\u2019ensemble ce n\u2019\u00e9tait pas<br \/>\nun week-end fantastique pour nous mais, ce matin, on avait trouv\u00e9<br \/>\nun \u00e9l\u00e9ment sur la moto qui commen\u00e7ait \u00e0 convenir \u00e0 mon style de<br \/>\npilotage. J\u2019\u00e9tais donc vraiment confiant et on avait aussi le pneu<br \/>\narri\u00e8re m\u00e9dium pour la course.\u00a0\u00bb<\/p>\n<p><strong>R\u00e9sultats du Grand Prix de Hongrie<\/strong><\/p>\n<p><img loading=\"lazy\" decoding=\"async\" class=\"aligncenter size-full wp-image-1322743\" src=\"https:\/\/www.europesays.com\/fr\/wp-content\/uploads\/2025\/08\/gp-1.jpg\" alt=\"\" width=\"800\" height=\"1048\"  \/><\/p>\n<p>Cr\u00e9dit classement : <a href=\"https:\/\/www.motogp.com\/fr\" target=\"_blank\" rel=\"noopener\">MotoGP.com<\/a><\/p>\n","protected":false},"excerpt":{"rendered":"La bonne dynamique de Ra\u00fal Fern\u00e1ndez a connu un coup d\u2019arr\u00eat en Hongrie avec une chute en course&hellip;\n","protected":false},"author":2,"featured_media":356635,"comment_status":"","ping_status":"","sticky":false,"template":"","format":"standard","meta":{"footnotes":""},"categories":[1413],"tags":[1011,27,1457,1456,60],"class_list":{"0":"post-356634","1":"post","2":"type-post","3":"status-publish","4":"format-standard","5":"has-post-thumbnail","7":"category-moto","8":"tag-fr","9":"tag-france","10":"tag-moto","11":"tag-motocycle","12":"tag-sports"},"share_on_mastodon":{"url":"https:\/\/pubeurope.com\/@fr\/115124117745419049","error":""},"_links":{"self":[{"href":"https:\/\/www.europesays.com\/fr\/wp-json\/wp\/v2\/posts\/356634","targetHints":{"allow":["GET"]}}],"collection":[{"href":"https:\/\/www.europesays.com\/fr\/wp-json\/wp\/v2\/posts"}],"about":[{"href":"https:\/\/www.europesays.com\/fr\/wp-json\/wp\/v2\/types\/post"}],"author":[{"embeddable":true,"href":"https:\/\/www.europesays.com\/fr\/wp-json\/wp\/v2\/users\/2"}],"replies":[{"embeddable":true,"href":"https:\/\/www.europesays.com\/fr\/wp-json\/wp\/v2\/comments?post=356634"}],"version-history":[{"count":0,"href":"https:\/\/www.europesays.com\/fr\/wp-json\/wp\/v2\/posts\/356634\/revisions"}],"wp:featuredmedia":[{"embeddable":true,"href":"https:\/\/www.europesays.com\/fr\/wp-json\/wp\/v2\/media\/356635"}],"wp:attachment":[{"href":"https:\/\/www.europesays.com\/fr\/wp-json\/wp\/v2\/media?parent=356634"}],"wp:term":[{"taxonomy":"category","embeddable":true,"href":"https:\/\/www.europesays.com\/fr\/wp-json\/wp\/v2\/categories?post=356634"},{"taxonomy":"post_tag","embeddable":true,"href":"https:\/\/www.europesays.com\/fr\/wp-json\/wp\/v2\/tags?post=356634"}],"curies":[{"name":"wp","href":"https:\/\/api.w.org\/{rel}","templated":true}]}}