{"id":356638,"date":"2025-08-31T15:37:11","date_gmt":"2025-08-31T15:37:11","guid":{"rendered":"https:\/\/www.europesays.com\/fr\/356638\/"},"modified":"2025-08-31T15:37:11","modified_gmt":"2025-08-31T15:37:11","slug":"vuelta-2025-jonas-vingegaard-sort-vainqueur-de-la-premiere-grande-explication-entre-favoris-mais-ne-reprend-pas-le-maillot-rouge-lequipe","status":"publish","type":"post","link":"https:\/\/www.europesays.com\/fr\/356638\/","title":{"rendered":"Vuelta 2025 : Jonas Vingegaard sort vainqueur de la premi\u00e8re grande explication entre favoris mais ne reprend pas le maillot rouge &#8211; L&#039;\u00c9quipe"},"content":{"rendered":"<ol>\n<li><a href=\"https:\/\/news.google.com\/rss\/articles\/CBMimAJBVV95cUxOT3BuWG1ISGJrWVBscUQ5emdISjlBODlrem9sNGhXcVpfUlBWQzB6Z24zazVnU1ZNQVR0alB5djN6RmV6eDhNamk3TnJRblUyMWRNd1NRdzB0cnl0bGRFODlnUTRhenFRRlU5MXRFX0gxUWkwRUhicFlxYzdweHQxUXdmNVBmVmluNWdVTlY2a2FWVWk1bExoTGxVQzZZeHg0WVRaOVRQa1NfZnRrT3U0dXV2bHZaNm5lMU9iVHJRR2R1VElMZGxXX1ZPSEZqUVpLcG9NZ19vOUVfRmJjR3NCLXgzVzZPUWp4OVhkd29QTFd4WkVCci1KNV9UTlNlYUM5SXY1bTd1N1EzOTlxMXlzYmZqZWFxZ2Fu?oc=5\" target=\"_blank\" rel=\"nofollow noopener\">Vuelta 2025 : Jonas Vingegaard sort vainqueur de la premi\u00e8re grande explication entre favoris mais ne reprend pas le maillot rouge<\/a>&nbsp;&nbsp;L&rsquo;\u00c9quipe<\/li>\n<li><a href=\"https:\/\/news.google.com\/rss\/articles\/CBMikwFBVV95cUxPeC1hNDZGYWJTT04yRFhMWmhYSnpoNThqRUp0VENuQTVhc1I5ZklKSV9wbDJncmQ5NFlVMGxlSDlhWkR5ODJOcHJud21ZNnVyM3dDa3A1aFNnbE5NUkV6dnBSZ1h6Y3dFTG9CSUZfV3A4dl9BT2pfRXRPRmk2QjBWMXAzUC1iWEhrMEpHNmVwVmNyV2M?oc=5\" target=\"_blank\" rel=\"nofollow noopener\">Vuelta 2025, 9\u00e8me \u00e9tape (Alfaro &#8211; Valdezcaray): classement et r\u00e9sum\u00e9 de la course<\/a>&nbsp;&nbsp;L&rsquo;\u00c9quipe<\/li>\n<li><a href=\"https:\/\/news.google.com\/rss\/articles\/CBMivAJBVV95cUxPX1J3NkRCZnRqd25OSWZfelBsTWgtSThmNmJEYmJHUEh1MFdpMS14bk9kQU9YWVcwTWxtclNZQ1BpRy1IWWNWZ3NJeE5YQmxLWjI1NHpuV3Yxa0FoTzVaWHJWb19mLUdmR0k2RVo5RTQzMGY3UGRJRDVyeDdSU25NdFJ6SXhvWHlyTGtCQ092S3VEeE5kek5XazUxaUFuZ2I5V3hhWGZlZUJWMUhiMkhhbEZ6M1QzcTRXX2pSeGc0clRNOVEtYWZXckNHWDFwckFHQ1hFNW8zb3BLMXlsam14aTNpd0dERUdJSTdYemhuLVE0TEpmZHFWX1RESGIxUHZubG9IYVpXNDFsWWdkejRMajdldXRNbzJ1OEdNc08ycVpTQzdYOUQzZGNhSzBhUlRRVWdHTnZMaGNLTVR6?oc=5\" target=\"_blank\" rel=\"nofollow noopener\">Jonas Vingegaard s&rsquo;impose en solitaire au sommet de Valdezcaray et fond sur Torstein Tr\u00e6en<\/a>&nbsp;&nbsp;Eurosport<\/li>\n<li><a href=\"https:\/\/news.google.com\/rss\/articles\/CBMizgFBVV95cUxPYzliRzNNTHN5SjR4WDUtU2pOcElaYjlIX1ZIaHNvcDVvSWxQZzFpUkxCMmxwRWlYS3V5UzZDZ2tDaTFRS05MUDc1YzFhWW13RFVlSGhxSUdrU0R6Q3prVGJ4YUVITVF0Wm5HUlJ2OU1NTlg1NFV0c1Q3S0tRTDZBbHZrSzdmNy1YM3RUcXQwT1pCSWpBQzRtOE9DYzQzVXRmMjVSRUdpV29EZjF5Y2wwdmZ3d2hUQXNmQjkwRDFPYm9rdEtkY1BtTHJyWUl5Zw?oc=5\" target=\"_blank\" rel=\"nofollow noopener\">Vuelta. Tour d&rsquo;Espagne &#8211; Jonas Vingegaard remporte la 9e \u00e9tape, Torstein Traeen s&rsquo;accroche<\/a>&nbsp;&nbsp;Cyclism&rsquo;Actu<\/li>\n<li><a href=\"https:\/\/news.google.com\/rss\/articles\/CBMi-AFBVV95cUxNRVl5U2lCVFBsSDU5MGpKR1NZU1ozNk1fMVFWVnlJa0E2RFJ1WTkycTdRb3U5WnNfc21ucDNUaWNmVFVtSjJseTB0QUZFbGxRLVNJT3BuLXR3ZjQ3ejlERWNEV0lSOVdnSVBWT0tKVjdneTVXcFprdExiM1FfY085Q090N3dXclE0UldwV0dkTl9oNmFBbnFBVFdfWHpCa1JLSXBxMUlCRURJOVdnZmFpM0ZIOTJVODVmN2JYazJxd2ZSc1dLdTVvaVlncHc0M0ZLRWZGT2NPMzc5ZTFOaGdpSDNQYVJyQVN1QTQwc0xiMGZYNWhZRE5DUdIB9wFBVV95cUxPVmpaVG5OU1lXQTdaWkVES1FjUjFCQkluUWNLM0FYWjQ0a0NnNS1XbEZhR1FoZEc1WlJteWFNRjFENFd1SU5mcVFfN3RaNHVvalZ3NnpNWk5ydzUwSnFEYkVTcVdxUFV3WElOcldWcjgyTWlEWU1VZ1V4dmd1WmEyaUZCRUtseFFpSURWbHhGYl91Vmh6QW0zRDZrU0xxaW5ERU9udjBJd1puRHRDUld6eHFpOTMtS1lmekN5elVwOXBBeWxFd2tEZ1NySnVuTHBuZ1JuaXNhYV96NXBQUjByZTBLLUNUeFd4a1diQUduWXhqZnhxOE9J?oc=5\" target=\"_blank\" rel=\"nofollow noopener\">Vuelta (E9) : Vingegaard s&rsquo;impose en solo \u00e0 Valdezcaray mais laisse le maillot rouge \u00e0 Tr\u00e6en<\/a>&nbsp;&nbsp;Orange Actualit\u00e9s | Sports<\/li>\n<\/ol>\n","protected":false},"excerpt":{"rendered":"Vuelta 2025 : Jonas Vingegaard sort vainqueur de la premi\u00e8re grande explication entre favoris mais ne reprend pas&hellip;\n","protected":false},"author":2,"featured_media":356639,"comment_status":"","ping_status":"","sticky":false,"template":"","format":"standard","meta":{"footnotes":""},"categories":[1411],"tags":[1154,207,1011,27,60],"class_list":{"0":"post-356638","1":"post","2":"type-post","3":"status-publish","4":"format-standard","5":"has-post-thumbnail","7":"category-cyclisme","8":"tag-cycling","9":"tag-cyclisme","10":"tag-fr","11":"tag-france","12":"tag-sports"},"share_on_mastodon":{"url":"https:\/\/pubeurope.com\/@fr\/115124125257635396","error":""},"_links":{"self":[{"href":"https:\/\/www.europesays.com\/fr\/wp-json\/wp\/v2\/posts\/356638","targetHints":{"allow":["GET"]}}],"collection":[{"href":"https:\/\/www.europesays.com\/fr\/wp-json\/wp\/v2\/posts"}],"about":[{"href":"https:\/\/www.europesays.com\/fr\/wp-json\/wp\/v2\/types\/post"}],"author":[{"embeddable":true,"href":"https:\/\/www.europesays.com\/fr\/wp-json\/wp\/v2\/users\/2"}],"replies":[{"embeddable":true,"href":"https:\/\/www.europesays.com\/fr\/wp-json\/wp\/v2\/comments?post=356638"}],"version-history":[{"count":0,"href":"https:\/\/www.europesays.com\/fr\/wp-json\/wp\/v2\/posts\/356638\/revisions"}],"wp:featuredmedia":[{"embeddable":true,"href":"https:\/\/www.europesays.com\/fr\/wp-json\/wp\/v2\/media\/356639"}],"wp:attachment":[{"href":"https:\/\/www.europesays.com\/fr\/wp-json\/wp\/v2\/media?parent=356638"}],"wp:term":[{"taxonomy":"category","embeddable":true,"href":"https:\/\/www.europesays.com\/fr\/wp-json\/wp\/v2\/categories?post=356638"},{"taxonomy":"post_tag","embeddable":true,"href":"https:\/\/www.europesays.com\/fr\/wp-json\/wp\/v2\/tags?post=356638"}],"curies":[{"name":"wp","href":"https:\/\/api.w.org\/{rel}","templated":true}]}}