{"id":356640,"date":"2025-08-31T15:38:14","date_gmt":"2025-08-31T15:38:14","guid":{"rendered":"https:\/\/www.europesays.com\/fr\/356640\/"},"modified":"2025-08-31T15:38:14","modified_gmt":"2025-08-31T15:38:14","slug":"larbitre-var-de-liverpool-arsenal-remplace-apres-une-erreur-survenue-lors-de-chelsea-fulham","status":"publish","type":"post","link":"https:\/\/www.europesays.com\/fr\/356640\/","title":{"rendered":"L\u2019arbitre VAR de Liverpool-Arsenal remplac\u00e9 apr\u00e8s une erreur survenue lors de Chelsea-Fulham"},"content":{"rendered":"<p>Michael Salisbury, en charge du VAR lors du match entre <a href=\"https:\/\/www.footmercato.net\/club\/chelsea\/\" rel=\"nofollow noopener\" target=\"_blank\">Chelsea<\/a> et <a href=\"https:\/\/www.footmercato.net\/club\/fulham-fc\/\" rel=\"nofollow noopener\" target=\"_blank\">Fulham<\/a> (2-0) hier, a \u00e9t\u00e9 \u00e9cart\u00e9 de la rencontre Liverpool-Arsenal pr\u00e9vue ce dimanche 31 ao\u00fbt. Selon The Athletic, l\u2019organisme en charge de l\u2019arbitrage en Angleterre (PGMOL) a reconnu une erreur d\u2019intervention lors du \u00ab West London derby \u00bb. L\u2019action litigieuse concernait un but refus\u00e9 \u00e0 Fulham pour une faute jug\u00e9e tr\u00e8s l\u00e9g\u00e8re en amont, une d\u00e9cision vivement critiqu\u00e9e apr\u00e8s la rencontre par l\u2019entra\u00eeneur des Cottagers, Marco Silva.<\/p>\n<p>            La suite apr\u00e8s cette publicit\u00e9<\/p>\n<p>En effet, le PGMOL a estim\u00e9 qu\u2019il n\u2019aurait pas d\u00fb y avoir d\u2019intervention du VAR dans cette situation et a pr\u00e9sent\u00e9 ses excuses au club londonien. Le directeur de l\u2019instance a m\u00eame pris contact avec Fulham pour revenir sur l\u2019incident. En cons\u00e9quence, Salisbury ne sera pas au poste de VAR ce dimanche \u00e0 Anfield. Il sera remplac\u00e9 par John Brooks pour le choc de <a href=\"https:\/\/www.footmercato.net\/angleterre\/premier-league\/\" rel=\"nofollow noopener\" target=\"_blank\">Premier League<\/a> entre <a href=\"https:\/\/www.footmercato.net\/club\/liverpool\/\" rel=\"nofollow noopener\" target=\"_blank\">Liverpool<\/a> et <a href=\"https:\/\/www.footmercato.net\/club\/arsenal\/\" rel=\"nofollow noopener\" target=\"_blank\">Arsenal<\/a> ce dimanche \u00e0 17h30.<\/p>\n<p>\n    Pub. le 31\/08\/2025 16:47<br \/>\n            &#8211; MAJ le 31\/08\/2025 17:22\n    <\/p>\n","protected":false},"excerpt":{"rendered":"Michael Salisbury, en charge du VAR lors du match entre Chelsea et Fulham (2-0) hier, a \u00e9t\u00e9 \u00e9cart\u00e9&hellip;\n","protected":false},"author":2,"featured_media":233,"comment_status":"","ping_status":"","sticky":false,"template":"","format":"standard","meta":{"footnotes":""},"categories":[1410],"tags":[63,1011,27,60],"class_list":{"0":"post-356640","1":"post","2":"type-post","3":"status-publish","4":"format-standard","5":"has-post-thumbnail","7":"category-football","8":"tag-football","9":"tag-fr","10":"tag-france","11":"tag-sports"},"share_on_mastodon":{"url":"https:\/\/pubeurope.com\/@fr\/115124129193021208","error":""},"_links":{"self":[{"href":"https:\/\/www.europesays.com\/fr\/wp-json\/wp\/v2\/posts\/356640","targetHints":{"allow":["GET"]}}],"collection":[{"href":"https:\/\/www.europesays.com\/fr\/wp-json\/wp\/v2\/posts"}],"about":[{"href":"https:\/\/www.europesays.com\/fr\/wp-json\/wp\/v2\/types\/post"}],"author":[{"embeddable":true,"href":"https:\/\/www.europesays.com\/fr\/wp-json\/wp\/v2\/users\/2"}],"replies":[{"embeddable":true,"href":"https:\/\/www.europesays.com\/fr\/wp-json\/wp\/v2\/comments?post=356640"}],"version-history":[{"count":0,"href":"https:\/\/www.europesays.com\/fr\/wp-json\/wp\/v2\/posts\/356640\/revisions"}],"wp:featuredmedia":[{"embeddable":true,"href":"https:\/\/www.europesays.com\/fr\/wp-json\/wp\/v2\/media\/233"}],"wp:attachment":[{"href":"https:\/\/www.europesays.com\/fr\/wp-json\/wp\/v2\/media?parent=356640"}],"wp:term":[{"taxonomy":"category","embeddable":true,"href":"https:\/\/www.europesays.com\/fr\/wp-json\/wp\/v2\/categories?post=356640"},{"taxonomy":"post_tag","embeddable":true,"href":"https:\/\/www.europesays.com\/fr\/wp-json\/wp\/v2\/tags?post=356640"}],"curies":[{"name":"wp","href":"https:\/\/api.w.org\/{rel}","templated":true}]}}