{"id":356645,"date":"2025-08-31T15:41:28","date_gmt":"2025-08-31T15:41:28","guid":{"rendered":"https:\/\/www.europesays.com\/fr\/356645\/"},"modified":"2025-08-31T15:41:28","modified_gmt":"2025-08-31T15:41:28","slug":"ce-livre-a-ete-une-veritable-therapie-lancien-maire-de-pont-audemer-publie-ses-memoires","status":"publish","type":"post","link":"https:\/\/www.europesays.com\/fr\/356645\/","title":{"rendered":"\u00ab\u00a0Ce livre a \u00e9t\u00e9 une v\u00e9ritable th\u00e9rapie\u00a0\u00bb. L&rsquo;ancien maire de Pont-Audemer publie ses m\u00e9moires"},"content":{"rendered":"<p>            Par<br \/>\n        <strong><br \/>\n            <a href=\"https:\/\/actu.fr\/auteur\/journaliste-pontaudemer\" title=\"Consulter tous les articles de R\u00e9daction Pont-Audemer\" rel=\"nofollow noopener\" target=\"_blank\">R\u00e9daction Pont-Audemer<\/a><br \/>\n        <\/strong><\/p>\n<p>        Publi\u00e9 le<\/p>\n<p>            31 ao\u00fbt 2025 \u00e0 16h06        <\/p>\n<p>\u00ab La r\u00e9daction de ce livre, qui est \u00e9galement le r\u00e9sultat d\u2019un beau travail collectif, a \u00e9t\u00e9 pour moi une v\u00e9ritable th\u00e9rapie \u00bb, commente l\u2019ancien premier \u00e9dile de <a href=\"https:\/\/actu.fr\/normandie\/pont-audemer_27467\" rel=\"nofollow noopener\" target=\"_blank\">Pont-Audemer<\/a> (Eure) et ex-pr\u00e9sident de la Communaut\u00e9 de communes Pont-Audemer-Val-de-Risle. Suite \u00e0 son grave probl\u00e8me de sant\u00e9 (un accident vasculaire c\u00e9r\u00e9bral) survenu le 23 septembre 2020, <b>Michel Leroux<\/b> a pris plume, t\u00e9l\u00e9phone et tablette pour r\u00e9diger ses m\u00e9moires.<\/p>\n<p class=\" wall-content\">Le r\u00e9sum\u00e9 d\u2019une vie d\u2019un jeune non dipl\u00f4m\u00e9, mal \u00e0 l\u2019aise dans le moule scolaire traditionnel. Un pur fruit de l\u2019\u00e9ducation populaire :<\/p>\n<blockquote class=\"ac-article-quote wall-content\">\n<p>J\u2019ai toujours aim\u00e9 me trouver au contact des autres et j\u2019ai eu sans cesse un go\u00fbt d\u2019entreprendre.<\/p>\n<p>Michel Leroux<\/p><\/blockquote>\n<p class=\" wall-content\">L\u2019ancien maire vient de sortir, dans le courant de ce mois d\u2019ao\u00fbt, un ouvrage de 280 pages au titre \u00e9vocateur <b>La rampe et l\u2019\u00e9charpe<\/b>. Cette rampe, professionnelle d\u2019abord, il l\u2019a longtemps tenue, depuis son int\u00e9gration aux Francas, en 1967, lui, le gamin de <a href=\"https:\/\/actu.fr\/normandie\/cleon_76178\" rel=\"nofollow noopener\" target=\"_blank\">Cl\u00e9on<\/a> (Seine-Maritime) qui gravira l\u2019escalier, et m\u00eame l\u2019ascenseur social, pour acc\u00e9der aux hautes fonctions municipales et intercommunales, apr\u00e8s \u00eatre pass\u00e9 par des postes de direction g\u00e9n\u00e9rale des services dans les communes de <a href=\"https:\/\/actu.fr\/normandie\/petit-couronne_76497\" rel=\"nofollow noopener\" target=\"_blank\">Petit-Couronne<\/a> et Pont-Audemer :<\/p>\n<blockquote class=\"ac-article-quote wall-content\">\n<p>M\u2019occuper des enfants, rencontrer les autres, travailler pour mes semblables, apprendre \u00e0 se battre dans un esprit juste et collectif, ont motiv\u00e9 ma logique d\u2019entreprendre dans la fonction publique<\/p>\n<p>Michel Leroux<\/p><\/blockquote>\n<p>Vid\u00e9os : en ce moment sur Actu<\/p>\n<p class=\" wall-content\">De Lillebonne aux villes pr\u00e9c\u00e9demment cit\u00e9es, il n\u2019a cess\u00e9 de grimper cet escalier l\u2019ayant men\u00e9 \u00e0 des sommets professionnels, ceci par le biais de formations successives, d\u2019obtentions de titres et de dipl\u00f4mes.<\/p>\n<p>Son combat pour remonter la pente<\/p>\n<p class=\" wall-content\">Mais cette rampe, l\u2019ancien maire l\u2019a encore tenue d\u2019une main plus h\u00e9sitante apr\u00e8s le 23\u00a0septembre 2020, suite \u00e0 son AVC survenu lors de son troisi\u00e8me mandat municipal : \u00ab Alors qu\u2019apr\u00e8s de longs jours de vie quasi v\u00e9g\u00e9tative, j\u2019ouvrais enfin les yeux, mon \u00e9pouse Anne-Marie, nos filles Am\u00e9lie et Charlotte, me faisaient parvenir un texte tr\u00e8s touchant relatant ma nouvelle situation et la conclusion de ce message \u00e9crit \u00e9tait le suivant : Papa, maintenant, tu peux continuer si tu le veux. \u00bb<\/p>\n<p>Votre r\u00e9gion, votre actu !<\/p>\n<p>Recevez chaque jour les infos qui comptent pour vous.<\/p>\n<p>\t<a href=\"https:\/\/actu.fr\/newsletter\" class=\"ac-btn ac-btn--corner ac-btn--medium ac-btn--blue800\" rel=\"nofollow noopener\" target=\"_blank\">S&rsquo;incrire<\/a><\/p>\n<p class=\" wall-content\">Encourag\u00e9 par de nombreux amis, notamment l\u2019ex dirigeant d\u2019Intermarch\u00e9 Pont-Audemer<b> Dominique P\u00e9rier<\/b> et son adjoint <b>Gilles Gr\u00e9aume<\/b>, celui qui est Pont-Audem\u00e9rien depuis trois d\u00e9cennies commen\u00e7ait alors \u00e0 rassembler, non sans efforts m\u00e9moriels et physiques, des souvenirs de tranches de vie, notamment ceux ayant trait \u00e0 sa lente remont\u00e9e des ab\u00eemes suite \u00e0 son accident c\u00e9r\u00e9bral, ces \u00e9l\u00e9ments constituant, peu \u00e0 peu, maillon apr\u00e8s maillon, une cha\u00eene s\u2019allongeant de mani\u00e8re coh\u00e9rente au fil du temps :<\/p>\n<p class=\" wall-content\">\u00ab Ce travail fut \u00e9galement pour moi un exercice int\u00e9ressant sur le plan moteur, notamment pour la r\u00e9\u00e9ducation de ma main droite. Mais \u00e0 vrai dire, tout est venu assez simplement \u00bb, confie Michel Leroux qui, bien vite, contacta des connaissances, re\u00e7ut des t\u00e9moignages parfois touchants d\u2019anciens collaborateurs devenus amis : \u00ab Tout cela m\u2019a pos\u00e9 beaucoup de questions, car je ne pouvais pas tout mettre dans ce modeste livre malgr\u00e9 les requ\u00eates de l\u2019un ou de l\u2019autre me disant, par exemple, qu\u2019il fallait parler de Lillebonne car vous avez fait des choses qui existent encore. \u00bb<\/p>\n<p>D\u00e9couvrir une page de l\u2019histoire de Pont-Audemer<\/p>\n<p class=\" wall-content\">Pr\u00e9fac\u00e9 par <b>Pierre Riou<\/b>, l\u2019incontournable fondateur de <b>Riou Glass<\/b>, et par <b>Robuste Odin<\/b>, l\u2019atypique sculpteur et c\u00e9ramiste rislois de <a href=\"https:\/\/actu.fr\/normandie\/pont-audemer_27467\/pont-audemer-le-duo-dartistes-de-la-robustinie-publie-un-premier-ouvrage-original_62775155.html\" rel=\"nofollow noopener\" target=\"_blank\">la Robustinie<\/a>, \u00e0 Pont-Audemer, le r\u00e9cit que livre Michel Leroux est avant tout celui d\u2019une passion, d\u2019un engagement pour sa commune d\u2019adoption, Pont-Audemer, pour ses habitants aux attentes multiples et pour ses enjeux sociaux, \u00e9cologiques, politiques, \u00e9conomiques : \u00ab Rien n\u2019avait \u00e9t\u00e9 fait sur la Venise Normande relatif \u00e0 ces trois derni\u00e8res d\u00e9cennies \u00bb, dit-il.<\/p>\n<p class=\" wall-content\">\u00ab Port\u00e9 par une volont\u00e9 sans faille de faire avancer sa ville et son territoire \u00bb, dixit Pierre Riou, Michel Leroux revient ainsi sur des sujets qui ont marqu\u00e9 ses diff\u00e9rents mandats, \u00e0 l\u2019image de l\u2019inauguration du th\u00e9\u00e2tre l\u2019Eclat, la lente et incertaine reconversion <b>des tanneries Costil<\/b>, <a href=\"https:\/\/actu.fr\/normandie\/pont-audemer_27467\/pont-audemer-quatre-ans-apres-les-travaux-la-passe-a-poissons-a-t-elle-fait-ses-preuves_62706326.html\" rel=\"nofollow noopener\" target=\"_blank\">la \u00ab lib\u00e9ration \u00bb de la Risle<\/a> pour permettre aux poissons de remonter ce petit fleuve c\u00f4tier, citant, entre autres, au passage les pr\u00e9noms de C\u00e9cile, Manuella, Nelly, G\u00e9rard, \u00ab des personnages extraordinaires rencontr\u00e9s dans ma pratique d\u2019\u00e9lu \u00bb, assure-t-il.<\/p>\n<p>Ces personnes qui l\u2019ont marqu\u00e9<\/p>\n<p class=\" wall-content\">Mais cet ouvrage rend \u00e9galement hommage \u00e0 des personnes qui ont beaucoup compt\u00e9 pour l\u2019auteur, \u00e0 l\u2019image, au hasard de la lecture, des docteurs <b>Michel Paris<\/b> et <b>Fran\u00e7ois Lemarchand<\/b>, du champion olympique Alexis Vastine, d<b>\u2018Isabelle Courtois<\/b>, ex-directrice g\u00e9n\u00e9rale des services de Pont-Audemer et de la Communaut\u00e9 de communes\u2026 Avec un regard aiguis\u00e9 sur le handicap, l\u2019homme \u00e0 l\u2019\u00e9charpe tricolore, qui a r\u00e9veill\u00e9 la \u00ab Belle endormie \u00bb que fut longtemps cette petite ville de l\u2019Eure, donne ainsi un t\u00e9moignage passionnant \u00e0 tous ceux qui sont engag\u00e9s dans la vie communale mais aussi \u00e0 celles et ceux qui ont fait l\u2019exp\u00e9rience d\u2019un arr\u00eat brutal de leur activit\u00e9 pour diverses raisons.<\/p>\n<p class=\" wall-content\">\u00ab Si j\u2019ai fig\u00e9 sur le papier ce r\u00e9cit d\u2019une aventure humaine, c\u2019est en pensant \u00e0 ma famille, mais aussi \u00e0 tous les concitoyens au service desquels j\u2019ai pass\u00e9 ma vie, notamment les Pont-Audem\u00e9riens qui d\u00e9couvriront un pan de l\u2019histoire de leur ville, ainsi qu\u2019\u00e0 toutes les personnes qui ont contribu\u00e9 \u00e0 ce que je puisse le faire \u00bb, conclut le successeur de <b>Jean-Louis Destans <\/b>puis de <b>Gaston Lecureur <\/b>\u00e0 la t\u00eate de la mairie pont-audem\u00e9rienne.<\/p>\n<p class=\" wall-content\"><b>De notre correspondant Pierre Lecocq<\/b><\/p>\n<p>La rampe et l\u2019\u00e9charpe, de Michel Leroux. Ouvrage imprim\u00e9 localement par C\u2019Sibo, disponible \u00e0 Pont-Audemer, au prix de 19,90 euros, \u00e0 la librairie Mille-Feuilles situ\u00e9e rue de la R\u00e9publique, \u00e0 la Maison de la Presse, Place du Pot d\u2019Etain, ou encore chez l\u2019auteur, par mail \u00e0 l\u2019adresse <a href=\"https:\/\/actu.fr\/cdn-cgi\/l\/email-protection\" class=\"__cf_email__\" data-cfemail=\"d4b9b5b8b5e4e6e6e294bba6b5bab3b1fab2a6\" rel=\"nofollow noopener\" target=\"_blank\">[email\u00a0protected]<\/a><\/p>\n<p class=\" wall-content\">Personnalisez votre actualit\u00e9 en ajoutant vos villes et m\u00e9dias en favori avec <a href=\"https:\/\/moncompte.actu.fr\" title=\"D\u00e9couvez Mon Actu\" rel=\"nofollow noopener\" data-trk=\"{&quot;cta&quot;:{&quot;action&quot;:&quot;https:\\\/\\\/moncompte.actu.fr&quot;,&quot;category&quot;:&quot;mon compte&quot;,&quot;from&quot;:&quot;article footer&quot;,&quot;name&quot;:&quot;Mon actu&quot;,&quot;type&quot;:&quot;cta&quot;}}\" target=\"_blank\">Mon Actu<\/a>.<\/p>\n","protected":false},"excerpt":{"rendered":"Par R\u00e9daction Pont-Audemer Publi\u00e9 le 31 ao\u00fbt 2025 \u00e0 16h06 \u00ab La r\u00e9daction de ce livre, qui est&hellip;\n","protected":false},"author":2,"featured_media":356646,"comment_status":"","ping_status":"","sticky":false,"template":"","format":"standard","meta":{"footnotes":""},"categories":[1357],"tags":[1379,58,59,1011,27,1380,104],"class_list":{"0":"post-356645","1":"post","2":"type-post","3":"status-publish","4":"format-standard","5":"has-post-thumbnail","7":"category-livres","8":"tag-books","9":"tag-divertissement","10":"tag-entertainment","11":"tag-fr","12":"tag-france","13":"tag-livres","14":"tag-societe"},"share_on_mastodon":{"url":"https:\/\/pubeurope.com\/@fr\/115124141033256896","error":""},"_links":{"self":[{"href":"https:\/\/www.europesays.com\/fr\/wp-json\/wp\/v2\/posts\/356645","targetHints":{"allow":["GET"]}}],"collection":[{"href":"https:\/\/www.europesays.com\/fr\/wp-json\/wp\/v2\/posts"}],"about":[{"href":"https:\/\/www.europesays.com\/fr\/wp-json\/wp\/v2\/types\/post"}],"author":[{"embeddable":true,"href":"https:\/\/www.europesays.com\/fr\/wp-json\/wp\/v2\/users\/2"}],"replies":[{"embeddable":true,"href":"https:\/\/www.europesays.com\/fr\/wp-json\/wp\/v2\/comments?post=356645"}],"version-history":[{"count":0,"href":"https:\/\/www.europesays.com\/fr\/wp-json\/wp\/v2\/posts\/356645\/revisions"}],"wp:featuredmedia":[{"embeddable":true,"href":"https:\/\/www.europesays.com\/fr\/wp-json\/wp\/v2\/media\/356646"}],"wp:attachment":[{"href":"https:\/\/www.europesays.com\/fr\/wp-json\/wp\/v2\/media?parent=356645"}],"wp:term":[{"taxonomy":"category","embeddable":true,"href":"https:\/\/www.europesays.com\/fr\/wp-json\/wp\/v2\/categories?post=356645"},{"taxonomy":"post_tag","embeddable":true,"href":"https:\/\/www.europesays.com\/fr\/wp-json\/wp\/v2\/tags?post=356645"}],"curies":[{"name":"wp","href":"https:\/\/api.w.org\/{rel}","templated":true}]}}