{"id":356647,"date":"2025-08-31T15:42:13","date_gmt":"2025-08-31T15:42:13","guid":{"rendered":"https:\/\/www.europesays.com\/fr\/356647\/"},"modified":"2025-08-31T15:42:13","modified_gmt":"2025-08-31T15:42:13","slug":"formule-remodelee-chroniqueurs-anne-elisabeth-lemoine-et-mohamed-bouhafsi-devoilent-les-nouveautes-de-c-a-vous","status":"publish","type":"post","link":"https:\/\/www.europesays.com\/fr\/356647\/","title":{"rendered":"Formule remodel\u00e9e, chroniqueurs,\u2026 Anne-\u00c9lisabeth Lemoine et Mohamed Bouhafsi d\u00e9voilent les nouveaut\u00e9s de \u00ab\u00a0C \u00e0 vous\u00a0\u00bb"},"content":{"rendered":"<p class=\"paragraph text_align_left lp-f-body-02\">Nous les rencontrons en pleines r\u00e9p\u00e9titions, quelques jours avant la rentr\u00e9e. Si <a href=\"https:\/\/www.leparisien.fr\/culture-loisirs\/tv\/c-a-vous-bouge-a-la-rentree-anne-elisabeth-lemoine-du-lundi-au-jeudi-mohamed-bouhafsi-en-fin-de-semaine-03-07-2025-Y4EWZHXJERBWBIMRMAJ4KLDPE4.php\" target=\"_blank\" rel=\"noreferrer nofollow noopener\">Anne-\u00c9lisabeth Lemoine<\/a> est rod\u00e9e \u00e0 l\u2019exercice, Mohamed Bouhafsi s\u2019appr\u00eate \u00e0 sauter dans le grand bain de \u00ab C \u00e0 vous \u00bb. <a href=\"https:\/\/www.leparisien.fr\/culture-loisirs\/tv\/mohamed-bouhafsi-quitte-rtl-pour-se-concentrer-sur-la-presentation-de-c-a-vous-05-07-2025-TZXENHVVQBFCPPNRLDYJO7CHE4.php\" target=\"_blank\" rel=\"noreferrer nofollow noopener\">L\u2019ex-chroniqueur devient, cette saison, animateur<\/a> les vendredis et samedis, tandis que \u00ab Babeth \u00bb garde les commandes du lundi au jeudi. C\u2019est elle qui donnera le coup d\u2019envoi de sa neuvi\u00e8me saison \u00e0 la t\u00eate du programme, ce lundi 1er septembre \u00e0 19 heures sur France 5. Dans les jardins qui jouxtent le loft de l\u2019\u00e9mission, ils nous pr\u00e9sentent les changements \u00e0 venir.<\/p>\n<p class=\"paragraph text_align_left lp-f-body-02\"><b>L\u2019\u00e9mission \u00e9volue cette ann\u00e9e. Anne-\u00c9lisabeth, vous passez du lundi au jeudi, et vous Mohamed, vous r\u00e9cup\u00e9rez le vendredi et le samedi, sous la m\u00eame marque \u00ab C \u00e0 vous \u00bb. Anne-Elisabeth, pourquoi avez-vous choisi de renoncer au vendredi ?<\/b><\/p>\n","protected":false},"excerpt":{"rendered":"Nous les rencontrons en pleines r\u00e9p\u00e9titions, quelques jours avant la rentr\u00e9e. Si Anne-\u00c9lisabeth Lemoine est rod\u00e9e \u00e0 l\u2019exercice,&hellip;\n","protected":false},"author":2,"featured_media":356648,"comment_status":"","ping_status":"","sticky":false,"template":"","format":"standard","meta":{"footnotes":""},"categories":[1356],"tags":[872,58,59,1011,27,252,2205,1364],"class_list":{"0":"post-356647","1":"post","2":"type-post","3":"status-publish","4":"format-standard","5":"has-post-thumbnail","7":"category-television","8":"tag-culture-et-loisirs","9":"tag-divertissement","10":"tag-entertainment","11":"tag-fr","12":"tag-france","13":"tag-television","14":"tag-television-medias","15":"tag-tv"},"share_on_mastodon":{"url":"https:\/\/pubeurope.com\/@fr\/115124144958955921","error":""},"_links":{"self":[{"href":"https:\/\/www.europesays.com\/fr\/wp-json\/wp\/v2\/posts\/356647","targetHints":{"allow":["GET"]}}],"collection":[{"href":"https:\/\/www.europesays.com\/fr\/wp-json\/wp\/v2\/posts"}],"about":[{"href":"https:\/\/www.europesays.com\/fr\/wp-json\/wp\/v2\/types\/post"}],"author":[{"embeddable":true,"href":"https:\/\/www.europesays.com\/fr\/wp-json\/wp\/v2\/users\/2"}],"replies":[{"embeddable":true,"href":"https:\/\/www.europesays.com\/fr\/wp-json\/wp\/v2\/comments?post=356647"}],"version-history":[{"count":0,"href":"https:\/\/www.europesays.com\/fr\/wp-json\/wp\/v2\/posts\/356647\/revisions"}],"wp:featuredmedia":[{"embeddable":true,"href":"https:\/\/www.europesays.com\/fr\/wp-json\/wp\/v2\/media\/356648"}],"wp:attachment":[{"href":"https:\/\/www.europesays.com\/fr\/wp-json\/wp\/v2\/media?parent=356647"}],"wp:term":[{"taxonomy":"category","embeddable":true,"href":"https:\/\/www.europesays.com\/fr\/wp-json\/wp\/v2\/categories?post=356647"},{"taxonomy":"post_tag","embeddable":true,"href":"https:\/\/www.europesays.com\/fr\/wp-json\/wp\/v2\/tags?post=356647"}],"curies":[{"name":"wp","href":"https:\/\/api.w.org\/{rel}","templated":true}]}}