{"id":356649,"date":"2025-08-31T15:43:09","date_gmt":"2025-08-31T15:43:09","guid":{"rendered":"https:\/\/www.europesays.com\/fr\/356649\/"},"modified":"2025-08-31T15:43:09","modified_gmt":"2025-08-31T15:43:09","slug":"charpentier-le-plus-suivi-du-monde-vianney-celebre-son-million-dabonnes-sur-instagram-sa-cabane-prend-forme","status":"publish","type":"post","link":"https:\/\/www.europesays.com\/fr\/356649\/","title":{"rendered":"\u00ab\u00a0Charpentier le plus suivi du monde\u00a0\u00bb : Vianney c\u00e9l\u00e8bre son million d&rsquo;abonn\u00e9s sur Instagram, sa cabane prend forme"},"content":{"rendered":"<p>      R\u00e9sum\u00e9<\/p>\n<p>Vianney met sa carri\u00e8re musicale entre parenth\u00e8ses pour construire seul une cabane en pleine nature, partageant ses progr\u00e8s et c\u00e9l\u00e9brant un million d\u2019abonn\u00e9s sur Instagram.<\/p>\n<p>        Sommaire<\/p>\n<p>Vianney s&rsquo;est d\u00e9couvert une passion nouvelle. <strong>Loin de la sc\u00e8ne et de la musique<\/strong>, qu&rsquo;il a volontairement mises entre parenth\u00e8ses, le chanteur et p\u00e8re de famille s&rsquo;accomplit depuis plusieurs mois <a href=\"https:\/\/www.public.fr\/vianney-apres-avoir-arrete-la-musique-il-sisole-dans-une-cabane-dans-les-bois-que-se-passe-t-il\" target=\"_blank\" rel=\"noopener\">en pleine nature<\/a>. <strong>Vianney construit sa propre cabane, seul<\/strong>, et les mois passant, celle-ci commence \u00e0 prendre forme. Apr\u00e8s avoir publi\u00e9 une premi\u00e8re vid\u00e9o dans laquelle il d\u00e9voilait les premi\u00e8res \u00e9tapes de la construction, l&rsquo;ex-coach de The Voice vient d&rsquo;en sortir une seconde, dans laquelle il r\u00e9v\u00e8le l&rsquo;avanc\u00e9e.<\/p>\n<p>Et autant dire que la cabane prend forme ! Et s&rsquo;il y a une seule chose qui le prouve, ce sont s\u00fbrement toutes les entailles et autres petits bobos que s&rsquo;est faits le chanteur depuis qu&rsquo;il a d\u00e9marr\u00e9 sa construction. Mais qu&rsquo;importe les blessures, <strong>Vianney ira au bout des r\u00eaves<\/strong>. Et symbole oblige, comme r\u00e9v\u00e9l\u00e9 par le charpentier et menuisier en herbe, un cap vient d&rsquo;\u00eatre franchi. Mais pas n&rsquo;importe lequel ! <strong>Celui du million de fans sur Instagram<\/strong>&#8230;<\/p>\n<p>Vianney veut rendre Edgar fier<\/p>\n<p>\u00ab\u00a0Le jour, j\u2019\u00e9cor\u00e7ais mes troncs. La nuit, je r\u00eavais que je le faisais. Je me suis d\u00e9couvert des douleurs inconnues et m\u2019en suis senti chanceux. Merci de me soutenir dans ce chemin\u00a0\u00bb a \u00e9crit Vianney. Le chanteur, <strong>qui est pressenti pour repr\u00e9senter la France \u00e0 l&rsquo;Eurovision<\/strong> selon des informations que vous a r\u00e9v\u00e9l\u00e9es Public en kiosques ce vendredi 29 ao\u00fbt, a re\u00e7u le soutien de nombreuses c\u00e9l\u00e9brit\u00e9s. Parmi elles, on peut citer <strong>Nikos Aliagas<\/strong> par exemple, mais \u00e9galement <a href=\"https:\/\/vsd.fr\/59846-le-sida-on-ne-le-traitait-pas-a-lepoque-chris-marques-se-confie-sur-son-combat-contre-la-maladie\/\" target=\"_blank\" rel=\"noopener\">Chris Marques<\/a>, Zaz ou encore Lorie Pester.<\/p>\n<p>Dans une s\u00e9rie de photos et vid\u00e9os qu&rsquo;a \u00e9galement post\u00e9es Vianney, le papa combl\u00e9 a publi\u00e9 un magnifique audio de <strong>son fils ch\u00e9ri<\/strong>. <a href=\"https:\/\/www.public.fr\/vianney-papa-comble-il-devoile-de-rares-images-de-son-fils-et-de-sa-belle-fille\" target=\"_blank\" rel=\"noopener\">Edgar, qui soufflera sa quatri\u00e8me bougie<\/a> dans quelques semaines, est au courant du projet fou qu&rsquo;accomplit son papa depuis plusieurs mois. Et il n&rsquo;a qu&rsquo;une seule h\u00e2te : qu&rsquo;il arrive \u00e0 bout de celui-ci ! <strong>\u00ab\u00a0La cabane, elle sera pr\u00eate quand je serai grand ?\u00a0\u00bb <\/strong>a demand\u00e9 Edgar \u00e0 son papa&#8230; Une magnifique vid\u00e9o pour un magnifique projet de vie.<\/p>\n<p>      Mentionn\u00e9s dans cet article<\/p>\n<p>      Sur le m\u00eame sujet<\/p>\n","protected":false},"excerpt":{"rendered":"R\u00e9sum\u00e9 Vianney met sa carri\u00e8re musicale entre parenth\u00e8ses pour construire seul une cabane en pleine nature, partageant ses&hellip;\n","protected":false},"author":2,"featured_media":356650,"comment_status":"","ping_status":"","sticky":false,"template":"","format":"standard","meta":{"footnotes":""},"categories":[1355],"tags":[58,59,1011,27,2440,1361,873,2742,8475],"class_list":{"0":"post-356649","1":"post","2":"type-post","3":"status-publish","4":"format-standard","5":"has-post-thumbnail","7":"category-musique","8":"tag-divertissement","9":"tag-entertainment","10":"tag-fr","11":"tag-france","12":"tag-instagram","13":"tag-music","14":"tag-musique","15":"tag-nature","16":"tag-vianney"},"share_on_mastodon":{"url":"https:\/\/pubeurope.com\/@fr\/115124149000513930","error":""},"_links":{"self":[{"href":"https:\/\/www.europesays.com\/fr\/wp-json\/wp\/v2\/posts\/356649","targetHints":{"allow":["GET"]}}],"collection":[{"href":"https:\/\/www.europesays.com\/fr\/wp-json\/wp\/v2\/posts"}],"about":[{"href":"https:\/\/www.europesays.com\/fr\/wp-json\/wp\/v2\/types\/post"}],"author":[{"embeddable":true,"href":"https:\/\/www.europesays.com\/fr\/wp-json\/wp\/v2\/users\/2"}],"replies":[{"embeddable":true,"href":"https:\/\/www.europesays.com\/fr\/wp-json\/wp\/v2\/comments?post=356649"}],"version-history":[{"count":0,"href":"https:\/\/www.europesays.com\/fr\/wp-json\/wp\/v2\/posts\/356649\/revisions"}],"wp:featuredmedia":[{"embeddable":true,"href":"https:\/\/www.europesays.com\/fr\/wp-json\/wp\/v2\/media\/356650"}],"wp:attachment":[{"href":"https:\/\/www.europesays.com\/fr\/wp-json\/wp\/v2\/media?parent=356649"}],"wp:term":[{"taxonomy":"category","embeddable":true,"href":"https:\/\/www.europesays.com\/fr\/wp-json\/wp\/v2\/categories?post=356649"},{"taxonomy":"post_tag","embeddable":true,"href":"https:\/\/www.europesays.com\/fr\/wp-json\/wp\/v2\/tags?post=356649"}],"curies":[{"name":"wp","href":"https:\/\/api.w.org\/{rel}","templated":true}]}}