{"id":356656,"date":"2025-08-31T15:52:11","date_gmt":"2025-08-31T15:52:11","guid":{"rendered":"https:\/\/www.europesays.com\/fr\/356656\/"},"modified":"2025-08-31T15:52:11","modified_gmt":"2025-08-31T15:52:11","slug":"mort-de-gege-koh-lanta-sa-famille-ne-peut-pas-payer-ses-obseques-et-lance-un-appel","status":"publish","type":"post","link":"https:\/\/www.europesays.com\/fr\/356656\/","title":{"rendered":"Mort de G\u00e9g\u00e9 (Koh-Lanta) : sa famille ne peut pas payer ses obs\u00e8ques et lance un appel"},"content":{"rendered":"<p>      R\u00e9sum\u00e9<\/p>\n<p>G\u00e9rard Icardi, ex-candidat de Koh-Lanta, est d\u00e9c\u00e9d\u00e9, et sa famille peine \u00e0 financer ses obs\u00e8ques, lan\u00e7ant un appel \u00e0 la solidarit\u00e9 face \u00e0 cette difficult\u00e9.<\/p>\n<p>        Sommaire<\/p>\n<p>Il avait connu une importante notori\u00e9t\u00e9 au milieu des ann\u00e9es 2010. <strong>G\u00e9rard Icardi avait particip\u00e9 \u00e0 Koh-Lanta : Raja Ampat en 2011<\/strong>, cette m\u00eame saison qui a r\u00e9v\u00e9l\u00e9 <a href=\"https:\/\/www.public.fr\/tag\/laurent-maistret\" target=\"_blank\" rel=\"noopener\">Laurent Maistret<\/a> et <a href=\"https:\/\/www.public.fr\/teheiura-laventurier-de-koh-lanta-revele-la-maladie-de-son-fils-il-ne-parle-pas-et-ne-marche-pas\" target=\"_blank\" rel=\"noopener\">Teheiura Teahui<\/a>. G\u00e9g\u00e9, pour les intimes, avait ensuite particip\u00e9 \u00e0 l&rsquo;\u00e9mission Splash : Le grand plongeon. L&rsquo;homme est d\u00e9c\u00e9d\u00e9 <strong>dans la nuit du 27 au 28 ao\u00fbt \u00e0 l&rsquo;\u00e2ge de 79 ans<\/strong>. C&rsquo;est le fils du d\u00e9funt, Fran\u00e7ois, qui en a fait la triste annonce sur ses r\u00e9seaux sociaux dans la foul\u00e9e&#8230;<br \/>\u00ab\u00a0A tous ceux qui ont connu G\u00e9g\u00e9, j&rsquo;ai une mauvaise nouvelle \u00e0 vous annoncer. Il nous a quitt\u00e9s cette nuit\u00a0\u00bb a ainsi \u00e9crit, simplement, le fils de l&rsquo;aventurier. <a href=\"https:\/\/www.public.fr\/koh-lanta-mort-dun-emblematique-candidat-de-la-saison-11\" target=\"_blank\" rel=\"noopener\">Les circonstances exactes du d\u00e9c\u00e8s de G\u00e9g\u00e9<\/a> n&rsquo;ont pas \u00e9t\u00e9 communiqu\u00e9es par son fils. Mais son enterrement, qui doit avoir lieu dans quelques jours, rencontre quelques difficult\u00e9s. Et pour cause : <strong>la famille Icardi n&rsquo;est pas en mesure d&rsquo;honorer les frais et appelle \u00e0 l&rsquo;aide<\/strong>.<\/p>\n<p>L&rsquo;\u00e9pouse de G\u00e9g\u00e9 ne peut pas l&rsquo;enterrer dignement<\/p>\n<p>En effet, toujours via ses r\u00e9seaux sociaux, Fran\u00e7ois Icardi a fait savoir que l&rsquo;\u00e9pouse de son papa n&rsquo;\u00e9tait pas en mesure <strong>d&rsquo;honorer les frais de ses obs\u00e8ques<\/strong>. Ces derniers, co\u00fbteux, ne peuvent pas \u00eatre pris en charge par la famille. De fait, il compte sur la gentillesse des fans de Koh-Lanta pour leur venir en aide&#8230;<\/p>\n<p>\u00ab\u00a0Aujourd&rsquo;hui, son \u00e9pouse, d\u00e9j\u00e0 fragilis\u00e9e par une petite retraite, se retrouve confront\u00e9e \u00e0 une \u00e9preuve douloureuse : lui offrir des obs\u00e8ques dignes de l&rsquo;homme qu&rsquo;il \u00e9tait. <strong>Malheureusement, les frais sont lourds et d\u00e9passent largement ses moyens<\/strong>\u00a0\u00bb a ainsi \u00e9crit Fran\u00e7ois Icardi. En cons\u00e9quence, le fils de G\u00e9g\u00e9 a d\u00e9cid\u00e9 de lancer une cagnotte solidaire afin que des personnes puissent les aider&#8230;<\/p>\n<p>La cagnotte ne recueille (pour l&rsquo;instant) que 3 dons&#8230;<\/p>\n<p>\u00ab\u00a0Une cagnotte solidaire est lanc\u00e9e pour permettre \u00e0 G\u00e9g\u00e9 de <strong>reposer dans la dignit\u00e9 et entour\u00e9 de l&rsquo;amour de tous ceux qui l&rsquo;ont connu et appr\u00e9ci\u00e9<\/strong>, que ce soit dans la vie, ou \u00e0 travers l&rsquo;\u00e9cran. Chaque geste, aussi petit soit-il, sera un immense soutien et un t\u00e9moignage d&rsquo;affection envers lui et sa famille\u00a0\u00bb a conclu le fils \u00e9plor\u00e9. Pour l&rsquo;heure malheureusement, <a href=\"https:\/\/www.leetchi.com\/fr\/c\/obseque-de-gege-de-koh-lanta-1146980#MoneyPot--Contributions\" target=\"_blank\" rel=\"noopener\">cette cagnotte<\/a> est un \u00e9chec puisque seules trois personnes ont accept\u00e9 d&rsquo;aider. Et la soci\u00e9t\u00e9 de production ALP, Denis Brogniart ou encore les aventuriers de Koh-Lanta qui l&rsquo;ont connu ne semblent <strong>pas enclins \u00e0 d\u00e9penser le moindre centime<\/strong>&#8230;<\/p>\n<p>      Mentionn\u00e9s dans cet article<\/p>\n<p>      Sur le m\u00eame sujet<\/p>\n","protected":false},"excerpt":{"rendered":"R\u00e9sum\u00e9 G\u00e9rard Icardi, ex-candidat de Koh-Lanta, est d\u00e9c\u00e9d\u00e9, et sa famille peine \u00e0 financer ses obs\u00e8ques, lan\u00e7ant un&hellip;\n","protected":false},"author":2,"featured_media":356657,"comment_status":"","ping_status":"","sticky":false,"template":"","format":"standard","meta":{"footnotes":""},"categories":[8],"tags":[1261,1262,58,59,1011,27,15101,680,18],"class_list":{"0":"post-356656","1":"post","2":"type-post","3":"status-publish","4":"format-standard","5":"has-post-thumbnail","7":"category-divertissement","8":"tag-argent","9":"tag-cagnotte","10":"tag-divertissement","11":"tag-entertainment","12":"tag-fr","13":"tag-france","14":"tag-funerailles","15":"tag-koh-lanta","16":"tag-mort"},"share_on_mastodon":{"url":"https:\/\/pubeurope.com\/@fr\/115124184882774461","error":""},"_links":{"self":[{"href":"https:\/\/www.europesays.com\/fr\/wp-json\/wp\/v2\/posts\/356656","targetHints":{"allow":["GET"]}}],"collection":[{"href":"https:\/\/www.europesays.com\/fr\/wp-json\/wp\/v2\/posts"}],"about":[{"href":"https:\/\/www.europesays.com\/fr\/wp-json\/wp\/v2\/types\/post"}],"author":[{"embeddable":true,"href":"https:\/\/www.europesays.com\/fr\/wp-json\/wp\/v2\/users\/2"}],"replies":[{"embeddable":true,"href":"https:\/\/www.europesays.com\/fr\/wp-json\/wp\/v2\/comments?post=356656"}],"version-history":[{"count":0,"href":"https:\/\/www.europesays.com\/fr\/wp-json\/wp\/v2\/posts\/356656\/revisions"}],"wp:featuredmedia":[{"embeddable":true,"href":"https:\/\/www.europesays.com\/fr\/wp-json\/wp\/v2\/media\/356657"}],"wp:attachment":[{"href":"https:\/\/www.europesays.com\/fr\/wp-json\/wp\/v2\/media?parent=356656"}],"wp:term":[{"taxonomy":"category","embeddable":true,"href":"https:\/\/www.europesays.com\/fr\/wp-json\/wp\/v2\/categories?post=356656"},{"taxonomy":"post_tag","embeddable":true,"href":"https:\/\/www.europesays.com\/fr\/wp-json\/wp\/v2\/tags?post=356656"}],"curies":[{"name":"wp","href":"https:\/\/api.w.org\/{rel}","templated":true}]}}