{"id":356660,"date":"2025-08-31T15:54:10","date_gmt":"2025-08-31T15:54:10","guid":{"rendered":"https:\/\/www.europesays.com\/fr\/356660\/"},"modified":"2025-08-31T15:54:10","modified_gmt":"2025-08-31T15:54:10","slug":"cet-empire-recrute-sans-cv-depuis-1943","status":"publish","type":"post","link":"https:\/\/www.europesays.com\/fr\/356660\/","title":{"rendered":"cet empire recrute sans CV depuis 1943"},"content":{"rendered":"<p><strong>UNE HEURE DANS LE BUREAU &#8211;<\/strong> Chaque lundi, un dirigeant ouvre sa porte au Figaro. C\u2019est au tour de Johan Laurell, directeur g\u00e9n\u00e9ral d\u2019Ikea France.<\/p>\n<p class=\"fig-paragraph\">C\u2019est l\u2019histoire de quatre lettres qui font mouche. Quatre lettres\u00a0<a href=\"http:\/\/www.lefigaro.fr\/societes\/nous-voyageons-tous-en-classe-eco-les-secrets-du-pdg-d-ikea-pour-maintenir-des-prix-bas-20240913\" target=\"_blank\" data-fig-type=\"Article\" rel=\"noopener nofollow\" data-gtm-custom-categorie=\"navigation\" data-gtm-custom-action=\"crossclick\" data-gtm-custom-label=\"Contextuel\" data-gtm-event=\"customEventSPE\" data-fig-domain=\"LEFIGARO\">que tout le monde conna\u00eet\u00a0: Ikea<\/a>. En France, l\u2019entreprise su\u00e9doise emploie 12.000 collaborateurs r\u00e9partis dans 36 magasins et 600 personnes au si\u00e8ge. O\u00f9 se situe-t-il\u00a0? On pourrait penser \u00e0\u00a0<a href=\"http:\/\/www.lefigaro.fr\/decideurs\/management\/dans-les-tours-inspirantes-de-la-defense-la-creme-du-droit-francais-interdit-la-presence-au-bureau-apres-21-heures-20250302\" target=\"_blank\" data-fig-type=\"Article\" rel=\"noopener nofollow\" data-gtm-custom-categorie=\"navigation\" data-gtm-custom-action=\"crossclick\" data-gtm-custom-label=\"Contextuel\" data-gtm-event=\"customEventSPE\" data-fig-domain=\"LEFIGARO\">une tour en verre du quartier d\u2019affaires de La D\u00e9fense<\/a>, ou bien \u00e0 un h\u00f4tel particulier cossu du VIIIe arrondissement de Paris. Que nenni. En France comme dans n\u2019importe quel pays du monde, Ikea applique la m\u00eame logique\u00a0: le si\u00e8ge doit \u00eatre \u00abconnect\u00e9\u00bb au business et par cons\u00e9quent \u00eatre coll\u00e9 \u00e0 un magasin. C\u2019est le cas \u00e0 Plaisir, dans cette vaste zone commerciale des Yvelines.<\/p>\n<p>De nombreux enfants du pays occupent des postes \u00e0 responsabilit\u00e9s<\/p>\n<p class=\"fig-paragraph\">Les voisins\u00a0? Cultura, Decathlon ou \u00c9l\u00e9phant Bleu. Le parking des clients du magasin se confond avec celui des collaborateurs. Pour passer du magasin au si\u00e8ge, il suffit de traverser un simple trottoir. Blond, longiligne, sourire Colgate et accent charmant\u00a0: Johan Laurell tient \u00e0 nous accueillir dans le magasin, son \u00abvrai bureau, ainsi que\u2026<\/p>\n<p class=\"fig-premium-paywall__infos\">\n        Cet article est r\u00e9serv\u00e9 aux abonn\u00e9s.        Il vous reste 76% \u00e0 d\u00e9couvrir.\n    <\/p>\n<p>                <img  data- alt=\"Le Figaro\" class=\"fig-img--complete fig-img\"\/><\/p>\n<p class=\"fig-premium-paywall__title\">Vente Flash<\/p>\n<p class=\"fig-premium-paywall__subtitle\">4,99\u20ac par mois pendant 12 mois. Sans engagement<\/p>\n<p class=\"fig-premium-paywall__connect\">\n                D\u00e9j\u00e0 abonn\u00e9\u00a0?                <a class=\"fig-premium-paywall__connect-link\" href=\"https:\/\/connect.lefigaro.fr\/login?client=horizon_web&amp;type=main&amp;redirect_uri=https%3A%2F%2Fwww.lefigaro.fr%2Fdecideurs%2Fmanagement%2Fparmi-nos-salaries-il-y-a-des-familles-sur-plusieurs-generations-cet-empire-recrute-sans-cv-depuis-1943-20250831\" data-js-gtm=\"{&quot;customCategorie&quot;: &quot;conversion&quot;, &quot;customAction&quot;: &quot;before_Landing_Connexion_paywall_auto&quot;, &quot;customLabel&quot;: &quot;bGVmaWdhcm8uZnJfXzFmMDgyNGZmLWUwNmUtNmVjMC04NmRkLTkxMzFkYjQwZjZmOF9fQXJ0aWNsZQ==_\u00abParmi nos salari\u00e9s, il y a des familles sur plusieurs g\u00e9n\u00e9rations\u00bb\u00a0: cet empire recrute sans CV depuis 1943_351&quot;, &quot;customIDSPE&quot;: &quot;bGVmaWdhcm8uZnJfXzFmMDgyNGZmLWUwNmUtNmVjMC04NmRkLTkxMzFkYjQwZjZmOF9fQXJ0aWNsZQ==&quot;, &quot;event&quot;: &quot;customEventSPE&quot;}\" rel=\"nofollow noopener\" target=\"_blank\"><br \/>\n                    Connectez-vous<br \/>\n                <\/a>\n            <\/p>\n","protected":false},"excerpt":{"rendered":"UNE HEURE DANS LE BUREAU &#8211; Chaque lundi, un dirigeant ouvre sa porte au Figaro. C\u2019est au tour&hellip;\n","protected":false},"author":2,"featured_media":356661,"comment_status":"","ping_status":"","sticky":false,"template":"","format":"standard","meta":{"footnotes":""},"categories":[6],"tags":[12544,35,33,34,1011,27,714],"class_list":{"0":"post-356660","1":"post","2":"type-post","3":"status-publish","4":"format-standard","5":"has-post-thumbnail","7":"category-economie","8":"tag-bureau","9":"tag-business","10":"tag-economie","11":"tag-economy","12":"tag-fr","13":"tag-france","14":"tag-ikea"},"share_on_mastodon":{"url":"","error":""},"_links":{"self":[{"href":"https:\/\/www.europesays.com\/fr\/wp-json\/wp\/v2\/posts\/356660","targetHints":{"allow":["GET"]}}],"collection":[{"href":"https:\/\/www.europesays.com\/fr\/wp-json\/wp\/v2\/posts"}],"about":[{"href":"https:\/\/www.europesays.com\/fr\/wp-json\/wp\/v2\/types\/post"}],"author":[{"embeddable":true,"href":"https:\/\/www.europesays.com\/fr\/wp-json\/wp\/v2\/users\/2"}],"replies":[{"embeddable":true,"href":"https:\/\/www.europesays.com\/fr\/wp-json\/wp\/v2\/comments?post=356660"}],"version-history":[{"count":0,"href":"https:\/\/www.europesays.com\/fr\/wp-json\/wp\/v2\/posts\/356660\/revisions"}],"wp:featuredmedia":[{"embeddable":true,"href":"https:\/\/www.europesays.com\/fr\/wp-json\/wp\/v2\/media\/356661"}],"wp:attachment":[{"href":"https:\/\/www.europesays.com\/fr\/wp-json\/wp\/v2\/media?parent=356660"}],"wp:term":[{"taxonomy":"category","embeddable":true,"href":"https:\/\/www.europesays.com\/fr\/wp-json\/wp\/v2\/categories?post=356660"},{"taxonomy":"post_tag","embeddable":true,"href":"https:\/\/www.europesays.com\/fr\/wp-json\/wp\/v2\/tags?post=356660"}],"curies":[{"name":"wp","href":"https:\/\/api.w.org\/{rel}","templated":true}]}}