{"id":356662,"date":"2025-08-31T15:55:11","date_gmt":"2025-08-31T15:55:11","guid":{"rendered":"https:\/\/www.europesays.com\/fr\/356662\/"},"modified":"2025-08-31T15:55:11","modified_gmt":"2025-08-31T15:55:11","slug":"la-norvege-va-acheter-des-fregates-britanniques-un-revers-pour-le-francais-naval-group","status":"publish","type":"post","link":"https:\/\/www.europesays.com\/fr\/356662\/","title":{"rendered":"La Norv\u00e8ge va acheter des fr\u00e9gates britanniques, un revers pour le fran\u00e7ais Naval Group"},"content":{"rendered":"<p>                          <img loading=\"lazy\" decoding=\"async\" src=\"https:\/\/www.europesays.com\/fr\/wp-content\/uploads\/2025\/08\/3c108d4_ftp-import-images-1-x0jh0uboo1fn-5759437-01-06.jpg\" alt=\"Le premier ministre norv\u00e9gien, Jonas Gahr Store (au centre), le ministre de la d\u00e9fense norv\u00e9gien, Tore Sandvik (\u00e0 gauche), et le chef d\u2019\u00e9tat-major, Eirik Kristoffersen, informent les journalistes de l\u2019\u00e9tat d\u2019avancement de l\u2019achat de fr\u00e9gates britanniques, au bureau du premier ministre, \u00e0 Oslo, en Norv\u00e8ge, le 31\u00a0ao\u00fbt 2025. \"   width=\"664\" height=\"443\"\/>    Le premier ministre norv\u00e9gien, Jonas Gahr Store (au centre), le ministre de la d\u00e9fense norv\u00e9gien, Tore Sandvik (\u00e0 gauche), et le chef d\u2019\u00e9tat-major, Eirik Kristoffersen, informent les journalistes de l\u2019\u00e9tat d\u2019avancement de l\u2019achat de fr\u00e9gates britanniques, au bureau du premier ministre, \u00e0 Oslo, en Norv\u00e8ge, le 31\u00a0ao\u00fbt 2025.  RODRIGO FREITAS \/ AFP                          <\/p>\n<p class=\"article__paragraph  \">La Norv\u00e8ge a retenu l\u2019offre britannique pour la fourniture de ses futures fr\u00e9gates, un nouveau revers pour le fran\u00e7ais Naval Group, d\u00e9j\u00e0 \u00e9cart\u00e9 il y a quelques jours d\u2019un m\u00e9gacontrat pour des sous-marins au Canada.<\/p>\n<p class=\"article__paragraph  \">\u00ab\u00a0La Norv\u00e8ge va acheter des fr\u00e9gates britanniques pour notre d\u00e9fense\u00a0\u00bb dans le cadre d\u2019un partenariat strat\u00e9gique avec le Royaume-Uni, a annonc\u00e9 le premier ministre norv\u00e9gien, Jonas Gahr Store, dimanche 31\u00a0ao\u00fbt lors d\u2019une conf\u00e9rence de presse \u00e0 Oslo.<\/p>\n<p class=\"article__paragraph  \">Outre le Royaume-Uni, avec les fr\u00e9gates de Type 26 construites par BAE Systems, et la France, avec les fr\u00e9gates de d\u00e9fense et d\u2019intervention de Naval Group, l\u2019Allemagne et les Etats-Unis \u00e9taient en lice pour la fourniture de cinq ou six navires, un contrat estim\u00e9 \u00e0 plus de 100 milliards de couronnes (8,5 milliards d\u2019euros).<\/p>\n<p class=\"article__paragraph  \">Les mod\u00e8les britanniques \u2013 critiqu\u00e9s par certains en Norv\u00e8ge car ils contiennent des composants isra\u00e9liens \u2013 et fran\u00e7ais \u00e9taient, par avance, consid\u00e9r\u00e9s comme favoris.<\/p>\n<p class=\"article__paragraph  \">Tant le pr\u00e9sident fran\u00e7ais, Emmanuel Macron, que le premier ministre britannique, Keir Starmer, et le chancelier allemand, Friedrich Merz, se sont rendus en Norv\u00e8ge ces derniers mois et ont vant\u00e9 leurs offres respectives.<\/p>\n<p>                    Un partenariat strat\u00e9gique face aux enjeux r\u00e9gionaux                    <\/p>\n<p class=\"article__paragraph  \">\u00ab\u00a0Ce sont les performances et l\u2019\u00e9troitesse du partenariat qui ont fond\u00e9 notre conviction commune que la fr\u00e9gate britannique est la meilleure, ainsi que l\u2019int\u00e9gration tr\u00e8s \u00e9troite entre la marine norv\u00e9gienne et la marine britannique au fil du temps\u00a0\u00bb, a d\u00e9clar\u00e9 M. Store.<\/p>\n<p class=\"article__paragraph  \">Pays membre de l\u2019OTAN, la Norv\u00e8ge partage une fronti\u00e8re maritime en mer de Barents avec la Russie, qui op\u00e8re dans la r\u00e9gion la puissante flotte du nord.<\/p>\n<p> Le Monde M\u00e9morable  <\/p>\n<p> <a href=\"https:\/\/www.lemonde.fr\/memorable\/?rfextension=inread\" class=\"inread__link js-services-inread-link\" target=\"_blank\" rel=\"nofollow noopener\">  <\/p>\n<p>Testez votre culture g\u00e9n\u00e9rale avec la r\u00e9daction du \u00ab Monde \u00bb<\/p>\n<p>Testez votre culture g\u00e9n\u00e9rale avec la r\u00e9daction du \u00ab Monde \u00bb<\/p>\n<p>D\u00e9couvrir<\/p>\n<p> <\/a>      <\/p>\n<p> Newsletter  <\/p>\n<p> <a href=\"https:\/\/www.lemonde.fr\/newsletters\/a-la-une\/\" class=\"inread__link js-services-inread-link\" target=\"_blank\" rel=\"nofollow noopener\">  <\/p>\n<p>\u00ab A la une \u00bb<\/p>\n<p>Chaque matin, parcourez l&rsquo;essentiel de l&rsquo;actualit\u00e9 du jour avec les derniers titres du \u00ab Monde \u00bb<\/p>\n<p>S&rsquo;inscrire<\/p>\n<p> <\/a>          <\/p>\n<p> Le Monde Application  <\/p>\n<p> <a href=\"https:\/\/lamatinale.onelink.me\/gKMy\/ahw2ubr3\" class=\"inread__link js-services-inread-link\" target=\"_blank\" rel=\"nofollow noopener\">  <\/p>\n<p>La Matinale du Monde<\/p>\n<p>Chaque matin, retrouvez notre s\u00e9lection de 20 articles \u00e0 ne pas manquer <\/p>\n<p>T\u00e9l\u00e9charger l&rsquo;application<\/p>\n<p> <\/a>      <\/p>\n<p> Newsletter abonn\u00e9s  <\/p>\n<p> <a href=\"https:\/\/www.lemonde.fr\/newsletters\/international\/\" class=\"inread__link js-services-inread-link\" target=\"_blank\" rel=\"nofollow noopener\">  <\/p>\n<p>\u00ab International \u00bb<\/p>\n<p>L\u2019essentiel de l\u2019actualit\u00e9 internationale de la semaine<\/p>\n<p>S&rsquo;inscrire<\/p>\n<p> <\/a>             <\/p>\n<p class=\"article__paragraph  \">Identiques \u00e0 celles fournies \u00e0 la Royal Navy, les fr\u00e9gates de Type 26, qui disposent de capacit\u00e9s de lutte contre les sous-marins, seront livr\u00e9es \u00e0 la marine norv\u00e9gienne \u00e0 compter de 2030.<\/p>\n<p class=\"article__paragraph  \">Ce choix, qui doit encore \u00eatre ent\u00e9rin\u00e9 par le Parlement norv\u00e9gien, constitue une nouvelle d\u00e9sillusion pour Naval Group, d\u00e9j\u00e0 \u00e9cart\u00e9 mardi 26\u00a0ao\u00fbt par le Canada pour un contrat de 12 sous-marins. Ce contrat se jouera entre l\u2019allemand ThyssenKrupp Marine Systems et le sud-cor\u00e9en Hanwha Ocean.<\/p>\n<p>                                       Lire aussi |  Article r\u00e9serv\u00e9 \u00e0 nos abonn\u00e9s  <a href=\"https:\/\/www.lemonde.fr\/economie\/article\/2024\/09\/05\/les-exportations-francaises-de-materiels-militaires-ont-fortement-recule-en-2023_6304895_3234.html\" class=\"js-article-read-also catcher--favoris__link\" data-premium=\"1\" id=\"article-title-3388206\" rel=\"nofollow noopener\" target=\"_blank\">Les exportations fran\u00e7aises de mat\u00e9riels militaires ont fortement recul\u00e9 en\u00a02023<\/a>    <\/p>\n<p>   Lire plus tard  <\/p>\n<p class=\"author__detail\">  Le Monde avec AFP  <\/p>\n<p>                  <a href=\"https:\/\/www.lemonde.fr\/syndication\/\" class=\"reuse__content\" title=\"R\u00e9utiliser ce contenu\" target=\"_blank\" rel=\"nofollow noopener\">R\u00e9utiliser ce contenu<\/a>      <\/p>\n","protected":false},"excerpt":{"rendered":"Le premier ministre norv\u00e9gien, Jonas Gahr Store (au centre), le ministre de la d\u00e9fense norv\u00e9gien, Tore Sandvik (\u00e0&hellip;\n","protected":false},"author":2,"featured_media":356663,"comment_status":"","ping_status":"","sticky":false,"template":"","format":"standard","meta":{"footnotes":""},"categories":[5],"tags":[11,1011,27,14,12,28],"class_list":{"0":"post-356662","1":"post","2":"type-post","3":"status-publish","4":"format-standard","5":"has-post-thumbnail","7":"category-international","8":"tag-actualites","9":"tag-fr","10":"tag-france","11":"tag-international","12":"tag-news","13":"tag-world"},"share_on_mastodon":{"url":"https:\/\/pubeurope.com\/@fr\/115124196108528278","error":""},"_links":{"self":[{"href":"https:\/\/www.europesays.com\/fr\/wp-json\/wp\/v2\/posts\/356662","targetHints":{"allow":["GET"]}}],"collection":[{"href":"https:\/\/www.europesays.com\/fr\/wp-json\/wp\/v2\/posts"}],"about":[{"href":"https:\/\/www.europesays.com\/fr\/wp-json\/wp\/v2\/types\/post"}],"author":[{"embeddable":true,"href":"https:\/\/www.europesays.com\/fr\/wp-json\/wp\/v2\/users\/2"}],"replies":[{"embeddable":true,"href":"https:\/\/www.europesays.com\/fr\/wp-json\/wp\/v2\/comments?post=356662"}],"version-history":[{"count":0,"href":"https:\/\/www.europesays.com\/fr\/wp-json\/wp\/v2\/posts\/356662\/revisions"}],"wp:featuredmedia":[{"embeddable":true,"href":"https:\/\/www.europesays.com\/fr\/wp-json\/wp\/v2\/media\/356663"}],"wp:attachment":[{"href":"https:\/\/www.europesays.com\/fr\/wp-json\/wp\/v2\/media?parent=356662"}],"wp:term":[{"taxonomy":"category","embeddable":true,"href":"https:\/\/www.europesays.com\/fr\/wp-json\/wp\/v2\/categories?post=356662"},{"taxonomy":"post_tag","embeddable":true,"href":"https:\/\/www.europesays.com\/fr\/wp-json\/wp\/v2\/tags?post=356662"}],"curies":[{"name":"wp","href":"https:\/\/api.w.org\/{rel}","templated":true}]}}