{"id":356664,"date":"2025-08-31T15:56:15","date_gmt":"2025-08-31T15:56:15","guid":{"rendered":"https:\/\/www.europesays.com\/fr\/356664\/"},"modified":"2025-08-31T15:56:15","modified_gmt":"2025-08-31T15:56:15","slug":"bayrou-repond-a-la-polemique-sur-la-renovation-de-son-bureau","status":"publish","type":"post","link":"https:\/\/www.europesays.com\/fr\/356664\/","title":{"rendered":"Bayrou r\u00e9pond \u00e0 la pol\u00e9mique sur la r\u00e9novation de son bureau"},"content":{"rendered":"<p>        <img decoding=\"async\" loading=\"lazy\" src=\"https:\/\/www.europesays.com\/fr\/wp-content\/uploads\/2025\/07\/df181cf_upload-1-mrqug1t1odhq-000-63x79et.jpg\"  width=\"728\" height=\"410\" alt=\"Francois Bayrou photographi\u00e9 \u00e0 Matinon le 26\u00a0juin 2025\u00a0 \"\/>  <\/p>\n<p>THOMAS SAMSON \/ AFP<\/p>\n<p>Francois Bayrou photographi\u00e9 \u00e0 Matinon le 26\u00a0juin 2025\u00a0 <\/p>\n<p class=\"asset asset-text\">POLITIQUE &#8211; \u00ab\u00a0Des choses d\u00e9risoires, et honteuses.\u00a0\u00bb <a href=\"https:\/\/www.huffingtonpost.fr\/politique\/article\/apres-la-sortie-de-bayrou-sur-les-boomers-ces-allies-prennent-leurs-distances_254208.html\" target=\"_blank\" rel=\"noopener\">Fran\u00e7ois Bayrou<\/a> ne d\u00e9col\u00e8re pas contre <a href=\"https:\/\/www.huffingtonpost.fr\/politique\/article\/francois-bayrou-renove-son-bureau-pour-40-000-euros-malgre-ses-appels-a-faire-des-economies_254164.html\" target=\"_blank\" rel=\"noopener\">Mediapart<\/a>, qui a \u00e9pingl\u00e9 cette semaine le projet de travaux r\u00e9novation de son bureau \u00e0 la mairie de Pau pour 40\u00a0000\u00a0euros, alors que le Premier ministre est en pleine campagne pour d\u00e9fendre <a href=\"https:\/\/www.huffingtonpost.fr\/politique\/article\/pour-olivier-faure-la-decision-du-parti-socialiste-sur-le-vote-de-confiance-est-irrevocable_254209.html\" target=\"_blank\" rel=\"noopener\">ses 44\u00a0milliards d\u2019euros d\u2019\u00e9conomies<\/a>.<\/p>\n<p class=\"asset asset-text\">Les travaux, int\u00e9gralement pay\u00e9s sur fonds publics, n\u2019ont pas encore commenc\u00e9 mais ont \u00e9t\u00e9 autoris\u00e9s par un arr\u00eat\u00e9 municipal en date du 28\u00a0juillet.<\/p>\n<p class=\"asset asset-text\">Une pol\u00e9mique que l\u2019\u00e9dile de Pau juge, dans une interview publi\u00e9e ce dimanche 31\u00a0ao\u00fbt dans le quotidien r\u00e9gional <a href=\"https:\/\/www.sudouest.fr\/politique\/exclusif-francois-bayrou-a-sud-ouest-avec-la-dette-nous-avons-change-le-sujet-de-preoccupation-politique-essentiel-25733217.php\" target=\"_blank\" rel=\"noopener\" title=\"Nouvelle fen\u00eatre\">Sud-Ouest<\/a>, \u00ab\u00a0insultante\u00a0\u00bb. \u00ab\u00a0Tout ceci est compl\u00e8tement dingue\u00a0! \u00c0 l\u2019h\u00f4tel de ville, on a refait tous les bureaux, toutes les salles de r\u00e9union, la salle des mariages, etc. Le seul bureau qui n\u2019a pas \u00e9t\u00e9 fait, parce que j\u2019ai souhait\u00e9 que les autres aient la priorit\u00e9, c\u2019est celui du maire. Un bureau qui a plus de trente ans et qui tombe en ruines\u00a0\u00bb, d\u00e9fend le Premier ministre.<\/p>\n<p class=\"asset asset-text\">Selon les chiffres transmis \u00e0 l\u2019AFP par la mairie de Pau, ces 40\u00a0000\u00a0euros correspondent \u00e0 \u00ab\u00a0la derni\u00e8re phase de travaux tr\u00e8s importants d\u00e9marr\u00e9s en 2017\u00a0\u00bb au sein de l\u2019h\u00f4tel de ville. B\u00e2timent n\u00e9oclassique du XIXe\u00a0si\u00e8cle inscrit aux Monuments historiques depuis 2017, ce dernier a fait l\u2019objet d\u2019une \u00ab\u00a0requalification des fa\u00e7ades\u00a0\u00bb et d\u2019une modernisation de l\u2019accueil et de plusieurs services.<\/p>\n<p class=\"asset asset-text\">Les travaux du bureau du maire, qui n\u2019ont \u00ab\u00a0pas d\u00e9but\u00e9\u00a0\u00bb, consistent en une \u00ab\u00a0r\u00e9fection mineure\u00a0\u00bb, pr\u00e9cise la mairie, qui souligne que leur montant ne repr\u00e9sente que 0,88\u00a0% du chantier d\u2019un co\u00fbt total de 4,61\u00a0millions d\u2019euros TTC.<\/p>\n<p class=\"asset asset-text\">\u00ab\u00a0Cette pol\u00e9mique est insultante\u00a0\u00bb, insiste Fran\u00e7ois Bayrou dans Sud-Ouest, \u00e9voquant un chantier \u00ab\u00a0consid\u00e9rable\u00a0\u00bb. \u00ab\u00a0Il y a des probl\u00e8mes \u00e9lectriques importants, le plancher a \u00e9t\u00e9 dissimul\u00e9 sous du stratifi\u00e9, il faut tout reprendre [\u2026]. Quand on a tout essay\u00e9 pour abattre quelqu\u2019un, on va chercher des choses d\u00e9risoires, et honteuses\u00a0\u00bb, a-t-il lanc\u00e9.<\/p>\n<p class=\"asset asset-text\">En mai, le Premier ministre s\u2019en \u00e9tait d\u00e9j\u00e0 pris \u00e0 Mediapart, qui l\u2019accuse depuis des mois de mensonge ou d\u2019intervention aupr\u00e8s de la justice dans l\u2019affaire des violences physiques et sexuelles au coll\u00e8ge-lyc\u00e9e de B\u00e9tharram. \u00ab\u00a0Je ne lis pas Mediapart, c\u2019est une hygi\u00e8ne personnelle\u00a0\u00bb, avait alors d\u00e9clar\u00e9 l\u2019\u00e9lu b\u00e9arnais devant la commission d\u2019enqu\u00eate parlementaire cr\u00e9\u00e9e apr\u00e8s le scandale.<\/p>\n","protected":false},"excerpt":{"rendered":"THOMAS SAMSON \/ AFP Francois Bayrou photographi\u00e9 \u00e0 Matinon le 26\u00a0juin 2025\u00a0 POLITIQUE &#8211; \u00ab\u00a0Des choses d\u00e9risoires, et&hellip;\n","protected":false},"author":2,"featured_media":219587,"comment_status":"","ping_status":"","sticky":false,"template":"","format":"standard","meta":{"footnotes":""},"categories":[4],"tags":[11,33,1011,27,431,21026,12,316,25],"class_list":{"0":"post-356664","1":"post","2":"type-post","3":"status-publish","4":"format-standard","5":"has-post-thumbnail","7":"category-france","8":"tag-actualites","9":"tag-economie","10":"tag-fr","11":"tag-france","12":"tag-francois-bayrou","13":"tag-mediapart","14":"tag-news","15":"tag-politique","16":"tag-republique-francaise"},"share_on_mastodon":{"url":"https:\/\/pubeurope.com\/@fr\/115124200018816683","error":""},"_links":{"self":[{"href":"https:\/\/www.europesays.com\/fr\/wp-json\/wp\/v2\/posts\/356664","targetHints":{"allow":["GET"]}}],"collection":[{"href":"https:\/\/www.europesays.com\/fr\/wp-json\/wp\/v2\/posts"}],"about":[{"href":"https:\/\/www.europesays.com\/fr\/wp-json\/wp\/v2\/types\/post"}],"author":[{"embeddable":true,"href":"https:\/\/www.europesays.com\/fr\/wp-json\/wp\/v2\/users\/2"}],"replies":[{"embeddable":true,"href":"https:\/\/www.europesays.com\/fr\/wp-json\/wp\/v2\/comments?post=356664"}],"version-history":[{"count":0,"href":"https:\/\/www.europesays.com\/fr\/wp-json\/wp\/v2\/posts\/356664\/revisions"}],"wp:featuredmedia":[{"embeddable":true,"href":"https:\/\/www.europesays.com\/fr\/wp-json\/wp\/v2\/media\/219587"}],"wp:attachment":[{"href":"https:\/\/www.europesays.com\/fr\/wp-json\/wp\/v2\/media?parent=356664"}],"wp:term":[{"taxonomy":"category","embeddable":true,"href":"https:\/\/www.europesays.com\/fr\/wp-json\/wp\/v2\/categories?post=356664"},{"taxonomy":"post_tag","embeddable":true,"href":"https:\/\/www.europesays.com\/fr\/wp-json\/wp\/v2\/tags?post=356664"}],"curies":[{"name":"wp","href":"https:\/\/api.w.org\/{rel}","templated":true}]}}