{"id":356666,"date":"2025-08-31T16:04:47","date_gmt":"2025-08-31T16:04:47","guid":{"rendered":"https:\/\/www.europesays.com\/fr\/356666\/"},"modified":"2025-08-31T16:04:47","modified_gmt":"2025-08-31T16:04:47","slug":"derriere-le-chantage-a-la-video-intime-un-detournement-de-fonds-publics","status":"publish","type":"post","link":"https:\/\/www.europesays.com\/fr\/356666\/","title":{"rendered":"derri\u00e8re le chantage \u00e0 la vid\u00e9o intime, un d\u00e9tournement de fonds publics\u202f?"},"content":{"rendered":"<p>Ils avaient sans doute esp\u00e9r\u00e9 que l\u2019affaire s\u2019arr\u00eate avant la case tribunal. C\u2019est rat\u00e9. Les dirigeants de l\u2019association France-Lettonie, Robert Giacomel et Nicole Deville, et ceux de l\u2019association des artistes de la galerie Art pluriel, Philippe Buil et Chantal Sabatier, sont soup\u00e7onn\u00e9s d\u2019avoir jou\u00e9 un r\u00f4le dans le financement de la sextape.<\/p>\n<p>Pour eux, le parquet de Lyon avait requis un non-lieu en mars dernier, estimant que l\u2019enqu\u00eate n\u2019avait pas permis \u00ab\u00a0de caract\u00e9riser des charges constitutives de ces infractions\u00a0\u00bb.<\/p>\n<p>Abus de confiance<\/p>\n<p>Mais les juges d\u2019instruction en ont d\u00e9cid\u00e9 autrement\u00a0: tous les quatre seront bien sur le banc des pr\u00e9venus, jug\u00e9s pour abus de confiance.<\/p>\n<p>Sur ce volet financier, <a href=\"https:\/\/www.leprogres.fr\/p\/gael-perdriau\" target=\"_blank\" rel=\"noopener\">Ga\u00ebl Perdriau<\/a> et Pierre Gauttieri compara\u00eetront pour d\u00e9tournement de fonds publics, Samy K\u00e9fi-J\u00e9r\u00f4me et Gilles Rossary-Lenglet pour recel de bien obtenu \u00e0 l\u2019aide d\u2019un d\u00e9tournement de fonds.<\/p>\n<p>Et le proc\u00e8s, qui se d\u00e9roulera \u00e0 Lyon du 22 au 26\u00a0septembre, devra permettre d\u2019\u00e9lucider un point essentiel\u00a0:&#8230;<\/p>\n","protected":false},"excerpt":{"rendered":"Ils avaient sans doute esp\u00e9r\u00e9 que l\u2019affaire s\u2019arr\u00eate avant la case tribunal. C\u2019est rat\u00e9. Les dirigeants de l\u2019association&hellip;\n","protected":false},"author":2,"featured_media":356667,"comment_status":"","ping_status":"","sticky":false,"template":"","format":"standard","meta":{"footnotes":""},"categories":[9653],"tags":[1111,11,2430,271,272,7539,1777,674,274,107,1011,27,3367,12,25,4001,7538],"class_list":{"0":"post-356666","1":"post","2":"type-post","3":"status-publish","4":"format-standard","5":"has-post-thumbnail","7":"category-saint-etienne","8":"tag-actu","9":"tag-actualites","10":"tag-auvergne-rhone-alpes","11":"tag-crime","12":"tag-delit-et-contravention","13":"tag-edition-loire-sud","14":"tag-eu","15":"tag-europe","16":"tag-faits-divers-justice","17":"tag-fil-info","18":"tag-fr","19":"tag-france","20":"tag-loire","21":"tag-news","22":"tag-republique-francaise","23":"tag-saint-etienne","24":"tag-saint-etienne-ville"},"share_on_mastodon":{"url":"https:\/\/pubeurope.com\/@fr\/115124235356834623","error":""},"_links":{"self":[{"href":"https:\/\/www.europesays.com\/fr\/wp-json\/wp\/v2\/posts\/356666","targetHints":{"allow":["GET"]}}],"collection":[{"href":"https:\/\/www.europesays.com\/fr\/wp-json\/wp\/v2\/posts"}],"about":[{"href":"https:\/\/www.europesays.com\/fr\/wp-json\/wp\/v2\/types\/post"}],"author":[{"embeddable":true,"href":"https:\/\/www.europesays.com\/fr\/wp-json\/wp\/v2\/users\/2"}],"replies":[{"embeddable":true,"href":"https:\/\/www.europesays.com\/fr\/wp-json\/wp\/v2\/comments?post=356666"}],"version-history":[{"count":0,"href":"https:\/\/www.europesays.com\/fr\/wp-json\/wp\/v2\/posts\/356666\/revisions"}],"wp:featuredmedia":[{"embeddable":true,"href":"https:\/\/www.europesays.com\/fr\/wp-json\/wp\/v2\/media\/356667"}],"wp:attachment":[{"href":"https:\/\/www.europesays.com\/fr\/wp-json\/wp\/v2\/media?parent=356666"}],"wp:term":[{"taxonomy":"category","embeddable":true,"href":"https:\/\/www.europesays.com\/fr\/wp-json\/wp\/v2\/categories?post=356666"},{"taxonomy":"post_tag","embeddable":true,"href":"https:\/\/www.europesays.com\/fr\/wp-json\/wp\/v2\/tags?post=356666"}],"curies":[{"name":"wp","href":"https:\/\/api.w.org\/{rel}","templated":true}]}}