{"id":356668,"date":"2025-08-31T16:05:11","date_gmt":"2025-08-31T16:05:11","guid":{"rendered":"https:\/\/www.europesays.com\/fr\/356668\/"},"modified":"2025-08-31T16:05:11","modified_gmt":"2025-08-31T16:05:11","slug":"les-10-images-de-la-semaine-en-meurthe-et-moselle","status":"publish","type":"post","link":"https:\/\/www.europesays.com\/fr\/356668\/","title":{"rendered":"les 10 images de la semaine en Meurthe-et-Moselle"},"content":{"rendered":"<p> Une actualit\u00e9 marqu\u00e9e cette semaine par des drames puisqu\u2019une fillette de 7 ans a \u00e9t\u00e9 abus\u00e9e sexuellement dans les toilettes de la plage des 2-Rives de Nancy-Tomblaine et qu\u2019un p\u00e8re de famille a \u00e9t\u00e9 mortellement bless\u00e9 \u00e0 Vand\u0153uvre-l\u00e8s-Nancy\u00a0; le nouveau pr\u00e9fet a plac\u00e9 la totalit\u00e9 du d\u00e9partement en alerte s\u00e9cheresse\u00a0; une association de Nancy parvient \u00e0 obtenir la fin du fichage des homosexuels par l\u2019EFS\u00a0; le chanteur Yanns toujours aussi populaire aux Estivales de Pont-\u00e0-Mousson. On vous r\u00e9sume l\u2019actualit\u00e9 de la semaine en Meurthe-et-Moselle en 10 images.<\/p>\n","protected":false},"excerpt":{"rendered":"Une actualit\u00e9 marqu\u00e9e cette semaine par des drames puisqu\u2019une fillette de 7 ans a \u00e9t\u00e9 abus\u00e9e sexuellement dans&hellip;\n","protected":false},"author":2,"featured_media":356669,"comment_status":"","ping_status":"","sticky":false,"template":"","format":"standard","meta":{"footnotes":""},"categories":[9635],"tags":[119,1111,11,6698,3542,271,1687,3206,272,1707,1704,1706,1705,436,1777,674,274,1011,27,775,9588,10634,1702,12,2661,10422,5140,25,71,12817,104,2803,5711,1631],"class_list":{"0":"post-356668","1":"post","2":"type-post","3":"status-publish","4":"format-standard","5":"has-post-thumbnail","7":"category-nancy","8":"tag-accident","9":"tag-actu","10":"tag-actualites","11":"tag-canicule","12":"tag-circulation","13":"tag-crime","14":"tag-culture-loisirs","15":"tag-defense-guerre-conflit","16":"tag-delit-et-contravention","17":"tag-edition-luneville","18":"tag-edition-nancy-et-agglomeration","19":"tag-edition-pont-a-mousson","20":"tag-edition-toul","21":"tag-environnement","22":"tag-eu","23":"tag-europe","24":"tag-faits-divers-justice","25":"tag-fr","26":"tag-france","27":"tag-grand-est","28":"tag-ici-on-agit","29":"tag-luneville","30":"tag-nancy","31":"tag-news","32":"tag-patrimoine-culturel","33":"tag-pont-a-mousson","34":"tag-rechauffement-climatique","35":"tag-republique-francaise","36":"tag-sante","37":"tag-secheresse","38":"tag-societe","39":"tag-transport","40":"tag-vandoeuvre-les-nancy","41":"tag-vie-associative"},"share_on_mastodon":{"url":"","error":"Validation failed: Text character limit of 500 exceeded"},"_links":{"self":[{"href":"https:\/\/www.europesays.com\/fr\/wp-json\/wp\/v2\/posts\/356668","targetHints":{"allow":["GET"]}}],"collection":[{"href":"https:\/\/www.europesays.com\/fr\/wp-json\/wp\/v2\/posts"}],"about":[{"href":"https:\/\/www.europesays.com\/fr\/wp-json\/wp\/v2\/types\/post"}],"author":[{"embeddable":true,"href":"https:\/\/www.europesays.com\/fr\/wp-json\/wp\/v2\/users\/2"}],"replies":[{"embeddable":true,"href":"https:\/\/www.europesays.com\/fr\/wp-json\/wp\/v2\/comments?post=356668"}],"version-history":[{"count":0,"href":"https:\/\/www.europesays.com\/fr\/wp-json\/wp\/v2\/posts\/356668\/revisions"}],"wp:featuredmedia":[{"embeddable":true,"href":"https:\/\/www.europesays.com\/fr\/wp-json\/wp\/v2\/media\/356669"}],"wp:attachment":[{"href":"https:\/\/www.europesays.com\/fr\/wp-json\/wp\/v2\/media?parent=356668"}],"wp:term":[{"taxonomy":"category","embeddable":true,"href":"https:\/\/www.europesays.com\/fr\/wp-json\/wp\/v2\/categories?post=356668"},{"taxonomy":"post_tag","embeddable":true,"href":"https:\/\/www.europesays.com\/fr\/wp-json\/wp\/v2\/tags?post=356668"}],"curies":[{"name":"wp","href":"https:\/\/api.w.org\/{rel}","templated":true}]}}