{"id":356670,"date":"2025-08-31T16:06:14","date_gmt":"2025-08-31T16:06:14","guid":{"rendered":"https:\/\/www.europesays.com\/fr\/356670\/"},"modified":"2025-08-31T16:06:14","modified_gmt":"2025-08-31T16:06:14","slug":"grandville-ou-lart-de-singer-le-monde","status":"publish","type":"post","link":"https:\/\/www.europesays.com\/fr\/356670\/","title":{"rendered":"Grandville ou l\u2019art de singer le Monde"},"content":{"rendered":"<p>France 3 Lorraine diffusera le jeudi 11\u00a0septembre \u00e0 22\u00a0h\u00a030, le film \u00ab\u00a0Grandville ou l\u2019art de singer le Monde\u00a0\u00bb. <\/p>\n<p>Ce film met en lumi\u00e8re l\u2019univers singulier de J.J Grandville, illustrateur visionnaire du XIXe\u00a0si\u00e8cle, natif de Nancy, dont l\u2019\u0153uvre satirique et fantastique r\u00e9sonne aujourd\u2019hui encore avec une \u00e9tonnante modernit\u00e9. Un artiste inclassable, \u00e0 la crois\u00e9e de l\u2019humour, de la critique sociale et de la fantasmagorie. Ce film est \u00e9crit par Mich\u00e8le Leinen et r\u00e9alis\u00e9 par Fabrice Chaboissier.<\/p>\n<p class=\"note\">Sur France 3 Lorraine le jeudi 11 septembre \u00e0 22h 30.<\/p>\n","protected":false},"excerpt":{"rendered":"France 3 Lorraine diffusera le jeudi 11\u00a0septembre \u00e0 22\u00a0h\u00a030, le film \u00ab\u00a0Grandville ou l\u2019art de singer le Monde\u00a0\u00bb.&hellip;\n","protected":false},"author":2,"featured_media":356671,"comment_status":"","ping_status":"","sticky":false,"template":"","format":"standard","meta":{"footnotes":""},"categories":[9635],"tags":[1111,11,650,1687,1704,1777,674,1011,27,775,1702,1703,12,25],"class_list":{"0":"post-356670","1":"post","2":"type-post","3":"status-publish","4":"format-standard","5":"has-post-thumbnail","7":"category-nancy","8":"tag-actu","9":"tag-actualites","10":"tag-cinema","11":"tag-culture-loisirs","12":"tag-edition-nancy-et-agglomeration","13":"tag-eu","14":"tag-europe","15":"tag-fr","16":"tag-france","17":"tag-grand-est","18":"tag-nancy","19":"tag-nancy-ville-54b","20":"tag-news","21":"tag-republique-francaise"},"share_on_mastodon":{"url":"https:\/\/pubeurope.com\/@fr\/115124239390224382","error":""},"_links":{"self":[{"href":"https:\/\/www.europesays.com\/fr\/wp-json\/wp\/v2\/posts\/356670","targetHints":{"allow":["GET"]}}],"collection":[{"href":"https:\/\/www.europesays.com\/fr\/wp-json\/wp\/v2\/posts"}],"about":[{"href":"https:\/\/www.europesays.com\/fr\/wp-json\/wp\/v2\/types\/post"}],"author":[{"embeddable":true,"href":"https:\/\/www.europesays.com\/fr\/wp-json\/wp\/v2\/users\/2"}],"replies":[{"embeddable":true,"href":"https:\/\/www.europesays.com\/fr\/wp-json\/wp\/v2\/comments?post=356670"}],"version-history":[{"count":0,"href":"https:\/\/www.europesays.com\/fr\/wp-json\/wp\/v2\/posts\/356670\/revisions"}],"wp:featuredmedia":[{"embeddable":true,"href":"https:\/\/www.europesays.com\/fr\/wp-json\/wp\/v2\/media\/356671"}],"wp:attachment":[{"href":"https:\/\/www.europesays.com\/fr\/wp-json\/wp\/v2\/media?parent=356670"}],"wp:term":[{"taxonomy":"category","embeddable":true,"href":"https:\/\/www.europesays.com\/fr\/wp-json\/wp\/v2\/categories?post=356670"},{"taxonomy":"post_tag","embeddable":true,"href":"https:\/\/www.europesays.com\/fr\/wp-json\/wp\/v2\/tags?post=356670"}],"curies":[{"name":"wp","href":"https:\/\/api.w.org\/{rel}","templated":true}]}}