{"id":356674,"date":"2025-08-31T16:08:54","date_gmt":"2025-08-31T16:08:54","guid":{"rendered":"https:\/\/www.europesays.com\/fr\/356674\/"},"modified":"2025-08-31T16:08:54","modified_gmt":"2025-08-31T16:08:54","slug":"lafayette-en-un-ou-deux-mots","status":"publish","type":"post","link":"https:\/\/www.europesays.com\/fr\/356674\/","title":{"rendered":"Lafayette en un ou deux mots"},"content":{"rendered":"<p>Saint-\u00c9tienne c\u00e9l\u00e8bre l\u2019h\u00e9ritage universel du Marquis de La Fayette avec une conf\u00e9rence de Martyne Jacquemin, le samedi 13 septembre 2025, \u00e0 l&rsquo;H\u00f4tel de Ville de Saint-\u00c9tienne (17h).\u00a0Martyne Jacquemin,\u00a0Grand Commandeur Croix Or et Ambassadrice Monde de l\u2019Ordre\u00a0de Lafayette, fera revivre le Marquis de La Fayette, h\u00e9ros des deux mondes et compagnon de George Washington, dont l\u2019h\u00e9ritage de libert\u00e9 et de fraternit\u00e9 demeure d\u2019une br\u00fblante actualit\u00e9.<\/p>\n","protected":false},"excerpt":{"rendered":"Saint-\u00c9tienne c\u00e9l\u00e8bre l\u2019h\u00e9ritage universel du Marquis de La Fayette avec une conf\u00e9rence de Martyne Jacquemin, le samedi 13&hellip;\n","protected":false},"author":2,"featured_media":41030,"comment_status":"","ping_status":"","sticky":false,"template":"","format":"standard","meta":{"footnotes":""},"categories":[9653],"tags":[1111,11,2430,1777,674,1011,27,12,25,4001],"class_list":{"0":"post-356674","1":"post","2":"type-post","3":"status-publish","4":"format-standard","5":"has-post-thumbnail","7":"category-saint-etienne","8":"tag-actu","9":"tag-actualites","10":"tag-auvergne-rhone-alpes","11":"tag-eu","12":"tag-europe","13":"tag-fr","14":"tag-france","15":"tag-news","16":"tag-republique-francaise","17":"tag-saint-etienne"},"share_on_mastodon":{"url":"https:\/\/pubeurope.com\/@fr\/115124251082803620","error":""},"_links":{"self":[{"href":"https:\/\/www.europesays.com\/fr\/wp-json\/wp\/v2\/posts\/356674","targetHints":{"allow":["GET"]}}],"collection":[{"href":"https:\/\/www.europesays.com\/fr\/wp-json\/wp\/v2\/posts"}],"about":[{"href":"https:\/\/www.europesays.com\/fr\/wp-json\/wp\/v2\/types\/post"}],"author":[{"embeddable":true,"href":"https:\/\/www.europesays.com\/fr\/wp-json\/wp\/v2\/users\/2"}],"replies":[{"embeddable":true,"href":"https:\/\/www.europesays.com\/fr\/wp-json\/wp\/v2\/comments?post=356674"}],"version-history":[{"count":0,"href":"https:\/\/www.europesays.com\/fr\/wp-json\/wp\/v2\/posts\/356674\/revisions"}],"wp:featuredmedia":[{"embeddable":true,"href":"https:\/\/www.europesays.com\/fr\/wp-json\/wp\/v2\/media\/41030"}],"wp:attachment":[{"href":"https:\/\/www.europesays.com\/fr\/wp-json\/wp\/v2\/media?parent=356674"}],"wp:term":[{"taxonomy":"category","embeddable":true,"href":"https:\/\/www.europesays.com\/fr\/wp-json\/wp\/v2\/categories?post=356674"},{"taxonomy":"post_tag","embeddable":true,"href":"https:\/\/www.europesays.com\/fr\/wp-json\/wp\/v2\/tags?post=356674"}],"curies":[{"name":"wp","href":"https:\/\/api.w.org\/{rel}","templated":true}]}}