{"id":356675,"date":"2025-08-31T16:09:04","date_gmt":"2025-08-31T16:09:04","guid":{"rendered":"https:\/\/www.europesays.com\/fr\/356675\/"},"modified":"2025-08-31T16:09:04","modified_gmt":"2025-08-31T16:09:04","slug":"a-40-ans-il-signe-en-federale-1","status":"publish","type":"post","link":"https:\/\/www.europesays.com\/fr\/356675\/","title":{"rendered":"\u00e0 40 ans, il signe en F\u00e9d\u00e9rale 1"},"content":{"rendered":"<p>            Par<br \/>\n        <strong><br \/>\n            <a href=\"https:\/\/actu.fr\/auteur\/clement-mazella\" title=\"Consulter tous les articles de Cl\u00e9ment Mazella\" target=\"_blank\" rel=\"noopener\">Cl\u00e9ment Mazella<\/a><br \/>\n        <\/strong><\/p>\n<p>        Publi\u00e9 le<\/p>\n<p>            28 ao\u00fbt 2025 \u00e0 11h02        <\/p>\n<p><strong>Gabiriele Lovobalavu<\/strong> court toujours. \u00c0 40 ans, le centre fidjien, 22 s\u00e9lections en \u00e9quipe nationale, vient de signer en faveur du club de <a href=\"https:\/\/actu.fr\/rugby\/amateurs\" target=\"_blank\" rel=\"noopener\">F\u00e9d\u00e9rale 1<\/a> de <strong>Gujan-Mestras<\/strong> (<a href=\"https:\/\/actu.fr\/bordeaux\/\" target=\"_blank\" rel=\"noopener\">Gironde<\/a>).<\/p>\n<p>Gabiriele Lovobalavu signe en F\u00e9d\u00e9rale 1<\/p>\n<p class=\" wall-content\">Pass\u00e9 par Toulon et Oyonnax, avec qui il a \u00e9t\u00e9 champion de France de Pro D2 (2008 et 2023), mais aussi par Bayonne, les Wasps ou Bourgoin, Gabiriele Lovobalavu s\u2019est bel et bien engag\u00e9 en tant que joueur, lui qui a endoss\u00e9 le costume d\u2019entra\u00eeneur au CSBJ l\u2019an dernier.\u00a0<\/p>\n<p class=\" wall-content\">\u00ab\u00a0Ancien international fidjien et joueur exp\u00e9riment\u00e9, il apportera son v\u00e9cu et son exp\u00e9rience au poste de centre. Son parcours parle de lui-m\u00eame. Mais au-del\u00e0 du palmar\u00e8s, c\u2019est surtout son envie, son engagement, sa volont\u00e9 de partager et de s\u2019installer durablement \u00e0 Gujan-Mestras, qui nous r\u00e9jouissent\u00a0\u00bb, mentionne l\u2019UAGM Rugby.<\/p>\n<p>Un seul match l\u2019an dernier\u2026 et aussi entra\u00eeneur<\/p>\n<p class=\" wall-content\">De l\u2019exp\u00e9rience certes, mais aussi du rythme \u00e0 reprendre. L\u2019an pass\u00e9, Gabiriele Lovobalavu a d\u00e9but\u00e9 la saison comme joueur, disputant 40 minutes en amical contre Chamb\u00e9ry. Mais g\u00ean\u00e9 par plusieurs p\u00e9pins physiques, il s\u2019\u00e9tait r\u00e9solu \u00e0 basculer comme entra\u00eeneur des 3\/4 du CSBJ, \u00e0 partir d\u2019octobre 2024. Un r\u00f4le de coach qu\u2019il souhaite exercer \u00e0 l\u2019avenir.<\/p>\n<p class=\" wall-content\">Malgr\u00e9 des mois sans jouer, Gabiriele Lovobalavu avait \u00e9t\u00e9 inscrit sur la feuille de match de Bourgoin-Jallieu lors du d\u00e9placement \u00e0 Tarbes le 11 avril 2025. 15 minutes de jeu, et puis c\u2019est tout. Mais comme on dit, le talent \u00e7a ne se perd pas\u2026<\/p>\n<p class=\" wall-content\">Personnalisez votre actualit\u00e9 en ajoutant vos villes et m\u00e9dias en favori avec <a href=\"https:\/\/moncompte.actu.fr\" title=\"D\u00e9couvez Mon Actu\" rel=\"nofollow noopener\" data-trk=\"{&quot;cta&quot;:{&quot;action&quot;:&quot;https:\\\/\\\/moncompte.actu.fr&quot;,&quot;category&quot;:&quot;mon compte&quot;,&quot;from&quot;:&quot;article footer&quot;,&quot;name&quot;:&quot;Mon actu&quot;,&quot;type&quot;:&quot;cta&quot;}}\" target=\"_blank\">Mon Actu<\/a>.<\/p>\n","protected":false},"excerpt":{"rendered":"Par Cl\u00e9ment Mazella Publi\u00e9 le 28 ao\u00fbt 2025 \u00e0 11h02 Gabiriele Lovobalavu court toujours. \u00c0 40 ans, le&hellip;\n","protected":false},"author":2,"featured_media":356676,"comment_status":"","ping_status":"","sticky":false,"template":"","format":"standard","meta":{"footnotes":""},"categories":[9619],"tags":[1111,11,1777,674,1011,27,12,3788,882,25,479,4126,60,2310,477],"class_list":{"0":"post-356675","1":"post","2":"type-post","3":"status-publish","4":"format-standard","5":"has-post-thumbnail","7":"category-toulon","8":"tag-actu","9":"tag-actualites","10":"tag-eu","11":"tag-europe","12":"tag-fr","13":"tag-france","14":"tag-news","15":"tag-pro","16":"tag-provence-alpes-cote-dazur","17":"tag-republique-francaise","18":"tag-rugby","19":"tag-rugby-amateur","20":"tag-sports","21":"tag-toulon","22":"tag-transferts-rugby"},"share_on_mastodon":{"url":"","error":""},"_links":{"self":[{"href":"https:\/\/www.europesays.com\/fr\/wp-json\/wp\/v2\/posts\/356675","targetHints":{"allow":["GET"]}}],"collection":[{"href":"https:\/\/www.europesays.com\/fr\/wp-json\/wp\/v2\/posts"}],"about":[{"href":"https:\/\/www.europesays.com\/fr\/wp-json\/wp\/v2\/types\/post"}],"author":[{"embeddable":true,"href":"https:\/\/www.europesays.com\/fr\/wp-json\/wp\/v2\/users\/2"}],"replies":[{"embeddable":true,"href":"https:\/\/www.europesays.com\/fr\/wp-json\/wp\/v2\/comments?post=356675"}],"version-history":[{"count":0,"href":"https:\/\/www.europesays.com\/fr\/wp-json\/wp\/v2\/posts\/356675\/revisions"}],"wp:featuredmedia":[{"embeddable":true,"href":"https:\/\/www.europesays.com\/fr\/wp-json\/wp\/v2\/media\/356676"}],"wp:attachment":[{"href":"https:\/\/www.europesays.com\/fr\/wp-json\/wp\/v2\/media?parent=356675"}],"wp:term":[{"taxonomy":"category","embeddable":true,"href":"https:\/\/www.europesays.com\/fr\/wp-json\/wp\/v2\/categories?post=356675"},{"taxonomy":"post_tag","embeddable":true,"href":"https:\/\/www.europesays.com\/fr\/wp-json\/wp\/v2\/tags?post=356675"}],"curies":[{"name":"wp","href":"https:\/\/api.w.org\/{rel}","templated":true}]}}