{"id":356677,"date":"2025-08-31T16:09:14","date_gmt":"2025-08-31T16:09:14","guid":{"rendered":"https:\/\/www.europesays.com\/fr\/356677\/"},"modified":"2025-08-31T16:09:14","modified_gmt":"2025-08-31T16:09:14","slug":"pourquoi-michael-delafosse-a-t-il-recu-le-cardinal-francois-bustillo","status":"publish","type":"post","link":"https:\/\/www.europesays.com\/fr\/356677\/","title":{"rendered":"pourquoi Micha\u00ebl Delafosse a-t-il re\u00e7u le cardinal Fran\u00e7ois Bustillo\u00a0?"},"content":{"rendered":"<p>            Par<br \/>\n        <strong><br \/>\n            <a href=\"https:\/\/actu.fr\/auteur\/metropoop\" title=\"Consulter tous les articles de R\u00e9daction M\u00e9tropolitain\" rel=\"nofollow noopener\" target=\"_blank\">R\u00e9daction M\u00e9tropolitain<\/a><br \/>\n        <\/strong><\/p>\n<p>        Publi\u00e9 le<\/p>\n<p>            31 ao\u00fbt 2025 \u00e0 17h43        <\/p>\n<p>Ce dimanche 31 ao\u00fbt, le maire de Montpellier, <strong>Micha\u00ebl Delafosse<\/strong>, a rencontr\u00e9 le <strong>cardinal Fran\u00e7ois Bustillo<\/strong>, \u00e9v\u00eaque d\u2019Ajaccio, \u00e0 l\u2019invitation de Monseigneur Norbert Turini, archev\u00eaque de Montpellier. Une visite qui s\u2019inscrit dans le cadre de la <strong>c\u00e9l\u00e9bration de la Basilique Notre-Dame des Tables<\/strong>, lieu patrimoniale et spirituel du Clapas.\u00a0<\/p>\n<p>Un message de fraternit\u00e9 et de paix<\/p>\n<p class=\" wall-content\">Avant de c\u00e9l\u00e9brer une messe en plein air, le cardinal Fran\u00e7ois Bustillo a souhait\u00e9 se rendre \u00e0 la <strong>Synagogue de la Grange-Motte<\/strong>, touch\u00e9e il y a un an par un attentat. Un geste salu\u00e9 par le maire, qui a \u00e9galement tenu \u00e0 remercier l\u2019archev\u00eaque Norbert Turini pour ses <strong>appels constants \u00e0 la paix<\/strong>, notamment <strong>au Proche-Orient et \u00e0 Gaza.<\/strong>\u00a0<\/p>\n<p class=\" wall-content\">Personnalisez votre actualit\u00e9 en ajoutant vos villes et m\u00e9dias en favori avec <a href=\"https:\/\/moncompte.actu.fr\" title=\"D\u00e9couvez Mon Actu\" rel=\"nofollow noopener\" data-trk=\"{&quot;cta&quot;:{&quot;action&quot;:&quot;https:\\\/\\\/moncompte.actu.fr&quot;,&quot;category&quot;:&quot;mon compte&quot;,&quot;from&quot;:&quot;article footer&quot;,&quot;name&quot;:&quot;Mon actu&quot;,&quot;type&quot;:&quot;cta&quot;}}\" target=\"_blank\">Mon Actu<\/a>.<\/p>\n","protected":false},"excerpt":{"rendered":"Par R\u00e9daction M\u00e9tropolitain Publi\u00e9 le 31 ao\u00fbt 2025 \u00e0 17h43 Ce dimanche 31 ao\u00fbt, le maire de Montpellier,&hellip;\n","protected":false},"author":2,"featured_media":356678,"comment_status":"","ping_status":"","sticky":false,"template":"","format":"standard","meta":{"footnotes":""},"categories":[9599],"tags":[1111,11,1777,674,1011,27,2208,12,2680,25,104],"class_list":{"0":"post-356677","1":"post","2":"type-post","3":"status-publish","4":"format-standard","5":"has-post-thumbnail","7":"category-montpellier","8":"tag-actu","9":"tag-actualites","10":"tag-eu","11":"tag-europe","12":"tag-fr","13":"tag-france","14":"tag-montpellier","15":"tag-news","16":"tag-occitanie","17":"tag-republique-francaise","18":"tag-societe"},"share_on_mastodon":{"url":"https:\/\/pubeurope.com\/@fr\/115124251140071397","error":""},"_links":{"self":[{"href":"https:\/\/www.europesays.com\/fr\/wp-json\/wp\/v2\/posts\/356677","targetHints":{"allow":["GET"]}}],"collection":[{"href":"https:\/\/www.europesays.com\/fr\/wp-json\/wp\/v2\/posts"}],"about":[{"href":"https:\/\/www.europesays.com\/fr\/wp-json\/wp\/v2\/types\/post"}],"author":[{"embeddable":true,"href":"https:\/\/www.europesays.com\/fr\/wp-json\/wp\/v2\/users\/2"}],"replies":[{"embeddable":true,"href":"https:\/\/www.europesays.com\/fr\/wp-json\/wp\/v2\/comments?post=356677"}],"version-history":[{"count":0,"href":"https:\/\/www.europesays.com\/fr\/wp-json\/wp\/v2\/posts\/356677\/revisions"}],"wp:featuredmedia":[{"embeddable":true,"href":"https:\/\/www.europesays.com\/fr\/wp-json\/wp\/v2\/media\/356678"}],"wp:attachment":[{"href":"https:\/\/www.europesays.com\/fr\/wp-json\/wp\/v2\/media?parent=356677"}],"wp:term":[{"taxonomy":"category","embeddable":true,"href":"https:\/\/www.europesays.com\/fr\/wp-json\/wp\/v2\/categories?post=356677"},{"taxonomy":"post_tag","embeddable":true,"href":"https:\/\/www.europesays.com\/fr\/wp-json\/wp\/v2\/tags?post=356677"}],"curies":[{"name":"wp","href":"https:\/\/api.w.org\/{rel}","templated":true}]}}