{"id":356679,"date":"2025-08-31T16:10:20","date_gmt":"2025-08-31T16:10:20","guid":{"rendered":"https:\/\/www.europesays.com\/fr\/356679\/"},"modified":"2025-08-31T16:10:20","modified_gmt":"2025-08-31T16:10:20","slug":"la-route-de-laverune-repasse-en-double-sens","status":"publish","type":"post","link":"https:\/\/www.europesays.com\/fr\/356679\/","title":{"rendered":"la route de Lav\u00e9rune repasse en double sens"},"content":{"rendered":"<p>            Par<br \/>\n        <strong><br \/>\n            <a href=\"https:\/\/actu.fr\/auteur\/g-martin\" title=\"Consulter tous les articles de Gil Martin\" rel=\"nofollow noopener\" target=\"_blank\">Gil Martin<\/a><br \/>\n        <\/strong><\/p>\n<p>        Publi\u00e9 le<\/p>\n<p>            31 ao\u00fbt 2025 \u00e0 16h45        <\/p>\n<p>\u00ab\u00a0Les <strong>travaux de la Ligne 5<\/strong> touchent \u00e0 leur fin, permettant de lib\u00e9rer progressivement les secteurs des emprises chantier\u00a0\u00bb, indiquent la Ville et la M\u00e9tropole de Montpellier. Ainsi, d\u00e8s ce lundi 1er septembre 2025, <strong>la route de Lav\u00e9rune retrouvera son double-sens<\/strong> de circulation en voiture, entre le giratoire Maurice Gennevaux et le carrefour Paul<strong> Fajon, <\/strong>\u00ab ce qui va <strong>am\u00e9liorer le trafic<\/strong> automobile \u00e0 l\u2019ouest de la m\u00e9tropole \u00bb, souligne la Ville.<\/p>\n<p>Un quartier mieux desservi<\/p>\n<p class=\" wall-content\">Pour la Ville, malgr\u00e9 les difficult\u00e9s rencontr\u00e9es par les automobilistes, \u00ab\u00a0le chantier de la Ligne 5 a permis de <strong>renforcer la desserte du quartier<\/strong> avec l\u2019am\u00e9nagement de pistes cyclables et de trottoirs, favorisant ainsi un partage harmonieux de l\u2019espace public\u2026 Parall\u00e8lement, ces travaux ont contribu\u00e9 \u00e0 l\u2019am\u00e9lioration des r\u00e9seaux d\u2019eau potable et d\u2019eau us\u00e9e, indispensables au quotidien des habitants de ce secteur\u00a0\u00bb.<\/p>\n<p>    <a href=\"https:\/\/www.google.com\/maps\/embed?pb=!1m18!1m12!1m3!1d2889.39233984814!2d3.838811911227724!3d43.598371970984154!2m3!1f0!2f0!3f0!3m2!1i1024!2i768!4f13.1!3m3!1m2!1s0x12b6ae693078e943%3A0x72669546020947f3!2sRte%20de%20Lav%C3%A9rune!5e0!3m2!1sfr!2sfr!4v1756581171836!5m2!1sfr!2sfr\" title=\"Ouvrie le lien\" rel=\"nofollow noopener\" target=\"_blank\">Cliquez ici pour visualiser le contenu<\/a><\/p>\n<p>100 000 voyageurs\/jours<\/p>\n<p class=\" wall-content\">Pour m\u00e9moire, la ligne 5 doit \u00eatre mise en service le 20 d\u00e9cembre 2025.<br \/>Chiffres-cl\u00e9s de la ligne 5\u00a0:<br \/>16 km de ligne<br \/>7 000 soudures<br \/>6 200 tonnes de rail<br \/>100 000 voyageurs attendus par jour<\/p>\n<p><strong>Informations pratiques<\/strong><br \/>\nUn num\u00e9ro vert est \u00e0 disposition des riverains pour tout renseignement sur le chantier, du lundi au vendredi, entre 8h30 et 17h : 0 805 29 69 20<br \/>\nPar ailleurs, les Montpelli\u00e9rains peuvent consulter le site Internet d\u00e9di\u00e9 \u00e0 la Ligne 5 qui les informe des actualit\u00e9s et de l\u2019avanc\u00e9e du chantier : <a href=\"http:\/\/www.tram5-montpellier3m.fr\" rel=\"nofollow noopener\" target=\"_blank\">www.tram5-montpellier3m.fr<\/a>Vid\u00e9os : en ce moment sur Actu<\/p>\n<p class=\" wall-content\">.<\/p>\n<p class=\" wall-content\">Personnalisez votre actualit\u00e9 en ajoutant vos villes et m\u00e9dias en favori avec <a href=\"https:\/\/moncompte.actu.fr\" title=\"D\u00e9couvez Mon Actu\" rel=\"nofollow noopener\" data-trk=\"{&quot;cta&quot;:{&quot;action&quot;:&quot;https:\\\/\\\/moncompte.actu.fr&quot;,&quot;category&quot;:&quot;mon compte&quot;,&quot;from&quot;:&quot;article footer&quot;,&quot;name&quot;:&quot;Mon actu&quot;,&quot;type&quot;:&quot;cta&quot;}}\" target=\"_blank\">Mon Actu<\/a>.<\/p>\n","protected":false},"excerpt":{"rendered":"Par Gil Martin Publi\u00e9 le 31 ao\u00fbt 2025 \u00e0 16h45 \u00ab\u00a0Les travaux de la Ligne 5 touchent \u00e0&hellip;\n","protected":false},"author":2,"featured_media":356680,"comment_status":"","ping_status":"","sticky":false,"template":"","format":"standard","meta":{"footnotes":""},"categories":[9599],"tags":[1111,11,1777,674,1011,27,2208,12,2680,25,104],"class_list":{"0":"post-356679","1":"post","2":"type-post","3":"status-publish","4":"format-standard","5":"has-post-thumbnail","7":"category-montpellier","8":"tag-actu","9":"tag-actualites","10":"tag-eu","11":"tag-europe","12":"tag-fr","13":"tag-france","14":"tag-montpellier","15":"tag-news","16":"tag-occitanie","17":"tag-republique-francaise","18":"tag-societe"},"share_on_mastodon":{"url":"https:\/\/pubeurope.com\/@fr\/115124255241663101","error":""},"_links":{"self":[{"href":"https:\/\/www.europesays.com\/fr\/wp-json\/wp\/v2\/posts\/356679","targetHints":{"allow":["GET"]}}],"collection":[{"href":"https:\/\/www.europesays.com\/fr\/wp-json\/wp\/v2\/posts"}],"about":[{"href":"https:\/\/www.europesays.com\/fr\/wp-json\/wp\/v2\/types\/post"}],"author":[{"embeddable":true,"href":"https:\/\/www.europesays.com\/fr\/wp-json\/wp\/v2\/users\/2"}],"replies":[{"embeddable":true,"href":"https:\/\/www.europesays.com\/fr\/wp-json\/wp\/v2\/comments?post=356679"}],"version-history":[{"count":0,"href":"https:\/\/www.europesays.com\/fr\/wp-json\/wp\/v2\/posts\/356679\/revisions"}],"wp:featuredmedia":[{"embeddable":true,"href":"https:\/\/www.europesays.com\/fr\/wp-json\/wp\/v2\/media\/356680"}],"wp:attachment":[{"href":"https:\/\/www.europesays.com\/fr\/wp-json\/wp\/v2\/media?parent=356679"}],"wp:term":[{"taxonomy":"category","embeddable":true,"href":"https:\/\/www.europesays.com\/fr\/wp-json\/wp\/v2\/categories?post=356679"},{"taxonomy":"post_tag","embeddable":true,"href":"https:\/\/www.europesays.com\/fr\/wp-json\/wp\/v2\/tags?post=356679"}],"curies":[{"name":"wp","href":"https:\/\/api.w.org\/{rel}","templated":true}]}}