{"id":356681,"date":"2025-08-31T16:11:12","date_gmt":"2025-08-31T16:11:12","guid":{"rendered":"https:\/\/www.europesays.com\/fr\/356681\/"},"modified":"2025-08-31T16:11:12","modified_gmt":"2025-08-31T16:11:12","slug":"video-on-vous-fait-decouvrir-pagaille-une-librairie-dediee-a-la-litterature-jeunesse-a-rouen","status":"publish","type":"post","link":"https:\/\/www.europesays.com\/fr\/356681\/","title":{"rendered":"VIDEO \/ On vous fait d\u00e9couvrir Pagaille une librairie d\u00e9di\u00e9e \u00e0 la litt\u00e9rature jeunesse \u00e0 Rouen"},"content":{"rendered":"<p class=\"article__intro\">Pagaille, une librairie associative, propose des livres jeunesse et des ateliers pour les enfants sur la rive gauche de Rouen. Un lieu de vie et de rencontres qui fait la part belle aux maisons d&rsquo;\u00e9dition ind\u00e9pendantes.<\/p>\n<p>\n      L\u2019actu des r\u00e9gions\n    <\/p>\n<p>\n      Chaque jour, un tour d\u2019horizon des principales infos de toutes les r\u00e9gions.\n    <\/p>\n<p>    France T\u00e9l\u00e9visions utilise votre adresse e-mail afin de vous envoyer la newsletter \u00ab\u00a0L\u2019actu des r\u00e9gions\u00a0\u00bb. Vous pouvez vous d\u00e9sinscrire \u00e0 tout moment via le lien en bas de cette newsletter. <a target=\"_blank\" href=\"https:\/\/www.francetelevisions.fr\/groupe\/confidentialite\/politique-de-confidentialite\/politique-de-confidentialite-de-france-televisions-6503\" rel=\"nofollow noopener\">Notre politique de confidentialit\u00e9<\/a><\/p>\n<p>En franchissant la porte, nous d\u00e9couvrons Agathe Leballeur, assise, devant un parterre d&rsquo;enfants. Dans ses mains, l&rsquo;album jeunesse Biglouche.<\/p>\n<p>Les bambins sont visiblement conquis par l&rsquo;histoire de ce dr\u00f4le de chat qui louche terriblement depuis sa naissance. Le monde qui l&rsquo;entoure lui appra\u00eet flou et l&rsquo;effraie. Alors un jour, il d\u00e9cide d&rsquo;aller voir le docteur Miro capable de r\u00e9soudre son probl\u00e8me de vue.<\/p>\n<p>Apr\u00e8s ses quelques minutes de lecture, la libraire propose aux enfants de fabriquer une paire de lunettes. \u00ab\u00a0L&rsquo;id\u00e9e de ces ateliers Brico&rsquo;lecture est de cr\u00e9er du lien\u00a0\u00bb explique Agathe Leballeur, \u00ab\u00a0le livre est un objet vivant qui peut-\u00eatre source de rencontre et d&rsquo;amusement.\u00a0\u00bb<\/p>\n<p>Une animation qui a tout de suite s\u00e9duit cette maman d&rsquo;une fillette de 5 ans : \u00ab\u00a0C&rsquo;est tr\u00e8s ludique. Ce n&rsquo;est pas uniquement de la lecture comme on pourrait en profiter dans une biblioth\u00e8que. Les enfants font ensuite un atelier en rapport avec le livre.\u00a0\u00bb<\/p>\n<p><strong>Voyez le reportage de Manon Berdou et Pierre L\u00e9onard<\/strong><\/p>\n<p>    dur\u00e9e de la vid\u00e9o : 00h01mn44s<\/p>\n<p>        <img decoding=\"async\" width=\"640\" height=\"426\" class=\"article-image not-lazy\" src=\"https:\/\/www.europesays.com\/fr\/wp-content\/uploads\/2025\/08\/d0c0b21a-f2fa-457b-a26d-5b76e32a1c9d.jpg\" alt=\"\" fetchpriority=\"high\"\/><\/p>\n<p>              Voir la video\u00a0(1 minutes 44 secondes).\u00a0<br \/>\n                  1 min 44 s<\/p>\n<p>\n          Une librairie jeunesse vient d\u2019ouvrir \u00e0 Rouen, pr\u00e8s du jardin des plantes. Les enfants et leurs parents vont pouvoir recevoir les conseils d\u2019une libraire sp\u00e9cialis\u00e9e, et assister \u00e0 de nombreux ateliers.<br \/>\nAvec les interviews de Agathe Leballeur, libraire et de clientes<\/p>\n<p>        \u2022<\/p>\n<p>              \u00a9FTV \/ Manon Berdou \/ Pierre L\u00e9onard\n      <\/p>\n<p>Ces ateliers, Agathe Leballeur continuera de les proposer tout au long de l&rsquo;ann\u00e9e. Car en ouvrant sa librairie Pagaille, cette habitante du quartier du Jardin des plantes depuis 15 ans \u00e0 Rouen a souhait\u00e9 avant tout cr\u00e9er du lien. \u00ab\u00a0Pagaille, c&rsquo;est un lieu de vie, de rencontres entre les auteurs et les clients mais aussi entre les habitants du quartier.\u00a0\u00bb<\/p>\n<p>Le concept : une librairie de petite taille, un peu plus de 30 m\u00e8tres carr\u00e9s et une s\u00e9lection volontairement limit\u00e9e de livres pour laisser de la visibilit\u00e9 aux petites maisons d&rsquo;\u00e9dition, le plus souvent locales et ind\u00e9pendantes, dont l&rsquo;offre est noy\u00e9e dans la masse.<\/p>\n<\/p>\n<p>\u00ab\u00a0Je trouvais que \u00e7a manquait \u00e0 Rouen, notamment de ce c\u00f4t\u00e9-ci de la Seine. Une librairie d\u00e9di\u00e9e principalement \u00e0 la jeunesse\u00a0\u00bb confie la libraire. \u00ab\u00a0Nous avons d\u00e9marr\u00e9 avec 1500 r\u00e9f\u00e9rences, ce qui est peu. Mais l&rsquo;objectif est de proposer 2 500 \u00e0 3 000 ouvrages dans un avenir proche.\u00a0\u00bb<\/p>\n<p>L&rsquo;essentiel des propositions de lecture est tourn\u00e9 vers les jeunes de 0 \u00e0 15 ans, des documentaires, des fictions, avant tout des livres illustr\u00e9s mais aussi des romans jeunesse. \u00ab\u00a0Nous avons choisi de varier les histoires et les graphismes pour que chacun trouve son compte en fonction de sa sensibilit\u00e9\u00a0\u00bb d\u00e9taille Agathe Leballeur. \u00ab\u00a0Nous mettons aussi en avant nos coups de coeur et une petite s\u00e9lection pour les adultes tels que des livres de vie pratique sur la cuisine, le jardin, la parentalit\u00e9.\u00a0\u00bb<\/p>\n<p>Sur le m\u00eame principe que les paniers de fruits et l\u00e9gumes achet\u00e9s tout au long de l&rsquo;ann\u00e9e aupr\u00e8s de producteurs locaux, Agathe Leballeur a mis au point un syst\u00e8me d\u2019abonnement. Chaque mois, ses adh\u00e9rents r\u00e9cup\u00e8rent un panier de livres concoct\u00e9 par ses soins.<\/p>\n<p>Une offre \u00e0 laquelle Ana\u00efs a souscrit : \u00ab\u00a0Agathe choisit en fonction de nous. Ce n&rsquo;est pas forc\u00e9ment des livres que j&rsquo;aurais achet\u00e9 seule. Mais \u00e0 chaque fois, elle fait mouche.\u00a0\u00bb Et pour cette riveraine, la librairie Pagaille est \u00ab\u00a0une tr\u00e8s bonne nouvelle pour le quartier. Nous avons besoin de davantage de commerces locaux qui dynamise le jardin des plantes. Ca cr\u00e9e une nouvelle opportunit\u00e9 d&rsquo;activit\u00e9s.\u00a0\u00bb<\/p>\n<\/p>\n<p>La librairie jeunesse a rejoint le 128 bis, un tiers-lieu culturel associatif situ\u00e9 sur l&rsquo;avenue des martyrs de la r\u00e9sistance \u00e0 Rouen, qui regroupe un caf\u00e9, un artisan pizza\u00efolo et un atelier.<\/p>\n<p>M\u00e9diatrice culturelle de m\u00e9tier, Agathe Leballeur a toujours eu une passion pour la litt\u00e9rature jeunesse. \u00ab\u00a0Je me suis lanc\u00e9e dans cette aventure car j&rsquo;avais envie de cr\u00e9er un lieu de vie dans le quartier\u00a0\u00bb poursuit-elle. \u00ab\u00a0J&rsquo;ai suivi une formation de libraire. J&rsquo;ai \u00e9t\u00e9 accompagn\u00e9e par deux incubateurs, <a href=\"https:\/\/parcours-metier.normandie.fr\/evenement\/emploi\/nonant-decouvrez-katapult-lincubateur-100-normand-de-less\" target=\"_blank\" rel=\"noopener noreferrer nofollow\" data-tooltip-url=\"https:\/\/parcours-metier.normandie.fr\/evenement\/emploi\/nonant-decouvrez-katapult-lincubateur-100-normand-de-less\">Katapult<\/a> et <a href=\"https:\/\/www.normandielivre.fr\/page-un-parcours-dincubation\/\" target=\"_blank\" rel=\"noopener noreferrer nofollow\" data-tooltip-url=\"https:\/\/www.normandielivre.fr\/page-un-parcours-dincubation\/\">Page<\/a>. Ce qui m&rsquo;a notamment permis de construire mon projet sur le plan \u00e9conomique.\u00a0\u00bb<\/p>\n<p>Un projet qui se veut engag\u00e9. <a href=\"https:\/\/www.normandielivre.fr\/charte-pour-lecologie-du-livre\/\" target=\"_blank\" rel=\"noopener noreferrer nofollow\" data-tooltip-url=\"https:\/\/www.normandielivre.fr\/charte-pour-lecologie-du-livre\/\">Agathe Leballeur a adh\u00e9r\u00e9 \u00e0 la charte de l&rsquo;\u00e9cologie du livre. <\/a>Un texte par lequel les acteurs \u00e9conomiques du livre en Normandie souhaitent promomuvoir un \u00e9cosyst\u00e8me du livre plus social, plus solidaire et plus durable.<\/p>\n","protected":false},"excerpt":{"rendered":"Pagaille, une librairie associative, propose des livres jeunesse et des ateliers pour les enfants sur la rive gauche&hellip;\n","protected":false},"author":2,"featured_media":356682,"comment_status":"","ping_status":"","sticky":false,"template":"","format":"standard","meta":{"footnotes":""},"categories":[9587],"tags":[1111,11,1777,674,1011,27,12,5161,25,9590],"class_list":{"0":"post-356681","1":"post","2":"type-post","3":"status-publish","4":"format-standard","5":"has-post-thumbnail","7":"category-rouen","8":"tag-actu","9":"tag-actualites","10":"tag-eu","11":"tag-europe","12":"tag-fr","13":"tag-france","14":"tag-news","15":"tag-normandie","16":"tag-republique-francaise","17":"tag-rouen"},"share_on_mastodon":{"url":"https:\/\/pubeurope.com\/@fr\/115124259372334805","error":""},"_links":{"self":[{"href":"https:\/\/www.europesays.com\/fr\/wp-json\/wp\/v2\/posts\/356681","targetHints":{"allow":["GET"]}}],"collection":[{"href":"https:\/\/www.europesays.com\/fr\/wp-json\/wp\/v2\/posts"}],"about":[{"href":"https:\/\/www.europesays.com\/fr\/wp-json\/wp\/v2\/types\/post"}],"author":[{"embeddable":true,"href":"https:\/\/www.europesays.com\/fr\/wp-json\/wp\/v2\/users\/2"}],"replies":[{"embeddable":true,"href":"https:\/\/www.europesays.com\/fr\/wp-json\/wp\/v2\/comments?post=356681"}],"version-history":[{"count":0,"href":"https:\/\/www.europesays.com\/fr\/wp-json\/wp\/v2\/posts\/356681\/revisions"}],"wp:featuredmedia":[{"embeddable":true,"href":"https:\/\/www.europesays.com\/fr\/wp-json\/wp\/v2\/media\/356682"}],"wp:attachment":[{"href":"https:\/\/www.europesays.com\/fr\/wp-json\/wp\/v2\/media?parent=356681"}],"wp:term":[{"taxonomy":"category","embeddable":true,"href":"https:\/\/www.europesays.com\/fr\/wp-json\/wp\/v2\/categories?post=356681"},{"taxonomy":"post_tag","embeddable":true,"href":"https:\/\/www.europesays.com\/fr\/wp-json\/wp\/v2\/tags?post=356681"}],"curies":[{"name":"wp","href":"https:\/\/api.w.org\/{rel}","templated":true}]}}