{"id":356683,"date":"2025-08-31T16:12:13","date_gmt":"2025-08-31T16:12:13","guid":{"rendered":"https:\/\/www.europesays.com\/fr\/356683\/"},"modified":"2025-08-31T16:12:13","modified_gmt":"2025-08-31T16:12:13","slug":"solitaire-du-figaro-2025-a-rouen-les-visiteurs-en-prennent-plein-les-yeux-devant-les-voiliers","status":"publish","type":"post","link":"https:\/\/www.europesays.com\/fr\/356683\/","title":{"rendered":"Solitaire du Figaro 2025 : \u00e0 Rouen, les visiteurs en prennent plein les yeux devant les voiliers"},"content":{"rendered":"<p>Le village de la Solitaire du Figaro Paprec a \u00e9t\u00e9 inaugur\u00e9 ce dimanche apr\u00e8s-midi \u00e0 Rouen. Plusieurs centaines de personnes en ont profit\u00e9 pour venir admirer la quarantaine de voiliers amarr\u00e9s sur les quais rive droite. Ils le seront jusqu&rsquo;au vendredi 5 septembre avant de partir pour le Havre.<\/p>\n<p>Sur les quais rive droite \u00e0 Rouen, le ballet\u00a0<a class=\"IciLink ici-link IciArticleLink g-ici-body-regular-1 underline brand svelte-lu7k6w\" href=\"https:\/\/www.francebleu.fr\/sports\/voile\/solitaire-du-figaro-2025-le-programme-du-depart-a-rouen-et-au-havre-1121245\" rel=\"nofollow noopener\" target=\"_blank\">des visiteurs<\/a>\u00a0n&rsquo;a pas cess\u00e9 ce samedi et ce dimanche 31 ao\u00fbt au village de d\u00e9part de la\u00a0<a class=\"IciLink ici-link IciArticleLink g-ici-body-regular-1 underline brand svelte-lu7k6w\" href=\"https:\/\/www.francebleu.fr\/emissions\/ici-matin-l-invite-de-ici-normandie\/l-invite-d-ici-matin-ici-normandie-5140489\" rel=\"nofollow noopener\" target=\"_blank\">Solitaire du Figaro Paprec<\/a>. \u00ab\u00a0C&rsquo;est un truc de fou\u00a0\u00bb, s&rsquo;\u00e9tonne S\u00e9bastien, 65 ans, un Rouennais venu admirer la quarantaine de voiliers amarr\u00e9s. Ces deux rang\u00e9es de bateaux blancs, align\u00e9s presque au millim\u00e8tre pr\u00e8s, le laisse sans voix. \u00ab\u00a0C&rsquo;est beau \u00e0 voir, les \u00e9quipages, leur pr\u00e9paration. On ne les voit pas en haut des m\u00e2ts, mais quand ils montent, c&rsquo;est quand m\u00eame quelque chose, c&rsquo;est un sacr\u00e9 tour\u00a0!\u00a0\u00bb, poursuit celui qui d\u00e9couvre l&rsquo;engouement autour de cette course.<\/p>\n<p>Une semaine de festivit\u00e9s<\/p>\n<p>Le long des quais, les t\u00e9l\u00e9phones portables sont de sortie. \u00ab\u00a0Quand on regarde l\u00e0, <strong>le peu d&rsquo;espace qu&rsquo;il y a pour vivre dans ce voilier<\/strong>, je pense qu&rsquo;il faut \u00eatre assez courageux pour faire \u00e7a\u00a0\u00bb, explique de son c\u00f4t\u00e9 J\u00e9r\u00e9my, venu avec sa femme F\u00e9riel et leurs deux enfants, Hugo et L\u00e9a. \u00ab\u00a0Notre fille nous disait que le bateau \u00e9tait petit et on lui disait que c&rsquo;\u00e9tait normal, car l&rsquo;espace doit \u00eatre optimis\u00e9, c&rsquo;est li\u00e9 \u00e0 la performance\u00a0\u00bb, ajoute de son c\u00f4t\u00e9 F\u00e9riel avant que sa fille L\u00e9a ne r\u00e9torque \u00ab\u00a0ils sont courageux franchement parce que vivre dans ce petit espace en une semaine, ce n&rsquo;est pas donn\u00e9 \u00e0 tout le monde\u00a0\u00bb.<\/p>\n<p>Devant ces monocoques, les passants analysent chaque corde, chaque voile de ces bateaux. \u00ab\u00a0L\u00e0 de les voir en vrai, de voir tous les cordages, de les voir tout simplement m\u00eame si <strong>je ne suis pas trop cette course<\/strong>, \u00e7a me donne vraiment envie de la suivre apr\u00e8s leur d\u00e9part pour le Havre\u00a0\u00bb, t\u00e9moigne de son c\u00f4t\u00e9 S\u00e9bastien. \u00ab\u00a0D\u00e9j\u00e0, je ne pensais pas qu&rsquo;il y en aurait autant\u00a0\u00bb, poursuit-il en souriant.<\/p>\n<p>Trente-cinq skippeurs partiront ce vendredi 5 septembre 2025 direction le Havre avant le grand d\u00e9part pr\u00e9vu ce dimanche. \u00ab\u00a0On suivra \u00e7a dans les journaux et <strong>\u00e0 la radio<\/strong>\u00ab\u00a0, l\u00e2che, de mani\u00e8re tr\u00e8s succincte, Guy, un passant. Trois normands participent \u00e0 cette \u00e9dition, le Rouennais Alexis Loison, Jules Ducelier qui est licenci\u00e9 au Havre. Et puis Yvon Larnicol, le Dieppois pour qui c&rsquo;est la premi\u00e8re fois.<\/p>\n<p> (function(w, d) {     if (w.FB &#038;&#038; w.FB.XFBML &#038;&#038; w.FB.XFBML.parse) {         if (&lsquo;undefined&rsquo; == typeof w.__fbTimeout) {             w.__fbTimeout = setTimeout(function() {                 w.FB.XFBML.parse();                 w.__fbTimeout = undefined;             }, 1000);         }     } else if (&lsquo;undefined&rsquo; == typeof w.__fbTimeout) {         if (d.querySelectorAll(&lsquo;#fb-root&rsquo;).length === 0) {             var fbRoot = d.createElement(&lsquo;div&rsquo;);             fbRoot.id = &lsquo;fb-root&rsquo;;             d.querySelector(&lsquo;body&rsquo;).append(fbRoot);         }         if (d.querySelectorAll(&lsquo;#facebook-jssdk&rsquo;).length === 0) {             var fbScript = d.createElement(&lsquo;script&rsquo;);             fbScript.id = &lsquo;facebook-jssdk&rsquo;;             fbScript.src=\u00a0\u00bb\/\/connect.facebook.net\/fr_FR\/sdk.js#xfbml=1&#038;version=v2.8&#038;appId=593991304071705&Prime;;             fbScript.async = 1;             d.querySelector(&lsquo;head&rsquo;).append(fbScript);         }     } })(window, window.document); \\u003C\/script>\\\u00a0\u00bb,\\\u00a0\u00bbprovider\\\u00a0\u00bb:\\\u00a0\u00bbfacebook\\\u00a0\u00bb,\\\u00a0\u00bbdidomiPurposes\\\u00a0\u00bb:\\\u00a0\u00bbPour afficher ce contenu Facebook, vous devez accepter les cookies \\u003Cb>R\u00e9seaux Sociaux\\u003C\/b>.\\u003Cbr>\\u003Cbr>Ces cookies permettent de partager ou r\u00e9agir directement sur les r\u00e9seaux sociaux auxquels vous \u00eates connect\u00e9s ou d&rsquo;int\u00e9grer du contenu initialement post\u00e9 sur ces r\u00e9seaux sociaux. Ils permettent aussi aux r\u00e9seaux sociaux d&rsquo;utiliser vos visites sur nos sites et applications \u00e0 des fins de personnalisation et de ciblage publicitaire.\\\u00a0\u00bb,\\\u00a0\u00bbdidomiVendorId\\\u00a0\u00bb:\\\u00a0\u00bbc:facebookc-rgacRMQm\\\u00a0\u00bb}},{\\\u00a0\u00bbtype\\\u00a0\u00bb:\\\u00a0\u00bbtext\\\u00a0\u00bb,\\\u00a0\u00bbchildren\\\u00a0\u00bb:[{\\\u00a0\u00bbtype\\\u00a0\u00bb:\\\u00a0\u00bbtext\\\u00a0\u00bb,\\\u00a0\u00bbvalue\\\u00a0\u00bb:\\\u00a0\u00bbDevant ces monocoques, les passants analysent chaque corde, chaque voile de ces bateaux. \\\\\\\u00a0\u00bb\\u003Cem>L\u00e0 de les voir en vrai, de voir tous les cordages, de les voir tout simplement m\u00eame si \\u003Cstrong>je ne suis pas trop cette course\\u003C\/strong>, \u00e7a me donne vraiment envie de la suivre apr\u00e8s leur d\u00e9part pour le Havre\\u003C\/em>\\\\\\\u00a0\u00bb, t\u00e9moigne de son c\u00f4t\u00e9 S\u00e9bastien. \\\\\\\u00a0\u00bb\\u003Cem>D\u00e9j\u00e0, je ne pensais pas qu&rsquo;il y en aurait autant\\u003C\/em>\\\\\\\u00a0\u00bb, poursuit-il en souriant.\\\u00a0\u00bb}]},{\\\u00a0\u00bbtype\\\u00a0\u00bb:\\\u00a0\u00bbtext\\\u00a0\u00bb,\\\u00a0\u00bbchildren\\\u00a0\u00bb:[{\\\u00a0\u00bbtype\\\u00a0\u00bb:\\\u00a0\u00bbtext\\\u00a0\u00bb,\\\u00a0\u00bbvalue\\\u00a0\u00bb:\\\u00a0\u00bbTrente-cinq skippeurs partiront ce vendredi 5 septembre 2025 direction le Havre avant le grand d\u00e9part pr\u00e9vu ce dimanche. \\\\\\\u00a0\u00bb\\u003Cem>On suivra \u00e7a dans les journaux et \\u003Cstrong>\u00e0 la radio\\u003C\/strong>\\u003C\/em>\\\\\\\u00a0\u00bb, l\u00e2che, de mani\u00e8re tr\u00e8s succincte, Guy, un passant. Trois normands participent \u00e0 cette \u00e9dition, le Rouennais Alexis Loison, Jules Ducelier qui est licenci\u00e9 au Havre. Et puis Yvon Larnicol, le Dieppois pour qui c&rsquo;est la premi\u00e8re fois.\\\u00a0\u00bb}]}],\\\u00a0\u00bbauthors\\\u00a0\u00bb:[{\\\u00a0\u00bbname\\\u00a0\u00bb:\\\u00a0\u00bbBradley de Souza\\\u00a0\u00bb,\\\u00a0\u00bbpath\\\u00a0\u00bb:\\\u00a0\u00bb\\\u00a0\u00bb,\\\u00a0\u00bbvisualsq1x\\\u00a0\u00bb:null,\\\u00a0\u00bbvisualsq2x\\\u00a0\u00bb:null,\\\u00a0\u00bbvisualsq3x\\\u00a0\u00bb:null}],\\\u00a0\u00bbgeopoints\\\u00a0\u00bb:[{\\\u00a0\u00bbcity\\\u00a0\u00bb:\\\u00a0\u00bbRouen\\\u00a0\u00bb,\\\u00a0\u00bbregion\\\u00a0\u00bb:\\\u00a0\u00bbNormandie\\\u00a0\u00bb,\\\u00a0\u00bbdepartment\\\u00a0\u00bb:\\\u00a0\u00bbSeine-Maritime\\\u00a0\u00bb}],\\\u00a0\u00bbbody\\\u00a0\u00bb:[{\\\u00a0\u00bbtype\\\u00a0\u00bb:\\\u00a0\u00bbtext\\\u00a0\u00bb,\\\u00a0\u00bbchildren\\\u00a0\u00bb:[{\\\u00a0\u00bbtype\\\u00a0\u00bb:\\\u00a0\u00bbtext\\\u00a0\u00bb,\\\u00a0\u00bbvalue\\\u00a0\u00bb:\\\u00a0\u00bbSur les quais rive droite \u00e0 Rouen, le ballet\u00a0\\\u00a0\u00bb},{\\\u00a0\u00bbtype\\\u00a0\u00bb:\\\u00a0\u00bblink\\\u00a0\u00bb,\\\u00a0\u00bbdata\\\u00a0\u00bb:{\\\u00a0\u00bbhref\\\u00a0\u00bb:\\\u00a0\u00bbhttps:\/\/www.francebleu.fr\/sports\/voile\/solitaire-du-figaro-2025-le-programme-du-depart-a-rouen-et-au-havre-1121245\\\u00a0\u00bb},\\\u00a0\u00bbvalue\\\u00a0\u00bb:\\\u00a0\u00bbdes visiteurs\\\u00a0\u00bb},{\\\u00a0\u00bbtype\\\u00a0\u00bb:\\\u00a0\u00bbtext\\\u00a0\u00bb,\\\u00a0\u00bbvalue\\\u00a0\u00bb:\\\u00a0\u00bb\u00a0n&rsquo;a pas cess\u00e9 ce samedi et ce dimanche 31 ao\u00fbt au village de d\u00e9part de la\u00a0\\\u00a0\u00bb},{\\\u00a0\u00bbtype\\\u00a0\u00bb:\\\u00a0\u00bblink\\\u00a0\u00bb,\\\u00a0\u00bbdata\\\u00a0\u00bb:{\\\u00a0\u00bbhref\\\u00a0\u00bb:\\\u00a0\u00bbhttps:\/\/www.francebleu.fr\/emissions\/ici-matin-l-invite-de-ici-normandie\/l-invite-d-ici-matin-ici-normandie-5140489\\\u00a0\u00bb},\\\u00a0\u00bbvalue\\\u00a0\u00bb:\\\u00a0\u00bbSolitaire du Figaro Paprec\\\u00a0\u00bb},{\\\u00a0\u00bbtype\\\u00a0\u00bb:\\\u00a0\u00bbtext\\\u00a0\u00bb,\\\u00a0\u00bbvalue\\\u00a0\u00bb:\\\u00a0\u00bb. \\\\\\\u00a0\u00bb\\u003Cem>C&rsquo;est un truc de fou\\u003C\/em>\\\\\\\u00a0\u00bb, s&rsquo;\u00e9tonne S\u00e9bastien, 65 ans, un Rouennais venu admirer la quarantaine de voiliers amarr\u00e9s. Ces deux rang\u00e9es de bateaux blancs, align\u00e9s presque au millim\u00e8tre pr\u00e8s, le laisse sans voix. \\\\\\\u00a0\u00bb\\u003Cem>C&rsquo;est beau \u00e0 voir, les \u00e9quipages, leur pr\u00e9paration. On ne les voit pas en haut des m\u00e2ts, mais quand ils montent, c&rsquo;est quand m\u00eame quelque chose, c&rsquo;est un sacr\u00e9 tour\u00a0!\\u003C\/em>\\\\\\\u00a0\u00bb, poursuit celui qui d\u00e9couvre l&rsquo;engouement autour de cette course.\\\u00a0\u00bb}]},{\\\u00a0\u00bbtype\\\u00a0\u00bb:\\\u00a0\u00bbembed\\\u00a0\u00bb,\\\u00a0\u00bbdata\\\u00a0\u00bb:{\\\u00a0\u00bbhtml\\\u00a0\u00bb:\\\u00a0\u00bb\\\u00a0\u00bb,\\\u00a0\u00bbprovider\\\u00a0\u00bb:\\\u00a0\u00bbinread\\\u00a0\u00bb,\\\u00a0\u00bbforceDisplay\\\u00a0\u00bb:true}},{\\\u00a0\u00bbtype\\\u00a0\u00bb:\\\u00a0\u00bbheading\\\u00a0\u00bb,\\\u00a0\u00bblevel\\\u00a0\u00bb:2,\\\u00a0\u00bbvalue\\\u00a0\u00bb:\\\u00a0\u00bbUne semaine de festivit\u00e9s\\\u00a0\u00bb},{\\\u00a0\u00bbtype\\\u00a0\u00bb:\\\u00a0\u00bbtext\\\u00a0\u00bb,\\\u00a0\u00bbchildren\\\u00a0\u00bb:[{\\\u00a0\u00bbtype\\\u00a0\u00bb:\\\u00a0\u00bbtext\\\u00a0\u00bb,\\\u00a0\u00bbvalue\\\u00a0\u00bb:\\\u00a0\u00bbLe long des quais, les t\u00e9l\u00e9phones portables sont de sortie. \\\\\\\u00a0\u00bb\\u003Cem>Quand on regarde l\u00e0, \\u003Cstrong>le peu d&rsquo;espace qu&rsquo;il y a pour vivre dans ce voilier\\u003C\/strong>, je pense qu&rsquo;il faut \u00eatre assez courageux pour faire \u00e7a\\u003C\/em>\\\\\\\u00a0\u00bb, explique de son c\u00f4t\u00e9 J\u00e9r\u00e9my, venu avec sa femme F\u00e9riel et leurs deux enfants, Hugo et L\u00e9a. \\\\\\\u00a0\u00bb\\u003Cem>Notre fille nous disait que le bateau \u00e9tait petit et on lui disait que c&rsquo;\u00e9tait normal, car l&rsquo;espace doit \u00eatre optimis\u00e9, c&rsquo;est li\u00e9 \u00e0 la performance\\u003C\/em>\\\\\\\u00a0\u00bb, ajoute de son c\u00f4t\u00e9 F\u00e9riel avant que sa fille L\u00e9a ne r\u00e9torque \\\\\\\u00a0\u00bb\\u003Cem>ils sont courageux franchement parce que vivre dans ce petit espace en une semaine, ce n&rsquo;est pas donn\u00e9 \u00e0 tout le monde\\u003C\/em>\\\\\\\u00a0\u00bb.\\\u00a0\u00bb}]},{\\\u00a0\u00bbtype\\\u00a0\u00bb:\\\u00a0\u00bbembed\\\u00a0\u00bb,\\\u00a0\u00bbdata\\\u00a0\u00bb:{\\\u00a0\u00bbhtml\\\u00a0\u00bb:\\\u00a0\u00bb\\u003Cdiv class=\\\\\\\u00a0\u00bbfb-post\\\\\\\u00a0\u00bb data-href=\\\\\\\u00a0\u00bbhttps:\/\/www.facebook.com\/reel\/2020490728785526\\\\\\\u00a0\u00bb data-width=\\\\\\\u00a0\u00bb560\\\\\\\u00a0\u00bb data-show-text=\\\\\\\u00a0\u00bbtrue\\\\\\\u00a0\u00bb >\\u003C\/div> \\u003Cscript> (function(w, d) {     if (w.FB &#038;&#038; w.FB.XFBML &#038;&#038; w.FB.XFBML.parse) {         if (&lsquo;undefined&rsquo; == typeof w.__fbTimeout) {             w.__fbTimeout = setTimeout(function() {                 w.FB.XFBML.parse();                 w.__fbTimeout = undefined;             }, 1000);         }     } else if (&lsquo;undefined&rsquo; == typeof w.__fbTimeout) {         if (d.querySelectorAll(&lsquo;#fb-root&rsquo;).length === 0) {             var fbRoot = d.createElement(&lsquo;div&rsquo;);             fbRoot.id = &lsquo;fb-root&rsquo;;             d.querySelector(&lsquo;body&rsquo;).append(fbRoot);         }         if (d.querySelectorAll(&lsquo;#facebook-jssdk&rsquo;).length === 0) {             var fbScript = d.createElement(&lsquo;script&rsquo;);             fbScript.id = &lsquo;facebook-jssdk&rsquo;;             fbScript.src=\u00a0\u00bb\/\/connect.facebook.net\/fr_FR\/sdk.js#xfbml=1&#038;version=v2.8&#038;appId=593991304071705&Prime;;             fbScript.async = 1;             d.querySelector(&lsquo;head&rsquo;).append(fbScript);         }     } })(window, window.document); \\u003C\/script>\\\u00a0\u00bb,\\\u00a0\u00bbprovider\\\u00a0\u00bb:\\\u00a0\u00bbfacebook\\\u00a0\u00bb,\\\u00a0\u00bbdidomiPurposes\\\u00a0\u00bb:\\\u00a0\u00bbPour afficher ce contenu Facebook, vous devez accepter les cookies \\u003Cb>R\u00e9seaux Sociaux\\u003C\/b>.\\u003Cbr>\\u003Cbr>Ces cookies permettent de partager ou r\u00e9agir directement sur les r\u00e9seaux sociaux auxquels vous \u00eates connect\u00e9s ou d&rsquo;int\u00e9grer du contenu initialement post\u00e9 sur ces r\u00e9seaux sociaux. Ils permettent aussi aux r\u00e9seaux sociaux d&rsquo;utiliser vos visites sur nos sites et applications \u00e0 des fins de personnalisation et de ciblage publicitaire.\\\u00a0\u00bb,\\\u00a0\u00bbdidomiVendorId\\\u00a0\u00bb:\\\u00a0\u00bbc:facebookc-rgacRMQm\\\u00a0\u00bb}},{\\\u00a0\u00bbtype\\\u00a0\u00bb:\\\u00a0\u00bbtext\\\u00a0\u00bb,\\\u00a0\u00bbchildren\\\u00a0\u00bb:[{\\\u00a0\u00bbtype\\\u00a0\u00bb:\\\u00a0\u00bbtext\\\u00a0\u00bb,\\\u00a0\u00bbvalue\\\u00a0\u00bb:\\\u00a0\u00bbDevant ces monocoques, les passants analysent chaque corde, chaque voile de ces bateaux. \\\\\\\u00a0\u00bb\\u003Cem>L\u00e0 de les voir en vrai, de voir tous les cordages, de les voir tout simplement m\u00eame si \\u003Cstrong>je ne suis pas trop cette course\\u003C\/strong>, \u00e7a me donne vraiment envie de la suivre apr\u00e8s leur d\u00e9part pour le Havre\\u003C\/em>\\\\\\\u00a0\u00bb, t\u00e9moigne de son c\u00f4t\u00e9 S\u00e9bastien. \\\\\\\u00a0\u00bb\\u003Cem>D\u00e9j\u00e0, je ne pensais pas qu&rsquo;il y en aurait autant\\u003C\/em>\\\\\\\u00a0\u00bb, poursuit-il en souriant.\\\u00a0\u00bb}]},{\\\u00a0\u00bbtype\\\u00a0\u00bb:\\\u00a0\u00bbtext\\\u00a0\u00bb,\\\u00a0\u00bbchildren\\\u00a0\u00bb:[{\\\u00a0\u00bbtype\\\u00a0\u00bb:\\\u00a0\u00bbtext\\\u00a0\u00bb,\\\u00a0\u00bbvalue\\\u00a0\u00bb:\\\u00a0\u00bbTrente-cinq skippeurs partiront ce vendredi 5 septembre 2025 direction le Havre avant le grand d\u00e9part pr\u00e9vu ce dimanche. \\\\\\\u00a0\u00bb\\u003Cem>On suivra \u00e7a dans les journaux et \\u003Cstrong>\u00e0 la radio\\u003C\/strong>\\u003C\/em>\\\\\\\u00a0\u00bb, l\u00e2che, de mani\u00e8re tr\u00e8s succincte, Guy, un passant. Trois normands participent \u00e0 cette \u00e9dition, le Rouennais Alexis Loison, Jules Ducelier qui est licenci\u00e9 au Havre. Et puis Yvon Larnicol, le Dieppois pour qui c&rsquo;est la premi\u00e8re fois.\\\u00a0\u00bb}]}],\\\u00a0\u00bbgeoInfos\\\u00a0\u00bb:[{\\\u00a0\u00bbregion\\\u00a0\u00bb:{\\\u00a0\u00bbtitle\\\u00a0\u00bb:\\\u00a0\u00bbNormandie\\\u00a0\u00bb,\\\u00a0\u00bbslug\\\u00a0\u00bb:\\\u00a0\u00bbnormandie\\\u00a0\u00bb,\\\u00a0\u00bbcities\\\u00a0\u00bb:[{\\\u00a0\u00bbtitle\\\u00a0\u00bb:\\\u00a0\u00bbAlen\u00e7on\\\u00a0\u00bb,\\\u00a0\u00bbpath\\\u00a0\u00bb:\\\u00a0\u00bb\/normandie\/orne-61\/alencon-61001\\\u00a0\u00bb},{\\\u00a0\u00bbtitle\\\u00a0\u00bb:\\\u00a0\u00bbCaen\\\u00a0\u00bb,\\\u00a0\u00bbpath\\\u00a0\u00bb:\\\u00a0\u00bb\/normandie\/calvados-14\/caen-14118\\\u00a0\u00bb},{\\\u00a0\u00bbtitle\\\u00a0\u00bb:\\\u00a0\u00bbCherbourg-en-Cotentin\\\u00a0\u00bb,\\\u00a0\u00bbpath\\\u00a0\u00bb:\\\u00a0\u00bb\/normandie\/manche-50\/cherbourg-en-cotentin-50129\\\u00a0\u00bb},{\\\u00a0\u00bbtitle\\\u00a0\u00bb:\\\u00a0\u00bbDieppe\\\u00a0\u00bb,\\\u00a0\u00bbpath\\\u00a0\u00bb:\\\u00a0\u00bb\/normandie\/seine-maritime-76\/dieppe-76217\\\u00a0\u00bb},{\\\u00a0\u00bbtitle\\\u00a0\u00bb:\\\u00a0\u00bb\u00c9vreux\\\u00a0\u00bb,\\\u00a0\u00bbpath\\\u00a0\u00bb:\\\u00a0\u00bb\/normandie\/eure-27\/evreux-27229\\\u00a0\u00bb},{\\\u00a0\u00bbtitle\\\u00a0\u00bb:\\\u00a0\u00bbLe Grand-Quevilly\\\u00a0\u00bb,\\\u00a0\u00bbpath\\\u00a0\u00bb:\\\u00a0\u00bb\/normandie\/seine-maritime-76\/grand-quevilly-76322\\\u00a0\u00bb},{\\\u00a0\u00bbtitle\\\u00a0\u00bb:\\\u00a0\u00bbLe Havre\\\u00a0\u00bb,\\\u00a0\u00bbpath\\\u00a0\u00bb:\\\u00a0\u00bb\/normandie\/seine-maritime-76\/havre-76351\\\u00a0\u00bb},{\\\u00a0\u00bbtitle\\\u00a0\u00bb:\\\u00a0\u00bbRouen\\\u00a0\u00bb,\\\u00a0\u00bbpath\\\u00a0\u00bb:\\\u00a0\u00bb\/normandie\/seine-maritime-76\/rouen-76540\\\u00a0\u00bb},{\\\u00a0\u00bbtitle\\\u00a0\u00bb:\\\u00a0\u00bbSaint-\u00c9tienne-du-Rouvray\\\u00a0\u00bb,\\\u00a0\u00bbpath\\\u00a0\u00bb:\\\u00a0\u00bb\/normandie\/seine-maritime-76\/saint-etienne-du-rouvray-76575\\\u00a0\u00bb},{\\\u00a0\u00bbtitle\\\u00a0\u00bb:\\\u00a0\u00bbSotteville-l\u00e8s-Rouen\\\u00a0\u00bb,\\\u00a0\u00bbpath\\\u00a0\u00bb:\\\u00a0\u00bb\/normandie\/seine-maritime-76\/sotteville-les-rouen-76681\\\u00a0\u00bb}],\\\u00a0\u00bbdepartments\\\u00a0\u00bb:[{\\\u00a0\u00bbslug\\\u00a0\u00bb:\\\u00a0\u00bbcalvados-14\\\u00a0\u00bb,\\\u00a0\u00bbtitle\\\u00a0\u00bb:\\\u00a0\u00bbCalvados\\\u00a0\u00bb,\\\u00a0\u00bbtitleArticle\\\u00a0\u00bb:\\\u00a0\u00bbdu \\\u00a0\u00bb,\\\u00a0\u00bblocale\\\u00a0\u00bb:{\\\u00a0\u00bbmain\\\u00a0\u00bb:\\\u00a0\u00bbnormandie-caen\\\u00a0\u00bb,\\\u00a0\u00bbnearest\\\u00a0\u00bb:[]},\\\u00a0\u00bbnearestDepartment\\\u00a0\u00bb:[\\\u00a0\u00bbseine-maritime-76\\\u00a0\u00bb,\\\u00a0\u00bbeure-27\\\u00a0\u00bb,\\\u00a0\u00bborne-61\\\u00a0\u00bb,\\\u00a0\u00bbmanche-50\\\u00a0\u00bb],\\\u00a0\u00bbcities\\\u00a0\u00bb:[{\\\u00a0\u00bbpath\\\u00a0\u00bb:\\\u00a0\u00bb\/normandie\/calvados-14\/bayeux-14047\\\u00a0\u00bb,\\\u00a0\u00bbtitle\\\u00a0\u00bb:\\\u00a0\u00bbBayeux\\\u00a0\u00bb},{\\\u00a0\u00bbpath\\\u00a0\u00bb:\\\u00a0\u00bb\/normandie\/calvados-14\/caen-14118\\\u00a0\u00bb,\\\u00a0\u00bbtitle\\\u00a0\u00bb:\\\u00a0\u00bbCaen\\\u00a0\u00bb},{\\\u00a0\u00bbpath\\\u00a0\u00bb:\\\u00a0\u00bb\/normandie\/calvados-14\/herouville-saint-clair-14327\\\u00a0\u00bb,\\\u00a0\u00bbtitle\\\u00a0\u00bb:\\\u00a0\u00bbH\u00e9rouville-Saint-Clair\\\u00a0\u00bb},{\\\u00a0\u00bbpath\\\u00a0\u00bb:\\\u00a0\u00bb\/normandie\/calvados-14\/ifs-14341\\\u00a0\u00bb,\\\u00a0\u00bbtitle\\\u00a0\u00bb:\\\u00a0\u00bbIfs\\\u00a0\u00bb},{\\\u00a0\u00bbpath\\\u00a0\u00bb:\\\u00a0\u00bb\/normandie\/calvados-14\/lisieux-14366\\\u00a0\u00bb,\\\u00a0\u00bbtitle\\\u00a0\u00bb:\\\u00a0\u00bbLisieux\\\u00a0\u00bb},{\\\u00a0\u00bbpath\\\u00a0\u00bb:\\\u00a0\u00bb\/normandie\/calvados-14\/mondeville-14437\\\u00a0\u00bb,\\\u00a0\u00bbtitle\\\u00a0\u00bb:\\\u00a0\u00bbMondeville\\\u00a0\u00bb},{\\\u00a0\u00bbpath\\\u00a0\u00bb:\\\u00a0\u00bb\/normandie\/calvados-14\/ouistreham-14488\\\u00a0\u00bb,\\\u00a0\u00bbtitle\\\u00a0\u00bb:\\\u00a0\u00bbOuistreham\\\u00a0\u00bb},{\\\u00a0\u00bbpath\\\u00a0\u00bb:\\\u00a0\u00bb\/normandie\/calvados-14\/vire-normandie-14762\\\u00a0\u00bb,\\\u00a0\u00bbtitle\\\u00a0\u00bb:\\\u00a0\u00bbVire Normandie\\\u00a0\u00bb},{\\\u00a0\u00bbpath\\\u00a0\u00bb:\\\u00a0\u00bb\/normandie\/calvados-14\/souleuvre-en-bocage-14061\\\u00a0\u00bb,\\\u00a0\u00bbtitle\\\u00a0\u00bb:\\\u00a0\u00bbSouleuvre en Bocage\\\u00a0\u00bb},{\\\u00a0\u00bbpath\\\u00a0\u00bb:\\\u00a0\u00bb\/normandie\/calvados-14\/mezidon-vallee-d-auge-14431\\\u00a0\u00bb,\\\u00a0\u00bbtitle\\\u00a0\u00bb:\\\u00a0\u00bbM\u00e9zidon Vall\u00e9e d&rsquo;Auge\\\u00a0\u00bb}]},{\\\u00a0\u00bbslug\\\u00a0\u00bb:\\\u00a0\u00bbeure-27\\\u00a0\u00bb,\\\u00a0\u00bbtitle\\\u00a0\u00bb:\\\u00a0\u00bbEure\\\u00a0\u00bb,\\\u00a0\u00bbtitleArticle\\\u00a0\u00bb:\\\u00a0\u00bbde l&rsquo;\\\u00a0\u00bb,\\\u00a0\u00bblocale\\\u00a0\u00bb:{\\\u00a0\u00bbnearest\\\u00a0\u00bb:[\\\u00a0\u00bbnormandie-rouen\\\u00a0\u00bb]},\\\u00a0\u00bbnearestDepartment\\\u00a0\u00bb:[\\\u00a0\u00bbseine-maritime-76\\\u00a0\u00bb,\\\u00a0\u00bboise-60\\\u00a0\u00bb,\\\u00a0\u00bbval-doise-95\\\u00a0\u00bb,\\\u00a0\u00bbyvelines-78\\\u00a0\u00bb,\\\u00a0\u00bbeure-et-loir-28\\\u00a0\u00bb,\\\u00a0\u00bborne-61\\\u00a0\u00bb,\\\u00a0\u00bbcalvados-14\\\u00a0\u00bb],\\\u00a0\u00bbcities\\\u00a0\u00bb:[{\\\u00a0\u00bbpath\\\u00a0\u00bb:\\\u00a0\u00bb\/normandie\/eure-27\/bernay-27056\\\u00a0\u00bb,\\\u00a0\u00bbtitle\\\u00a0\u00bb:\\\u00a0\u00bbBernay\\\u00a0\u00bb},{\\\u00a0\u00bbpath\\\u00a0\u00bb:\\\u00a0\u00bb\/normandie\/eure-27\/gisors-27284\\\u00a0\u00bb,\\\u00a0\u00bbtitle\\\u00a0\u00bb:\\\u00a0\u00bbGisors\\\u00a0\u00bb},{\\\u00a0\u00bbpath\\\u00a0\u00bb:\\\u00a0\u00bb\/normandie\/eure-27\/louviers-27375\\\u00a0\u00bb,\\\u00a0\u00bbtitle\\\u00a0\u00bb:\\\u00a0\u00bbLouviers\\\u00a0\u00bb},{\\\u00a0\u00bbpath\\\u00a0\u00bb:\\\u00a0\u00bb\/normandie\/eure-27\/pont-audemer-27467\\\u00a0\u00bb,\\\u00a0\u00bbtitle\\\u00a0\u00bb:\\\u00a0\u00bbPont-Audemer\\\u00a0\u00bb},{\\\u00a0\u00bbpath\\\u00a0\u00bb:\\\u00a0\u00bb\/normandie\/eure-27\/val-de-reuil-27701\\\u00a0\u00bb,\\\u00a0\u00bbtitle\\\u00a0\u00bb:\\\u00a0\u00bbVal-de-Reuil\\\u00a0\u00bb},{\\\u00a0\u00bbpath\\\u00a0\u00bb:\\\u00a0\u00bb\/normandie\/eure-27\/verneuil-d-avre-et-d-iton-27679\\\u00a0\u00bb,\\\u00a0\u00bbtitle\\\u00a0\u00bb:\\\u00a0\u00bbVerneuil d&rsquo;Avre et d&rsquo;Iton\\\u00a0\u00bb},{\\\u00a0\u00bbpath\\\u00a0\u00bb:\\\u00a0\u00bb\/normandie\/eure-27\/vernon-27681\\\u00a0\u00bb,\\\u00a0\u00bbtitle\\\u00a0\u00bb:\\\u00a0\u00bbVernon\\\u00a0\u00bb},{\\\u00a0\u00bbpath\\\u00a0\u00bb:\\\u00a0\u00bb\/normandie\/eure-27\/evreux-27229\\\u00a0\u00bb,\\\u00a0\u00bbtitle\\\u00a0\u00bb:\\\u00a0\u00bb\u00c9vreux\\\u00a0\u00bb},{\\\u00a0\u00bbpath\\\u00a0\u00bb:\\\u00a0\u00bb\/normandie\/eure-27\/gaillon-27275\\\u00a0\u00bb,\\\u00a0\u00bbtitle\\\u00a0\u00bb:\\\u00a0\u00bbGaillon\\\u00a0\u00bb},{\\\u00a0\u00bbpath\\\u00a0\u00bb:\\\u00a0\u00bb\/normandie\/eure-27\/andelys-27016\\\u00a0\u00bb,\\\u00a0\u00bbtitle\\\u00a0\u00bb:\\\u00a0\u00bbLes Andelys\\\u00a0\u00bb}]},{\\\u00a0\u00bbslug\\\u00a0\u00bb:\\\u00a0\u00bbmanche-50\\\u00a0\u00bb,\\\u00a0\u00bbtitle\\\u00a0\u00bb:\\\u00a0\u00bbManche\\\u00a0\u00bb,\\\u00a0\u00bbtitleArticle\\\u00a0\u00bb:\\\u00a0\u00bbde \\\u00a0\u00bb,\\\u00a0\u00bblocale\\\u00a0\u00bb:{\\\u00a0\u00bbmain\\\u00a0\u00bb:\\\u00a0\u00bbcotentin\\\u00a0\u00bb,\\\u00a0\u00bbnearest\\\u00a0\u00bb:[\\\u00a0\u00bbnormandie-caen\\\u00a0\u00bb]},\\\u00a0\u00bbnearestDepartment\\\u00a0\u00bb:[\\\u00a0\u00bbcalvados-14\\\u00a0\u00bb,\\\u00a0\u00bborne-61\\\u00a0\u00bb,\\\u00a0\u00bbmayenne-53\\\u00a0\u00bb,\\\u00a0\u00bbille-et-vilaine-35\\\u00a0\u00bb],\\\u00a0\u00bbcities\\\u00a0\u00bb:[{\\\u00a0\u00bbpath\\\u00a0\u00bb:\\\u00a0\u00bb\/normandie\/manche-50\/avranches-50025\\\u00a0\u00bb,\\\u00a0\u00bbtitle\\\u00a0\u00bb:\\\u00a0\u00bbAvranches\\\u00a0\u00bb},{\\\u00a0\u00bbpath\\\u00a0\u00bb:\\\u00a0\u00bb\/normandie\/manche-50\/carentan-les-marais-50099\\\u00a0\u00bb,\\\u00a0\u00bbtitle\\\u00a0\u00bb:\\\u00a0\u00bbCarentan-les-Marais\\\u00a0\u00bb},{\\\u00a0\u00bbpath\\\u00a0\u00bb:\\\u00a0\u00bb\/normandie\/manche-50\/cherbourg-en-cotentin-50129\\\u00a0\u00bb,\\\u00a0\u00bbtitle\\\u00a0\u00bb:\\\u00a0\u00bbCherbourg-en-Cotentin\\\u00a0\u00bb},{\\\u00a0\u00bbpath\\\u00a0\u00bb:\\\u00a0\u00bb\/normandie\/manche-50\/coutances-50147\\\u00a0\u00bb,\\\u00a0\u00bbtitle\\\u00a0\u00bb:\\\u00a0\u00bbCoutances\\\u00a0\u00bb},{\\\u00a0\u00bbpath\\\u00a0\u00bb:\\\u00a0\u00bb\/normandie\/manche-50\/granville-50218\\\u00a0\u00bb,\\\u00a0\u00bbtitle\\\u00a0\u00bb:\\\u00a0\u00bbGranville\\\u00a0\u00bb},{\\\u00a0\u00bbpath\\\u00a0\u00bb:\\\u00a0\u00bb\/normandie\/manche-50\/saint-hilaire-du-harcouet-50484\\\u00a0\u00bb,\\\u00a0\u00bbtitle\\\u00a0\u00bb:\\\u00a0\u00bbSaint-Hilaire-du-Harcou\u00ebt\\\u00a0\u00bb},{\\\u00a0\u00bbpath\\\u00a0\u00bb:\\\u00a0\u00bb\/normandie\/manche-50\/saint-lo-50502\\\u00a0\u00bb,\\\u00a0\u00bbtitle\\\u00a0\u00bb:\\\u00a0\u00bbSaint-L\u00f4\\\u00a0\u00bb},{\\\u00a0\u00bbpath\\\u00a0\u00bb:\\\u00a0\u00bb\/normandie\/manche-50\/valognes-50615\\\u00a0\u00bb,\\\u00a0\u00bbtitle\\\u00a0\u00bb:\\\u00a0\u00bbValognes\\\u00a0\u00bb},{\\\u00a0\u00bbpath\\\u00a0\u00bb:\\\u00a0\u00bb\/normandie\/manche-50\/bricquebec-en-cotentin-50082\\\u00a0\u00bb,\\\u00a0\u00bbtitle\\\u00a0\u00bb:\\\u00a0\u00bbBricquebec-en-Cotentin\\\u00a0\u00bb},{\\\u00a0\u00bbpath\\\u00a0\u00bb:\\\u00a0\u00bb\/normandie\/manche-50\/hague-50041\\\u00a0\u00bb,\\\u00a0\u00bbtitle\\\u00a0\u00bb:\\\u00a0\u00bbLa Hague\\\u00a0\u00bb}]},{\\\u00a0\u00bbslug\\\u00a0\u00bb:\\\u00a0\u00bborne-61\\\u00a0\u00bb,\\\u00a0\u00bbtitle\\\u00a0\u00bb:\\\u00a0\u00bbOrne\\\u00a0\u00bb,\\\u00a0\u00bbtitleArticle\\\u00a0\u00bb:\\\u00a0\u00bbde l&rsquo;\\\u00a0\u00bb,\\\u00a0\u00bblocale\\\u00a0\u00bb:{\\\u00a0\u00bbnearest\\\u00a0\u00bb:[\\\u00a0\u00bbmaine\\\u00a0\u00bb,\\\u00a0\u00bbnormandie-caen\\\u00a0\u00bb]},\\\u00a0\u00bbnearestDepartment\\\u00a0\u00bb:[\\\u00a0\u00bbeure-27\\\u00a0\u00bb,\\\u00a0\u00bbeure-et-loir-28\\\u00a0\u00bb,\\\u00a0\u00bbloir-et-cher-41\\\u00a0\u00bb,\\\u00a0\u00bbsarthe-72\\\u00a0\u00bb,\\\u00a0\u00bbmayenne-53\\\u00a0\u00bb,\\\u00a0\u00bbmanche-50\\\u00a0\u00bb,\\\u00a0\u00bbcalvados-14\\\u00a0\u00bb],\\\u00a0\u00bbcities\\\u00a0\u00bb:[{\\\u00a0\u00bbpath\\\u00a0\u00bb:\\\u00a0\u00bb\/normandie\/orne-61\/alencon-61001\\\u00a0\u00bb,\\\u00a0\u00bbtitle\\\u00a0\u00bb:\\\u00a0\u00bbAlen\u00e7on\\\u00a0\u00bb},{\\\u00a0\u00bbpath\\\u00a0\u00bb:\\\u00a0\u00bb\/normandie\/orne-61\/argentan-61006\\\u00a0\u00bb,\\\u00a0\u00bbtitle\\\u00a0\u00bb:\\\u00a0\u00bbArgentan\\\u00a0\u00bb},{\\\u00a0\u00bbpath\\\u00a0\u00bb:\\\u00a0\u00bb\/normandie\/orne-61\/athis-val-de-rouvre-61007\\\u00a0\u00bb,\\\u00a0\u00bbtitle\\\u00a0\u00bb:\\\u00a0\u00bbAthis-Val de Rouvre\\\u00a0\u00bb},{\\\u00a0\u00bbpath\\\u00a0\u00bb:\\\u00a0\u00bb\/normandie\/orne-61\/domfront-en-poiraie-61145\\\u00a0\u00bb,\\\u00a0\u00bbtitle\\\u00a0\u00bb:\\\u00a0\u00bbDomfront en Poiraie\\\u00a0\u00bb},{\\\u00a0\u00bbpath\\\u00a0\u00bb:\\\u00a0\u00bb\/normandie\/orne-61\/flers-61169\\\u00a0\u00bb,\\\u00a0\u00bbtitle\\\u00a0\u00bb:\\\u00a0\u00bbFlers\\\u00a0\u00bb},{\\\u00a0\u00bbpath\\\u00a0\u00bb:\\\u00a0\u00bb\/normandie\/orne-61\/aigle-61214\\\u00a0\u00bb,\\\u00a0\u00bbtitle\\\u00a0\u00bb:\\\u00a0\u00bbL&rsquo;Aigle\\\u00a0\u00bb},{\\\u00a0\u00bbpath\\\u00a0\u00bb:\\\u00a0\u00bb\/normandie\/orne-61\/sees-61464\\\u00a0\u00bb,\\\u00a0\u00bbtitle\\\u00a0\u00bb:\\\u00a0\u00bbS\u00e9es\\\u00a0\u00bb},{\\\u00a0\u00bbpath\\\u00a0\u00bb:\\\u00a0\u00bb\/normandie\/orne-61\/tinchebray-bocage-61486\\\u00a0\u00bb,\\\u00a0\u00bbtitle\\\u00a0\u00bb:\\\u00a0\u00bbTinchebray-Bocage\\\u00a0\u00bb},{\\\u00a0\u00bbpath\\\u00a0\u00bb:\\\u00a0\u00bb\/normandie\/orne-61\/mortagne-au-perche-61293\\\u00a0\u00bb,\\\u00a0\u00bbtitle\\\u00a0\u00bb:\\\u00a0\u00bbMortagne-au-Perche\\\u00a0\u00bb},{\\\u00a0\u00bbpath\\\u00a0\u00bb:\\\u00a0\u00bb\/normandie\/orne-61\/ferte-mace-61168\\\u00a0\u00bb,\\\u00a0\u00bbtitle\\\u00a0\u00bb:\\\u00a0\u00bbLa Fert\u00e9 Mac\u00e9\\\u00a0\u00bb}]},{\\\u00a0\u00bbslug\\\u00a0\u00bb:\\\u00a0\u00bbseine-maritime-76\\\u00a0\u00bb,\\\u00a0\u00bbtitle\\\u00a0\u00bb:\\\u00a0\u00bbSeine-Maritime\\\u00a0\u00bb,\\\u00a0\u00bbtitleArticle\\\u00a0\u00bb:\\\u00a0\u00bbde \\\u00a0\u00bb,\\\u00a0\u00bblocale\\\u00a0\u00bb:{\\\u00a0\u00bbmain\\\u00a0\u00bb:\\\u00a0\u00bbnormandie-rouen\\\u00a0\u00bb,\\\u00a0\u00bbnearest\\\u00a0\u00bb:[]},\\\u00a0\u00bbnearestDepartment\\\u00a0\u00bb:[\\\u00a0\u00bbsomme-80\\\u00a0\u00bb,\\\u00a0\u00bboise-60\\\u00a0\u00bb,\\\u00a0\u00bbeure-27\\\u00a0\u00bb,\\\u00a0\u00bbcalvados-14\\\u00a0\u00bb],\\\u00a0\u00bbcities\\\u00a0\u00bb:[{\\\u00a0\u00bbpath\\\u00a0\u00bb:\\\u00a0\u00bb\/normandie\/seine-maritime-76\/dieppe-76217\\\u00a0\u00bb,\\\u00a0\u00bbtitle\\\u00a0\u00bb:\\\u00a0\u00bbDieppe\\\u00a0\u00bb},{\\\u00a0\u00bbpath\\\u00a0\u00bb:\\\u00a0\u00bb\/normandie\/seine-maritime-76\/fecamp-76259\\\u00a0\u00bb,\\\u00a0\u00bbtitle\\\u00a0\u00bb:\\\u00a0\u00bbF\u00e9camp\\\u00a0\u00bb},{\\\u00a0\u00bbpath\\\u00a0\u00bb:\\\u00a0\u00bb\/normandie\/seine-maritime-76\/mont-saint-aignan-76451\\\u00a0\u00bb,\\\u00a0\u00bbtitle\\\u00a0\u00bb:\\\u00a0\u00bbMont-Saint-Aignan\\\u00a0\u00bb},{\\\u00a0\u00bbpath\\\u00a0\u00bb:\\\u00a0\u00bb\/normandie\/seine-maritime-76\/rouen-76540\\\u00a0\u00bb,\\\u00a0\u00bbtitle\\\u00a0\u00bb:\\\u00a0\u00bbRouen\\\u00a0\u00bb},{\\\u00a0\u00bbpath\\\u00a0\u00bb:\\\u00a0\u00bb\/normandie\/seine-maritime-76\/saint-etienne-du-rouvray-76575\\\u00a0\u00bb,\\\u00a0\u00bbtitle\\\u00a0\u00bb:\\\u00a0\u00bbSaint-\u00c9tienne-du-Rouvray\\\u00a0\u00bb},{\\\u00a0\u00bbpath\\\u00a0\u00bb:\\\u00a0\u00bb\/normandie\/seine-maritime-76\/sotteville-les-rouen-76681\\\u00a0\u00bb,\\\u00a0\u00bbtitle\\\u00a0\u00bb:\\\u00a0\u00bbSotteville-l\u00e8s-Rouen\\\u00a0\u00bb},{\\\u00a0\u00bbpath\\\u00a0\u00bb:\\\u00a0\u00bb\/normandie\/seine-maritime-76\/elbeuf-76231\\\u00a0\u00bb,\\\u00a0\u00bbtitle\\\u00a0\u00bb:\\\u00a0\u00bbElbeuf\\\u00a0\u00bb},{\\\u00a0\u00bbpath\\\u00a0\u00bb:\\\u00a0\u00bb\/normandie\/seine-maritime-76\/grand-quevilly-76322\\\u00a0\u00bb,\\\u00a0\u00bbtitle\\\u00a0\u00bb:\\\u00a0\u00bbLe Grand-Quevilly\\\u00a0\u00bb},{\\\u00a0\u00bbpath\\\u00a0\u00bb:\\\u00a0\u00bb\/normandie\/seine-maritime-76\/havre-76351\\\u00a0\u00bb,\\\u00a0\u00bbtitle\\\u00a0\u00bb:\\\u00a0\u00bbLe Havre\\\u00a0\u00bb},{\\\u00a0\u00bbpath\\\u00a0\u00bb:\\\u00a0\u00bb\/normandie\/seine-maritime-76\/petit-quevilly-76498\\\u00a0\u00bb,\\\u00a0\u00bbtitle\\\u00a0\u00bb:\\\u00a0\u00bbLe Petit-Quevilly\\\u00a0\u00bb}]}],\\\u00a0\u00bbtitleArticle\\\u00a0\u00bb:\\\u00a0\u00bbde \\\u00a0\u00bb,\\\u00a0\u00bbnearestRegion\\\u00a0\u00bb:[\\\u00a0\u00bbhauts-de-france\\\u00a0\u00bb,\\\u00a0\u00bbile-de-france\\\u00a0\u00bb,\\\u00a0\u00bbcentre-val-de-loire\\\u00a0\u00bb,\\\u00a0\u00bbpays-de-la-loire\\\u00a0\u00bb,\\\u00a0\u00bbbretagne\\\u00a0\u00bb],\\\u00a0\u00bbnearestLocales\\\u00a0\u00bb:[\\\u00a0\u00bbnormandie-caen\\\u00a0\u00bb,\\\u00a0\u00bbcotentin\\\u00a0\u00bb,\\\u00a0\u00bbnormandie-rouen\\\u00a0\u00bb]},\\\u00a0\u00bbdepartment\\\u00a0\u00bb:{\\\u00a0\u00bbslug\\\u00a0\u00bb:\\\u00a0\u00bbseine-maritime-76\\\u00a0\u00bb,\\\u00a0\u00bbtitle\\\u00a0\u00bb:\\\u00a0\u00bbSeine-Maritime\\\u00a0\u00bb,\\\u00a0\u00bbtitleArticle\\\u00a0\u00bb:\\\u00a0\u00bbde \\\u00a0\u00bb,\\\u00a0\u00bblocale\\\u00a0\u00bb:{\\\u00a0\u00bbmain\\\u00a0\u00bb:\\\u00a0\u00bbnormandie-rouen\\\u00a0\u00bb,\\\u00a0\u00bbnearest\\\u00a0\u00bb:[]},\\\u00a0\u00bbnearestDepartment\\\u00a0\u00bb:[\\\u00a0\u00bbsomme-80\\\u00a0\u00bb,\\\u00a0\u00bboise-60\\\u00a0\u00bb,\\\u00a0\u00bbeure-27\\\u00a0\u00bb,\\\u00a0\u00bbcalvados-14\\\u00a0\u00bb],\\\u00a0\u00bbcities\\\u00a0\u00bb:[{\\\u00a0\u00bbpath\\\u00a0\u00bb:\\\u00a0\u00bb\/normandie\/seine-maritime-76\/dieppe-76217\\\u00a0\u00bb,\\\u00a0\u00bbtitle\\\u00a0\u00bb:\\\u00a0\u00bbDieppe\\\u00a0\u00bb},{\\\u00a0\u00bbpath\\\u00a0\u00bb:\\\u00a0\u00bb\/normandie\/seine-maritime-76\/fecamp-76259\\\u00a0\u00bb,\\\u00a0\u00bbtitle\\\u00a0\u00bb:\\\u00a0\u00bbF\u00e9camp\\\u00a0\u00bb},{\\\u00a0\u00bbpath\\\u00a0\u00bb:\\\u00a0\u00bb\/normandie\/seine-maritime-76\/mont-saint-aignan-76451\\\u00a0\u00bb,\\\u00a0\u00bbtitle\\\u00a0\u00bb:\\\u00a0\u00bbMont-Saint-Aignan\\\u00a0\u00bb},{\\\u00a0\u00bbpath\\\u00a0\u00bb:\\\u00a0\u00bb\/normandie\/seine-maritime-76\/rouen-76540\\\u00a0\u00bb,\\\u00a0\u00bbtitle\\\u00a0\u00bb:\\\u00a0\u00bbRouen\\\u00a0\u00bb},{\\\u00a0\u00bbpath\\\u00a0\u00bb:\\\u00a0\u00bb\/normandie\/seine-maritime-76\/saint-etienne-du-rouvray-76575\\\u00a0\u00bb,\\\u00a0\u00bbtitle\\\u00a0\u00bb:\\\u00a0\u00bbSaint-\u00c9tienne-du-Rouvray\\\u00a0\u00bb},{\\\u00a0\u00bbpath\\\u00a0\u00bb:\\\u00a0\u00bb\/normandie\/seine-maritime-76\/sotteville-les-rouen-76681\\\u00a0\u00bb,\\\u00a0\u00bbtitle\\\u00a0\u00bb:\\\u00a0\u00bbSotteville-l\u00e8s-Rouen\\\u00a0\u00bb},{\\\u00a0\u00bbpath\\\u00a0\u00bb:\\\u00a0\u00bb\/normandie\/seine-maritime-76\/elbeuf-76231\\\u00a0\u00bb,\\\u00a0\u00bbtitle\\\u00a0\u00bb:\\\u00a0\u00bbElbeuf\\\u00a0\u00bb},{\\\u00a0\u00bbpath\\\u00a0\u00bb:\\\u00a0\u00bb\/normandie\/seine-maritime-76\/grand-quevilly-76322\\\u00a0\u00bb,\\\u00a0\u00bbtitle\\\u00a0\u00bb:\\\u00a0\u00bbLe Grand-Quevilly\\\u00a0\u00bb},{\\\u00a0\u00bbpath\\\u00a0\u00bb:\\\u00a0\u00bb\/normandie\/seine-maritime-76\/havre-76351\\\u00a0\u00bb,\\\u00a0\u00bbtitle\\\u00a0\u00bb:\\\u00a0\u00bbLe Havre\\\u00a0\u00bb},{\\\u00a0\u00bbpath\\\u00a0\u00bb:\\\u00a0\u00bb\/normandie\/seine-maritime-76\/petit-quevilly-76498\\\u00a0\u00bb,\\\u00a0\u00bbtitle\\\u00a0\u00bb:\\\u00a0\u00bbLe Petit-Quevilly\\\u00a0\u00bb}],\\\u00a0\u00bbregionSlug\\\u00a0\u00bb:\\\u00a0\u00bbnormandie\\\u00a0\u00bb},\\\u00a0\u00bbcity\\\u00a0\u00bb:{\\\u00a0\u00bbtitle\\\u00a0\u00bb:\\\u00a0\u00bbRouen\\\u00a0\u00bb,\\\u00a0\u00bbslug\\\u00a0\u00bb:\\\u00a0\u00bbrouen-76540\\\u00a0\u00bb,\\\u00a0\u00bbinseeCode\\\u00a0\u00bb:\\\u00a0\u00bb76540\\\u00a0\u00bb}}],\\\u00a0\u00bbeditorialInfo\\\u00a0\u00bb:{\\\u00a0\u00bbstrPublishedDate\\\u00a0\u00bb:\\\u00a0\u00bbdimanche 31 ao\u00fbt 2025 \u00e0 17:29\\\u00a0\u00bb,\\\u00a0\u00bbpublishedDateISOString\\\u00a0\u00bb:\\\u00a0\u00bb2025-08-31T15:29:28.000Z\\\u00a0\u00bb,\\\u00a0\u00bbstrManualUpdate\\\u00a0\u00bb:null,\\\u00a0\u00bbmanualUpdateISOString\\\u00a0\u00bb:null,\\\u00a0\u00bbauthors\\\u00a0\u00bb:[{\\\u00a0\u00bbtitle\\\u00a0\u00bb:\\\u00a0\u00bbBradley de Souza\\\u00a0\u00bb,\\\u00a0\u00bbvisual\\\u00a0\u00bb:null}]},\\\u00a0\u00bbvisual\\\u00a0\u00bb:{\\\u00a0\u00bbsquare\\\u00a0\u00bb:{\\\u00a0\u00bbjpg\\\u00a0\u00bb:[],\\\u00a0\u00bbwebp\\\u00a0\u00bb:[]},\\\u00a0\u00bbnormal\\\u00a0\u00bb:{\\\u00a0\u00bbjpg\\\u00a0\u00bb:[{\\\u00a0\u00bbw\\\u00a0\u00bb:320,\\\u00a0\u00bburl\\\u00a0\u00bb:\\\u00a0\u00bbhttps:\/\/www.francebleu.fr\/s3\/cruiser-production-eu3\/2025\/08\/87327ec7-3b3e-4a47-b206-71ac47489f5a\/320x170_sc_img-0058.jpg\\\u00a0\u00bb},{\\\u00a0\u00bbw\\\u00a0\u00bb:560,\\\u00a0\u00bburl\\\u00a0\u00bb:\\\u00a0\u00bbhttps:\/\/www.francebleu.fr\/s3\/cruiser-production-eu3\/2025\/08\/87327ec7-3b3e-4a47-b206-71ac47489f5a\/560x315_sc_img-0058.jpg\\\u00a0\u00bb},{\\\u00a0\u00bbw\\\u00a0\u00bb:1200,\\\u00a0\u00bburl\\\u00a0\u00bb:\\\u00a0\u00bbhttps:\/\/www.francebleu.fr\/s3\/cruiser-production-eu3\/2025\/08\/87327ec7-3b3e-4a47-b206-71ac47489f5a\/1200x680_sc_img-0058.jpg\\\u00a0\u00bb}],\\\u00a0\u00bbwebp\\\u00a0\u00bb:[{\\\u00a0\u00bbw\\\u00a0\u00bb:320,\\\u00a0\u00bburl\\\u00a0\u00bb:\\\u00a0\u00bbhttps:\/\/www.francebleu.fr\/s3\/cruiser-production-eu3\/2025\/08\/87327ec7-3b3e-4a47-b206-71ac47489f5a\/320x170_sc_img-0058.webp\\\u00a0\u00bb},{\\\u00a0\u00bbw\\\u00a0\u00bb:560,\\\u00a0\u00bburl\\\u00a0\u00bb:\\\u00a0\u00bbhttps:\/\/www.francebleu.fr\/s3\/cruiser-production-eu3\/2025\/08\/87327ec7-3b3e-4a47-b206-71ac47489f5a\/560x315_sc_img-0058.webp\\\u00a0\u00bb},{\\\u00a0\u00bbw\\\u00a0\u00bb:1200,\\\u00a0\u00bburl\\\u00a0\u00bb:\\\u00a0\u00bbhttps:\/\/www.francebleu.fr\/s3\/cruiser-production-eu3\/2025\/08\/87327ec7-3b3e-4a47-b206-71ac47489f5a\/1200x680_sc_img-0058.webp\\\u00a0\u00bb}]},\\\u00a0\u00bbpreview\\\u00a0\u00bb:\\\u00a0\u00bbdata:image\/jpeg;base64,\/9j\/2wBDACgcHiMeGSgjISMtKygwPGRBPDc3PHtYXUlkkYCZlo+AjIqgtObDoKrarYqMyP\/L2u71\/\/\/\/m8H\/\/\/\/6\/+b9\/\/j\/2wBDASstLTw1PHZBQXb4pYyl+Pj4+Pj4+Pj4+Pj4+Pj4+Pj4+Pj4+Pj4+Pj4+Pj4+Pj4+Pj4+Pj4+Pj4+Pj4+Pj4+Pj\/wAARCAAXACoDASIAAhEBAxEB\/8QAFgABAQEAAAAAAAAAAAAAAAAAAAMB\/8QAFhABAQEAAAAAAAAAAAAAAAAAABIR\/8QAFgEBAQEAAAAAAAAAAAAAAAAAAQAC\/8QAFhEBAQEAAAAAAAAAAAAAAAAAAAER\/9oADAMBAAIRAxEAPwC9lI02isWopGm0QtRSVNpJEBls00CzW6aCD\/\/Z\\\u00a0\u00bb,\\\u00a0\u00bblegend\\\u00a0\u00bb:\\\u00a0\u00bbUne quarantaine de voiliers sont amarr\u00e9s sur les quais rive droite \u00e0 Rouen jusqu&rsquo;au vendredi 5 septembre 2025.\\\u00a0\u00bb,\\\u00a0\u00bbcopyright\\\u00a0\u00bb:\\\u00a0\u00bbRadio France\\\u00a0\u00bb,\\\u00a0\u00bbauthor\\\u00a0\u00bb:\\\u00a0\u00bbBradley De Souza\\\u00a0\u00bb}}},\\\u00a0\u00bbdisplay\\\u00a0\u00bb:{\\\u00a0\u00bbnewsFlash\\\u00a0\u00bb:[],\\\u00a0\u00bbhighBanner\\\u00a0\u00bb:true}}\u00a0\u00bb}<\/p>\n","protected":false},"excerpt":{"rendered":"Le village de la Solitaire du Figaro Paprec a \u00e9t\u00e9 inaugur\u00e9 ce dimanche apr\u00e8s-midi \u00e0 Rouen. Plusieurs centaines&hellip;\n","protected":false},"author":2,"featured_media":356684,"comment_status":"","ping_status":"","sticky":false,"template":"","format":"standard","meta":{"footnotes":""},"categories":[9587],"tags":[1111,11,1777,674,1011,27,12,5161,25,9590],"class_list":{"0":"post-356683","1":"post","2":"type-post","3":"status-publish","4":"format-standard","5":"has-post-thumbnail","7":"category-rouen","8":"tag-actu","9":"tag-actualites","10":"tag-eu","11":"tag-europe","12":"tag-fr","13":"tag-france","14":"tag-news","15":"tag-normandie","16":"tag-republique-francaise","17":"tag-rouen"},"share_on_mastodon":{"url":"https:\/\/pubeurope.com\/@fr\/115124262875203820","error":""},"_links":{"self":[{"href":"https:\/\/www.europesays.com\/fr\/wp-json\/wp\/v2\/posts\/356683","targetHints":{"allow":["GET"]}}],"collection":[{"href":"https:\/\/www.europesays.com\/fr\/wp-json\/wp\/v2\/posts"}],"about":[{"href":"https:\/\/www.europesays.com\/fr\/wp-json\/wp\/v2\/types\/post"}],"author":[{"embeddable":true,"href":"https:\/\/www.europesays.com\/fr\/wp-json\/wp\/v2\/users\/2"}],"replies":[{"embeddable":true,"href":"https:\/\/www.europesays.com\/fr\/wp-json\/wp\/v2\/comments?post=356683"}],"version-history":[{"count":0,"href":"https:\/\/www.europesays.com\/fr\/wp-json\/wp\/v2\/posts\/356683\/revisions"}],"wp:featuredmedia":[{"embeddable":true,"href":"https:\/\/www.europesays.com\/fr\/wp-json\/wp\/v2\/media\/356684"}],"wp:attachment":[{"href":"https:\/\/www.europesays.com\/fr\/wp-json\/wp\/v2\/media?parent=356683"}],"wp:term":[{"taxonomy":"category","embeddable":true,"href":"https:\/\/www.europesays.com\/fr\/wp-json\/wp\/v2\/categories?post=356683"},{"taxonomy":"post_tag","embeddable":true,"href":"https:\/\/www.europesays.com\/fr\/wp-json\/wp\/v2\/tags?post=356683"}],"curies":[{"name":"wp","href":"https:\/\/api.w.org\/{rel}","templated":true}]}}