{"id":356687,"date":"2025-08-31T16:14:34","date_gmt":"2025-08-31T16:14:34","guid":{"rendered":"https:\/\/www.europesays.com\/fr\/356687\/"},"modified":"2025-08-31T16:14:34","modified_gmt":"2025-08-31T16:14:34","slug":"rentree-scolaire-2025-les-priorites-de-lacademie-de-grenoble","status":"publish","type":"post","link":"https:\/\/www.europesays.com\/fr\/356687\/","title":{"rendered":"Rentr\u00e9e scolaire 2025 : les priorit\u00e9s de l&rsquo;acad\u00e9mie de Grenoble"},"content":{"rendered":"<p>\u00ab\u00a0Il n\u2019y a pas de m\u00e9tiers r\u00e9ser\u00adv\u00e9s aux gar\u00ad\u00e7ons et d\u2019autres aux filles. \u00bb En une simple phrase, <a href=\"https:\/\/youtu.be\/YO5q0S6hi9E\" target=\"_blank\" rel=\"noopener nofollow\">Philippe Dulbecco<\/a>, rec\u00adteur de l\u2019a\u00adca\u00add\u00e9\u00admie de Grenoble, a r\u00e9sum\u00e9 l\u2019une de ses prio\u00adri\u00adt\u00e9s pour la ren\u00adtr\u00e9e sco\u00adlaire 2025\u200a\u2013\u200a2026, ven\u00addredi 29 ao\u00fbt 2025, devant la presse, au col\u00adl\u00e8ge Gr\u00e9sivaudan de Saint-Ismier.<\/p>\n<p>Le rec\u00adteur a inter\u00adpell\u00e9 quelques col\u00adl\u00e9\u00adgiens pr\u00e9\u00adsents\u00a0: \u00ab\u00a0Regardez les cata\u00adlogues de jouets\u00a0! Aux gar\u00ad\u00e7ons, les briques de construc\u00adtion, aux filles, la pou\u00adp\u00e9e. Le condi\u00adtion\u00adne\u00adment com\u00admence tr\u00e8s t\u00f4t\u00a0\u00bb, a\u2011t-il lanc\u00e9 aux \u00e9l\u00e8ves. <\/p>\n<p>Et de pour\u00adsuivre sur sa lan\u00adc\u00e9e\u00a0:\u00a0\u00ab\u00a0Il n\u2019y a pas de m\u00e9tiers r\u00e9ser\u00adv\u00e9s \u00e0 un sexe. Nous vou\u00adlons vous don\u00adner la preuve que filles et gar\u00ad\u00e7ons peuvent conduire ensemble un pro\u00adjet scien\u00adti\u00adfique, avec les m\u00eames com\u00adp\u00e9\u00adtences et les m\u00eames chances de r\u00e9us\u00adsite \u00bb, a assur\u00e9 le recteur.<\/p>\n<p><a href=\"https:\/\/www.europesays.com\/fr\/wp-content\/uploads\/2025\/08\/rentree2025-2026academiegrenoblecreditjoelkermabon-2.jpg\"><img fetchpriority=\"high\" decoding=\"async\" aria-describedby=\"caption-attachment-658510\" class=\"wp-image-658510 size-full\" src=\"data:image\/svg+xml,%3Csvg%20xmlns=\" http:=\"\" alt=\"En liminaire de la conf\u00e9rence de presse, Philippe Dulbecco s'est adress\u00e9 \u00e0 un petit groupe de coll\u00e9giens. \u00a9 Jo\u00ebl Kermabon - Place Gre'net\" width=\"1500\" height=\"1125\" data-lazy- data-lazy- data-lazy-src=\"https:\/\/www.europesays.com\/fr\/wp-content\/uploads\/2025\/08\/rentree2025-2026academiegrenoblecreditjoelkermabon-2.jpg\"\/><\/a><\/p>\n<p id=\"caption-attachment-658510\" class=\"wp-caption-text\">En limi\u00adnaire de la conf\u00e9\u00adrence de presse sur la ren\u00adtr\u00e9e sco\u00adlaire, Philippe Dulbecco s\u2019est adress\u00e9 \u00e0 un petit groupe de col\u00adl\u00e9\u00adgiens. \u00a9 Jo\u00ebl Kermabon \u2013 Place Gre\u2019net<\/p>\n<p>Pour sou\u00adte\u00adnir cette ambi\u00adtion, Philippe Dulbecco a annonc\u00e9 la cr\u00e9a\u00adtion d\u2019une tren\u00adtaine de classes \u00e0 horaires am\u00e9\u00adna\u00adg\u00e9s en sciences et tech\u00adno\u00adlo\u00adgie, d\u00e8s cette ren\u00adtr\u00e9e. \u00ab\u00a0Plut\u00f4t que de dire aux \u00e9l\u00e8ves qu\u2019ils doivent aller en sciences, nous vou\u00adlons appor\u00adter la preuve de la r\u00e9us\u00adsite par\u00adta\u00adg\u00e9e\u00a0\u00bb, a expli\u00adqu\u00e9 Philippe Dulbecco, esp\u00e9\u00adrant que l\u2019i\u00adni\u00adtia\u00adtive puisse r\u00e9pondre au d\u00e9fi\u00adcit de com\u00adp\u00e9\u00adtences dans les m\u00e9tiers tech\u00adniques et d\u2019ing\u00e9nierie.<\/p>\n","protected":false},"excerpt":{"rendered":"\u00ab\u00a0Il n\u2019y a pas de m\u00e9tiers r\u00e9ser\u00adv\u00e9s aux gar\u00ad\u00e7ons et d\u2019autres aux filles. \u00bb En une simple phrase,&hellip;\n","protected":false},"author":2,"featured_media":356688,"comment_status":"","ping_status":"","sticky":false,"template":"","format":"standard","meta":{"footnotes":""},"categories":[9566],"tags":[1111,11,2430,1777,674,1011,27,2731,12,25],"class_list":{"0":"post-356687","1":"post","2":"type-post","3":"status-publish","4":"format-standard","5":"has-post-thumbnail","7":"category-grenoble","8":"tag-actu","9":"tag-actualites","10":"tag-auvergne-rhone-alpes","11":"tag-eu","12":"tag-europe","13":"tag-fr","14":"tag-france","15":"tag-grenoble","16":"tag-news","17":"tag-republique-francaise"},"share_on_mastodon":{"url":"https:\/\/pubeurope.com\/@fr\/115124270865482711","error":""},"_links":{"self":[{"href":"https:\/\/www.europesays.com\/fr\/wp-json\/wp\/v2\/posts\/356687","targetHints":{"allow":["GET"]}}],"collection":[{"href":"https:\/\/www.europesays.com\/fr\/wp-json\/wp\/v2\/posts"}],"about":[{"href":"https:\/\/www.europesays.com\/fr\/wp-json\/wp\/v2\/types\/post"}],"author":[{"embeddable":true,"href":"https:\/\/www.europesays.com\/fr\/wp-json\/wp\/v2\/users\/2"}],"replies":[{"embeddable":true,"href":"https:\/\/www.europesays.com\/fr\/wp-json\/wp\/v2\/comments?post=356687"}],"version-history":[{"count":0,"href":"https:\/\/www.europesays.com\/fr\/wp-json\/wp\/v2\/posts\/356687\/revisions"}],"wp:featuredmedia":[{"embeddable":true,"href":"https:\/\/www.europesays.com\/fr\/wp-json\/wp\/v2\/media\/356688"}],"wp:attachment":[{"href":"https:\/\/www.europesays.com\/fr\/wp-json\/wp\/v2\/media?parent=356687"}],"wp:term":[{"taxonomy":"category","embeddable":true,"href":"https:\/\/www.europesays.com\/fr\/wp-json\/wp\/v2\/categories?post=356687"},{"taxonomy":"post_tag","embeddable":true,"href":"https:\/\/www.europesays.com\/fr\/wp-json\/wp\/v2\/tags?post=356687"}],"curies":[{"name":"wp","href":"https:\/\/api.w.org\/{rel}","templated":true}]}}