{"id":356691,"date":"2025-08-31T16:16:15","date_gmt":"2025-08-31T16:16:15","guid":{"rendered":"https:\/\/www.europesays.com\/fr\/356691\/"},"modified":"2025-08-31T16:16:15","modified_gmt":"2025-08-31T16:16:15","slug":"deux-points-de-perdus-regrette-beye","status":"publish","type":"post","link":"https:\/\/www.europesays.com\/fr\/356691\/","title":{"rendered":"\u00ab\u00a0Deux points de perdus&#8230;\u00a0\u00bb regrette Beye"},"content":{"rendered":"<p><img decoding=\"async\" fetchpriority=\"high\" src=\"https:\/\/www.europesays.com\/fr\/wp-content\/uploads\/2025\/04\/1744486932_935_placeholder_lcp_video.05bf4656ae0a2da173edc7ce90e1a7d8.webp\" width=\"800\" height=\"450\" alt=\"placeholder video\"\/><\/p>\n<p>Rennes a laiss\u00e9 passer sa chance de se relancer en conc\u00e9dant un match nul sur la pelouse d&rsquo;Angers ce dimanche (1-1), lors de la 3e journ\u00e9e de Ligue 1. Pourtant en t\u00eate \u00e0 la mi-temps, les Rennais ont finalement c\u00e9d\u00e9 face aux offensives d\u2019Angers. De quoi agacer l\u00e9g\u00e8rement Habib Beye, qui voit en ce r\u00e9sultat \u00ab\u00a0deux points de perdus\u00a0\u00bb. <\/p>\n<p>Aujourd&rsquo;hui \u00e0 17h57 | Dur\u00e9e : 1:45<\/p>\n","protected":false},"excerpt":{"rendered":"Rennes a laiss\u00e9 passer sa chance de se relancer en conc\u00e9dant un match nul sur la pelouse d&rsquo;Angers&hellip;\n","protected":false},"author":2,"featured_media":356692,"comment_status":"","ping_status":"","sticky":false,"template":"","format":"standard","meta":{"footnotes":""},"categories":[2821],"tags":[1111,11,829,1777,674,1011,27,12,584,25],"class_list":{"0":"post-356691","1":"post","2":"type-post","3":"status-publish","4":"format-standard","5":"has-post-thumbnail","7":"category-rennes","8":"tag-actu","9":"tag-actualites","10":"tag-bretagne","11":"tag-eu","12":"tag-europe","13":"tag-fr","14":"tag-france","15":"tag-news","16":"tag-rennes","17":"tag-republique-francaise"},"share_on_mastodon":{"url":"https:\/\/pubeurope.com\/@fr\/115124278588939703","error":""},"_links":{"self":[{"href":"https:\/\/www.europesays.com\/fr\/wp-json\/wp\/v2\/posts\/356691","targetHints":{"allow":["GET"]}}],"collection":[{"href":"https:\/\/www.europesays.com\/fr\/wp-json\/wp\/v2\/posts"}],"about":[{"href":"https:\/\/www.europesays.com\/fr\/wp-json\/wp\/v2\/types\/post"}],"author":[{"embeddable":true,"href":"https:\/\/www.europesays.com\/fr\/wp-json\/wp\/v2\/users\/2"}],"replies":[{"embeddable":true,"href":"https:\/\/www.europesays.com\/fr\/wp-json\/wp\/v2\/comments?post=356691"}],"version-history":[{"count":0,"href":"https:\/\/www.europesays.com\/fr\/wp-json\/wp\/v2\/posts\/356691\/revisions"}],"wp:featuredmedia":[{"embeddable":true,"href":"https:\/\/www.europesays.com\/fr\/wp-json\/wp\/v2\/media\/356692"}],"wp:attachment":[{"href":"https:\/\/www.europesays.com\/fr\/wp-json\/wp\/v2\/media?parent=356691"}],"wp:term":[{"taxonomy":"category","embeddable":true,"href":"https:\/\/www.europesays.com\/fr\/wp-json\/wp\/v2\/categories?post=356691"},{"taxonomy":"post_tag","embeddable":true,"href":"https:\/\/www.europesays.com\/fr\/wp-json\/wp\/v2\/tags?post=356691"}],"curies":[{"name":"wp","href":"https:\/\/api.w.org\/{rel}","templated":true}]}}