{"id":356695,"date":"2025-08-31T16:19:10","date_gmt":"2025-08-31T16:19:10","guid":{"rendered":"https:\/\/www.europesays.com\/fr\/356695\/"},"modified":"2025-08-31T16:19:10","modified_gmt":"2025-08-31T16:19:10","slug":"une-pluie-de-500-kg-de-confettis-sabat-sur-la-place-kleber-pour-tawa","status":"publish","type":"post","link":"https:\/\/www.europesays.com\/fr\/356695\/","title":{"rendered":"une pluie de 500 kg de confettis s\u2019abat sur la place Kl\u00e9ber pour Tawa"},"content":{"rendered":"<p>\u00ab\u00a0Magnifique\u00a0\u00bb, \u00ab\u00a0Du jamais vu\u00a0\u00bb, \u00ab\u00a0C\u2019\u00e9tait sublime, j\u2019en ai les larmes aux yeux\u00a0\u00bb, \u00ab\u00a0J\u2019avais l\u2019impression d\u2019\u00eatre dans un r\u00eave\u00a0\u00bb\u2026 Ce samedi soir, les \u00e9loges pleuvent autant que les couleurs sur la place Kl\u00e9ber qui accueillait Tawa, l\u2019un des spectacles les attendus de <a href=\"https:\/\/www.dna.fr\/culture-loisirs\/2025\/08\/30\/sous-le-soleil-le-farse-conquiert-petits-et-grands\" target=\"_blank\" rel=\"noopener\">cette dixi\u00e8me \u00e9dition du FARSe<\/a>. Cette \u0153uvre, pens\u00e9e comme un moment de r\u00eave collectif, a \u00e9t\u00e9 \u00e9crite et mise en sc\u00e8ne par St\u00e9phane Girard et Camille Beaumier, interpr\u00e9t\u00e9e par <a href=\"https:\/\/www.dna.fr\/culture-loisirs\/2022\/08\/14\/strasbourg-le-spectacle-place-des-anges-se-prepare-sur-la-place-kleber-et-c-est-impressionnant\" target=\"_blank\" rel=\"noopener\">la compagnie Gratte Ciel<\/a>.<\/p>\n<p>\u00c0 21 heures, des milliers de spectateurs se sont press\u00e9s autour d\u2019une \u00e9tonnante sc\u00e8ne ovale \u00e0 \u00e9tage, surplomb\u00e9e d\u2019une structure suspendue \u00e0 plus de 45 m\u00e8tres du sol et dont le cordage rappelle les attrape-r\u00eaves, comme un signe annonciateur du voyage onirique que s\u2019appr\u00eatent \u00e0 offrir les artistes. Alors que les projecteurs s\u2019allument, de lourds sons de percussions se font entendre, des circassiens aux costumes chamarr\u00e9s apparaissent et commencent \u00e0 \u00e9voluer sur cette magistrale structure.<\/p>\n<p>  Un voyage onirique inspir\u00e9 par les rituels du monde<\/p>\n<p>Alors que certains se juchent sur d\u2019\u00e9tonnants pics mouvants, un musicien et une chanteuse prennent place au premier niveau de la structure. Au-dessus, des acrobates se regroupent juste avant que l\u2019une d\u2019eux ne s\u2019envole. Semblant \u00eatre attach\u00e9e par les cheveux, elle danse et se contorsionne dans l\u2019air, accompagn\u00e9e par les applaudissements d\u2019une foule fascin\u00e9e.<\/p>\n<p>Avec fluidit\u00e9 et po\u00e9sie, les num\u00e9ros se succ\u00e8dent entre terre et ciel, danse et chants. Pens\u00e9e comme un grand rituel a\u00e9rien, cette performance fait r\u00e9f\u00e9rence aux \u201cvoladores\u201d (hommes volants) du Mexique pr\u00e9colombien, aux attrape-r\u00eaves am\u00e9rindiens et \u00e0 la danse soufie, d\u00e9couverts lors des voyages de la troupe.<\/p>\n<p>Soudain, le tonnerre gronde et les lumi\u00e8res fr\u00e9missent. Une pluie de confettis chamarr\u00e9s et une avalanche de serpentins multicolores se r\u00e9pandent sur le public\u00a0\u00a0! Cris de joie, sourires et yeux p\u00e9tillants rappellent l\u2019euphorie que la compagnie avait d\u00e9j\u00e0 provoqu\u00e9e lors de son dernier spectacle.<\/p>\n<p>Alors que Tawa s\u2019ach\u00e8ve, de nombreux regards restent braqu\u00e9s sur la sc\u00e8ne qui, chang\u00e9e en un immense mobile color\u00e9, est devenue une \u0153uvre d\u2019art \u00e0 part enti\u00e8re. Les enfants s\u2019empressent de ramasser le plus de confettis dans leurs bras. Certains s\u2019en recouvrent enti\u00e8rement, d\u2019autres entament une joyeuse bataille. Les adultes ne sont pas en reste et accrochent des serpents color\u00e9s dans leurs cheveux.<\/p>\n<p>  Le public \u00e9bloui vibre \u00e0 l\u2019unisson<\/p>\n<p>\u00ab\u00a0Les artistes faisaient corps avec l\u2019air, c\u2019\u00e9tait superbe\u00a0\u00bb, salue Justine, 19 ans, encore \u00e9mue. \u00ab\u00a0J\u2019ai ador\u00e9 le m\u00e9lange des arts. Le cirque, la danse, le chant, la musique, les jeux de lumi\u00e8re, de fum\u00e9e, les costumes\u2026 tout \u00e9tait magnifiquement r\u00e9alis\u00e9 et accord\u00e9\u00a0\u00bb, f\u00e9licite Alice, 28 ans. \u00ab\u00a0Cette explosion de couleurs en plein air, c\u2019\u00e9tait le clou du spectacle\u00a0!\u00a0\u00bb, s\u2019exclame Didier, 65 ans, venu assister au show en famille. \u00ab\u00a0Les ombres semblaient danser sur la fa\u00e7ade du b\u00e2timent, \u00e7a apportait beaucoup de po\u00e9sie\u00a0\u00bb, ajoute Duke, un touriste tomb\u00e9 par hasard sur le spectacle.<\/p>\n<p>Puis de la musique retentit de l\u2019autre c\u00f4t\u00e9 de la place. C\u2019est le joyeux orchestre de LGMX, bien d\u00e9cid\u00e9 \u00e0 poursuivre la f\u00eate. De la contemplation po\u00e9tique, le public passe \u00e0 la danse. Avant de se noyer dans la foule, Alice lance\u00a0: \u00ab\u00a0La derni\u00e8re fois, on avait vu des plumes dans la ville pendant une semaine\u00a0! Peut-\u00eatre que \u00e7a fera pareil avec les confettis. En-tout-cas, ce spectacle restera inoubliable.\u00a0\u00bb<\/p>\n","protected":false},"excerpt":{"rendered":"\u00ab\u00a0Magnifique\u00a0\u00bb, \u00ab\u00a0Du jamais vu\u00a0\u00bb, \u00ab\u00a0C\u2019\u00e9tait sublime, j\u2019en ai les larmes aux yeux\u00a0\u00bb, \u00ab\u00a0J\u2019avais l\u2019impression d\u2019\u00eatre dans un r\u00eave\u00a0\u00bb\u2026&hellip;\n","protected":false},"author":2,"featured_media":356696,"comment_status":"","ping_status":"","sticky":false,"template":"","format":"standard","meta":{"footnotes":""},"categories":[2820],"tags":[1111,11,1687,2880,1777,674,107,1011,27,775,12,25,104,3140,640,2879],"class_list":{"0":"post-356695","1":"post","2":"type-post","3":"status-publish","4":"format-standard","5":"has-post-thumbnail","7":"category-strasbourg","8":"tag-actu","9":"tag-actualites","10":"tag-culture-loisirs","11":"tag-edition-strasbourg","12":"tag-eu","13":"tag-europe","14":"tag-fil-info","15":"tag-fr","16":"tag-france","17":"tag-grand-est","18":"tag-news","19":"tag-republique-francaise","20":"tag-societe","21":"tag-spectacle","22":"tag-strasbourg","23":"tag-strasbourg-ville"},"share_on_mastodon":{"url":"https:\/\/pubeurope.com\/@fr\/115124290441424811","error":""},"_links":{"self":[{"href":"https:\/\/www.europesays.com\/fr\/wp-json\/wp\/v2\/posts\/356695","targetHints":{"allow":["GET"]}}],"collection":[{"href":"https:\/\/www.europesays.com\/fr\/wp-json\/wp\/v2\/posts"}],"about":[{"href":"https:\/\/www.europesays.com\/fr\/wp-json\/wp\/v2\/types\/post"}],"author":[{"embeddable":true,"href":"https:\/\/www.europesays.com\/fr\/wp-json\/wp\/v2\/users\/2"}],"replies":[{"embeddable":true,"href":"https:\/\/www.europesays.com\/fr\/wp-json\/wp\/v2\/comments?post=356695"}],"version-history":[{"count":0,"href":"https:\/\/www.europesays.com\/fr\/wp-json\/wp\/v2\/posts\/356695\/revisions"}],"wp:featuredmedia":[{"embeddable":true,"href":"https:\/\/www.europesays.com\/fr\/wp-json\/wp\/v2\/media\/356696"}],"wp:attachment":[{"href":"https:\/\/www.europesays.com\/fr\/wp-json\/wp\/v2\/media?parent=356695"}],"wp:term":[{"taxonomy":"category","embeddable":true,"href":"https:\/\/www.europesays.com\/fr\/wp-json\/wp\/v2\/categories?post=356695"},{"taxonomy":"post_tag","embeddable":true,"href":"https:\/\/www.europesays.com\/fr\/wp-json\/wp\/v2\/tags?post=356695"}],"curies":[{"name":"wp","href":"https:\/\/api.w.org\/{rel}","templated":true}]}}