{"id":356699,"date":"2025-08-31T16:21:10","date_gmt":"2025-08-31T16:21:10","guid":{"rendered":"https:\/\/www.europesays.com\/fr\/356699\/"},"modified":"2025-08-31T16:21:10","modified_gmt":"2025-08-31T16:21:10","slug":"nouveau-radar-cellule-dexpertise-de-nouvelles-mesures-prises-pour-limiter-les-accidents-sur-la-prom-a-nice","status":"publish","type":"post","link":"https:\/\/www.europesays.com\/fr\/356699\/","title":{"rendered":"Nouveau radar, cellule d\u2019expertise\u2026 De nouvelles mesures prises pour limiter les accidents sur la Prom\u2019 \u00e0 Nice"},"content":{"rendered":"<p>Alors qu\u2019une trentaine de personnes sont d\u00e9c\u00e9d\u00e9es dans des <a href=\"https:\/\/www.nicematin.com\/transports\/29-morts-depuis-2016-sur-la-promenade-des-anglais-a-nice-le-comite-de-quartier-vire-a-la-bataille-politique-979496\" rel=\"nofollow noopener\" target=\"_blank\">accidents sur la promenade des Anglais depuis 2016<\/a>, la pr\u00e9fecture des Alpes-Maritimes, alert\u00e9e par la municipalit\u00e9, annonce une s\u00e9rie de mesures.<\/p>\n<p>Ainsi, \u00ab\u00a0un nouveau radar fixe [\u00e0 l\u2019emplacement non communiqu\u00e9 pour l\u2019heure] sera install\u00e9 en septembre afin d\u2019intensifier la lutte contre les exc\u00e8s de vitesse\u00a0\u00bb, fait savoir la Ville dans un communiqu\u00e9 diffus\u00e9 samedi 30 ao\u00fbt.<\/p>\n<p>Chicanes et plateaux traversant \u00e0 l\u2019\u00e9tude<\/p>\n<p>D\u2019autres am\u00e9nagements de r\u00e9gulation de la circulation sont sur la table. Parmi ceux \u00e9voqu\u00e9s: \u00ab\u00a0la mise en place d\u2019une onde verte permettant la synchronisation des feux tricolores pour fluidifier le trafic\u00a0\u00bb, indique la mairie.<\/p>\n<p>Chicanes ou plateaux traversants seront aussi \u00e9tudi\u00e9s par une cellule d\u2019expertise des zones accidentog\u00e8nes commune aux services de l\u2019\u00c9tat et de la M\u00e9tropole, fait savoir la Ville de Nice, pr\u00e9cisant que le m\u00eame type de groupe de travail devrait \u00e9galement \u00eatre activ\u00e9 pour agir sur le boulevard accidentog\u00e8ne de Cessole.<\/p>\n","protected":false},"excerpt":{"rendered":"Alors qu\u2019une trentaine de personnes sont d\u00e9c\u00e9d\u00e9es dans des accidents sur la promenade des Anglais depuis 2016, la&hellip;\n","protected":false},"author":2,"featured_media":356700,"comment_status":"","ping_status":"","sticky":false,"template":"","format":"standard","meta":{"footnotes":""},"categories":[2819],"tags":[1111,11,1777,674,1011,27,12,2401,882,25,656],"class_list":{"0":"post-356699","1":"post","2":"type-post","3":"status-publish","4":"format-standard","5":"has-post-thumbnail","7":"category-nice","8":"tag-actu","9":"tag-actualites","10":"tag-eu","11":"tag-europe","12":"tag-fr","13":"tag-france","14":"tag-news","15":"tag-nice","16":"tag-provence-alpes-cote-dazur","17":"tag-republique-francaise","18":"tag-securite"},"share_on_mastodon":{"url":"https:\/\/pubeurope.com\/@fr\/115124298316167249","error":""},"_links":{"self":[{"href":"https:\/\/www.europesays.com\/fr\/wp-json\/wp\/v2\/posts\/356699","targetHints":{"allow":["GET"]}}],"collection":[{"href":"https:\/\/www.europesays.com\/fr\/wp-json\/wp\/v2\/posts"}],"about":[{"href":"https:\/\/www.europesays.com\/fr\/wp-json\/wp\/v2\/types\/post"}],"author":[{"embeddable":true,"href":"https:\/\/www.europesays.com\/fr\/wp-json\/wp\/v2\/users\/2"}],"replies":[{"embeddable":true,"href":"https:\/\/www.europesays.com\/fr\/wp-json\/wp\/v2\/comments?post=356699"}],"version-history":[{"count":0,"href":"https:\/\/www.europesays.com\/fr\/wp-json\/wp\/v2\/posts\/356699\/revisions"}],"wp:featuredmedia":[{"embeddable":true,"href":"https:\/\/www.europesays.com\/fr\/wp-json\/wp\/v2\/media\/356700"}],"wp:attachment":[{"href":"https:\/\/www.europesays.com\/fr\/wp-json\/wp\/v2\/media?parent=356699"}],"wp:term":[{"taxonomy":"category","embeddable":true,"href":"https:\/\/www.europesays.com\/fr\/wp-json\/wp\/v2\/categories?post=356699"},{"taxonomy":"post_tag","embeddable":true,"href":"https:\/\/www.europesays.com\/fr\/wp-json\/wp\/v2\/tags?post=356699"}],"curies":[{"name":"wp","href":"https:\/\/api.w.org\/{rel}","templated":true}]}}