{"id":356709,"date":"2025-08-31T16:26:08","date_gmt":"2025-08-31T16:26:08","guid":{"rendered":"https:\/\/www.europesays.com\/fr\/356709\/"},"modified":"2025-08-31T16:26:08","modified_gmt":"2025-08-31T16:26:08","slug":"toulouse-mouss-et-hakim-en-concert-pour-la-bonne-cause-le-long-du-canal-du-midi","status":"publish","type":"post","link":"https:\/\/www.europesays.com\/fr\/356709\/","title":{"rendered":"Toulouse. Mouss et Hakim en concert pour la bonne cause, le long du canal du Midi"},"content":{"rendered":"<p>            Par<br \/>\n        <strong><br \/>\n            <a href=\"https:\/\/actu.fr\/auteur\/marie-lamarque\" title=\"Consulter tous les articles de Marie Lamarque\" target=\"_blank\" rel=\"noopener\">Marie Lamarque<\/a><br \/>\n        <\/strong><\/p>\n<p>        Publi\u00e9 le<\/p>\n<p>            31 ao\u00fbt 2025 \u00e0 18h16        <\/p>\n<p>C\u2019est bien connu <a href=\"https:\/\/actu.fr\/toulouse\/\" target=\"_blank\" rel=\"noopener\">\u00e0 Toulouse<\/a>. Parmi les figures locales de la musique, il y a des duos, li\u00e9s par le sang, qui regorgent de talent. \u00c0 la lecture de ces mots, certains penseront peut-\u00eatre spontan\u00e9ment <a href=\"https:\/\/actu.fr\/tag\/bigflo-et-oli\" target=\"_blank\" rel=\"noopener\">\u00e0 BigFlo et Oli<\/a>. Et d\u2019autres, \u00e0 <strong>Mouss et Hakim<\/strong>, les deux fr\u00e8res, anciens membres du c\u00e9l\u00e8bre <a href=\"https:\/\/actu.fr\/tag\/zebda\/page\/4\" target=\"_blank\" rel=\"noopener\">groupe Zebda<\/a>. Leur apparition dans la Ville rose ne passe jamais inaper\u00e7ue. Ils seront sur sc\u00e8ne le dimanche 14 septembre 2025 pour un rendez-vous sp\u00e9cial, le long du canal du Midi.<\/p>\n<p>Un concert dans un cadre privil\u00e9gi\u00e9\u2026<\/p>\n<p class=\" wall-content\"><strong>Les M\u00e9lodies du canal<\/strong> reviennent pour une 2\u1d49 \u00e9dition dans un cadre privil\u00e9gi\u00e9 et habituellement ferm\u00e9 au public :<strong> la cale de Radoub<\/strong>.<\/p>\n<p class=\" wall-content\">C\u2019est donc tout pr\u00e8s de \u00ab\u00a0l\u2019eau verte\u00a0\u00bb de la Ville rose, comme le chantait un autre enfant du pays, que<strong> Mustapha et Hakim Amokrane<\/strong> \u2013 de leurs vrais noms \u2013 partageront un r\u00e9pertoire m\u00ealant cr\u00e9ations originales et <strong>textes in\u00e9dits de Claude Nougaro<\/strong>, qu\u2019ils ont r\u00e9cemment mis en musique.\u00a0<\/p>\n<p class=\" wall-content\">Pour le public, ce sera l\u2019occasion de (re)d\u00e9couvrir l\u2019univers des deux fr\u00e8res qui \u00ab\u00a0d\u00e9fendent une parole libre, enracin\u00e9e dans l\u2019histoire sociale et culturelle des quartiers et ouverte au monde\u00a0\u00bb, pr\u00e9sentent les organisateurs.<\/p>\n<p>\u2026et pour la bonne cause<\/p>\n<p class=\" wall-content\">Les recettes de ce concert solidaire, organis\u00e9 par la Mission M\u00e9c\u00e9nat des Voies Navigables de France (VNF), seront int\u00e9gralement<strong> revers\u00e9es au programme de replantation des arbres du canal du Midi<\/strong>. De quoi profiter d\u2019un rendez-vous musical unique tout en faisant une bonne action.<\/p>\n<p>Vid\u00e9os : en ce moment sur Actu<\/p>\n<p class=\" wall-content\">\u00ab\u00a0Depuis 2006, la biodiversit\u00e9 du canal du Midi est gravement menac\u00e9e par <strong>le chancre color\u00e9<\/strong>, une maladie incurable qui touche les platanes formant sa c\u00e9l\u00e8bre vo\u00fbte arbor\u00e9e\u00a0\u00bb, expliquent les organisateurs. \u00c0 cause de ce fl\u00e9au, <a href=\"https:\/\/actu.fr\/occitanie\/rieumes_31454\/plusieurs-platanes-vont-etre-abattus-dans-cette-commune-au-sud-de-toulouse-voici-pourquoi_62364824.html\" target=\"_blank\" rel=\"noopener\">les arbres malades doivent \u00eatre abattus<\/a>.<\/p>\n<p>Plus de 20 000 jeunes arbres replant\u00e9s<\/p>\n<p class=\" wall-content\">\u00ab\u00a0Face \u00e0 cette situation, VNF a mis en place <a href=\"https:\/\/www.vnf.fr\/vnf\/dossiers-actualitess\/la-restauration-des-plantations-du-canal-du-midi\/\" target=\"_blank\" rel=\"noopener\">un programme de grande ampleur<\/a> visant \u00e0 <strong>replanter des essences d\u2019arbres plus r\u00e9sistantes<\/strong>, restaurer les berges et pr\u00e9server les \u00e9cosyst\u00e8mes associ\u00e9s. <strong>Pr\u00e8s de 32 000 platanes ont d\u00e9j\u00e0 \u00e9t\u00e9 abattus<\/strong> et plus de 20 000 jeunes arbres replant\u00e9s.\u00a0\u00bb<\/p>\n<p>Votre r\u00e9gion, votre actu !<\/p>\n<p>Recevez chaque jour les infos qui comptent pour vous.<\/p>\n<p>\t<a href=\"https:\/\/actu.fr\/newsletter\" class=\"ac-btn ac-btn--corner ac-btn--medium ac-btn--blue800\" target=\"_blank\" rel=\"noopener\">S&rsquo;incrire<\/a><\/p>\n<p class=\" wall-content\">Et les organisateurs le soulignent : \u00ab\u00a0la mobilisation reste essentielle pour poursuivre cette restauration d\u2019envergure\u00a0\u00bb.\u00a0<\/p>\n<p><strong>Infos pratiques<\/strong><br \/>\nLes M\u00e9lodies du canal, dimanche 14 septembre \u00e0 20h. Ouverture d\u00e8s 19h.<br \/>\n\u00c0 la Cale de Radoub, 65 all\u00e9e des Demoiselles \u00e0 Toulouse.<br \/>\nTarif : 31 euros.<br \/><a href=\"https:\/\/www.billetweb.fr\/melodies-du-canal-mouss-hakim-zebda-concert\" target=\"_blank\" rel=\"noopener\">Pour prendre son billet, cliquer ici<\/a>.<br \/><a href=\"https:\/\/www.replantonslecanaldumidi.fr\/evenement\/les-melodies-du-canal\/\" target=\"_blank\" rel=\"noopener\">Plus d\u2019informations \u00e0 lire ici.<\/a><\/p>\n<p class=\" wall-content\">Personnalisez votre actualit\u00e9 en ajoutant vos villes et m\u00e9dias en favori avec <a href=\"https:\/\/moncompte.actu.fr\" title=\"D\u00e9couvez Mon Actu\" rel=\"nofollow noopener\" data-trk=\"{&quot;cta&quot;:{&quot;action&quot;:&quot;https:\\\/\\\/moncompte.actu.fr&quot;,&quot;category&quot;:&quot;mon compte&quot;,&quot;from&quot;:&quot;article footer&quot;,&quot;name&quot;:&quot;Mon actu&quot;,&quot;type&quot;:&quot;cta&quot;}}\" target=\"_blank\">Mon Actu<\/a>.<\/p>\n","protected":false},"excerpt":{"rendered":"Par Marie Lamarque Publi\u00e9 le 31 ao\u00fbt 2025 \u00e0 18h16 C\u2019est bien connu \u00e0 Toulouse. Parmi les figures&hellip;\n","protected":false},"author":2,"featured_media":356710,"comment_status":"","ping_status":"","sticky":false,"template":"","format":"standard","meta":{"footnotes":""},"categories":[2816],"tags":[1111,11,1697,1777,674,1011,27,1652,12,2680,25,1341,2312,49244],"class_list":{"0":"post-356709","1":"post","2":"type-post","3":"status-publish","4":"format-standard","5":"has-post-thumbnail","7":"category-toulouse","8":"tag-actu","9":"tag-actualites","10":"tag-concert","11":"tag-eu","12":"tag-europe","13":"tag-fr","14":"tag-france","15":"tag-loisirs-culture","16":"tag-news","17":"tag-occitanie","18":"tag-republique-francaise","19":"tag-sortir-a-toulouse","20":"tag-toulouse","21":"tag-zebda"},"share_on_mastodon":{"url":"https:\/\/pubeurope.com\/@fr\/115124318073897502","error":""},"_links":{"self":[{"href":"https:\/\/www.europesays.com\/fr\/wp-json\/wp\/v2\/posts\/356709","targetHints":{"allow":["GET"]}}],"collection":[{"href":"https:\/\/www.europesays.com\/fr\/wp-json\/wp\/v2\/posts"}],"about":[{"href":"https:\/\/www.europesays.com\/fr\/wp-json\/wp\/v2\/types\/post"}],"author":[{"embeddable":true,"href":"https:\/\/www.europesays.com\/fr\/wp-json\/wp\/v2\/users\/2"}],"replies":[{"embeddable":true,"href":"https:\/\/www.europesays.com\/fr\/wp-json\/wp\/v2\/comments?post=356709"}],"version-history":[{"count":0,"href":"https:\/\/www.europesays.com\/fr\/wp-json\/wp\/v2\/posts\/356709\/revisions"}],"wp:featuredmedia":[{"embeddable":true,"href":"https:\/\/www.europesays.com\/fr\/wp-json\/wp\/v2\/media\/356710"}],"wp:attachment":[{"href":"https:\/\/www.europesays.com\/fr\/wp-json\/wp\/v2\/media?parent=356709"}],"wp:term":[{"taxonomy":"category","embeddable":true,"href":"https:\/\/www.europesays.com\/fr\/wp-json\/wp\/v2\/categories?post=356709"},{"taxonomy":"post_tag","embeddable":true,"href":"https:\/\/www.europesays.com\/fr\/wp-json\/wp\/v2\/tags?post=356709"}],"curies":[{"name":"wp","href":"https:\/\/api.w.org\/{rel}","templated":true}]}}