{"id":356711,"date":"2025-08-31T16:27:08","date_gmt":"2025-08-31T16:27:08","guid":{"rendered":"https:\/\/www.europesays.com\/fr\/356711\/"},"modified":"2025-08-31T16:27:08","modified_gmt":"2025-08-31T16:27:08","slug":"une-affiche-comparant-la-police-municipale-a-des-nazis-suscite-lindignation","status":"publish","type":"post","link":"https:\/\/www.europesays.com\/fr\/356711\/","title":{"rendered":"une affiche comparant la police municipale \u00e0 des nazis suscite l&rsquo;indignation"},"content":{"rendered":"<p>            Par<br \/>\n        <strong><br \/>\n            <a href=\"https:\/\/actu.fr\/auteur\/gabriel-kenedi\" title=\"Consulter tous les articles de Gabriel Kenedi\" rel=\"nofollow noopener\" target=\"_blank\">Gabriel Kenedi<\/a><br \/>\n        <\/strong><\/p>\n<p>        Publi\u00e9 le<\/p>\n<p>            31 ao\u00fbt 2025 \u00e0 17h51        <\/p>\n<p>\u00ab\u00a0C\u2019est <strong>vraiment immonde<\/strong> ! On n\u2019a pas \u00e0 \u00eatre insult\u00e9s de cette fa\u00e7on\u00a0\u00bb. Didier Cabani\u00e9 ne d\u00e9col\u00e8re pas apr\u00e8s la d\u00e9couverte d\u2019une affiche, coll\u00e9e sur un panneau, sur la voie publique, qui compare les policiers municipaux <a href=\"https:\/\/actu.fr\/toulouse\/\" rel=\"nofollow noopener\" target=\"_blank\">de Toulouse<\/a> \u00e0 des nazis.\u00a0<\/p>\n<p>\u00ab\u00a0Je n\u2019ai jamais vu \u00e7a !\u00a0\u00bb<\/p>\n<p class=\" wall-content\">L\u2019affiche, qui a \u00e9t\u00e9 retir\u00e9e depuis, a \u00e9t\u00e9 d\u00e9couverte<strong> rue de l\u2019Abreuvoir-Saint-Pierre<\/strong>, samedi 30 ao\u00fbt 2025, suite \u00e0 \u00ab\u00a0un signalement effectu\u00e9 \u00e0 All\u00f4 Toulouse\u00a0\u00bb, pr\u00e9cise le repr\u00e9sentant du syndicat FO Police Municipale \u00e0 Toulouse. Sur cette affiche, on voit notamment<strong>\u00a0une imposante croix gamm\u00e9e<\/strong> qui entrelace le sigle de la police municipale, avec \u00e9crit, au-dessus, la mention suivante : \u00ab\u00a0qui fait la diff\u00e9rence ?\u00a0\u00bb\u2026\u00a0<\/p>\n<p class=\" wall-content\">Pour le repr\u00e9sentant du syndicat FO Police Municipale \u00e0 Toulouse, c\u2019est <strong>\u00ab\u00a0du jamais vu\u00a0\u00bb :<\/strong><\/p>\n<p class=\" wall-content\">\u00ab\u00a0On se fait insulter tous les jours, mais l\u00e0, <strong>\u00e7a d\u00e9passe l\u2019entendement<\/strong> ! Il faut dire stop. Au sein de la police municipale, il y a toutes les religions, toutes les couleurs et personne n\u2019a envie de se faire traiter de nazi. C\u2019est particuli\u00e8rement intol\u00e9rable !\u00a0\u00bb, souligne le repr\u00e9sentant du syndicat FO.\u00a0<\/p>\n<p>Vid\u00e9os : en ce moment sur ActuUn d\u00e9p\u00f4t de plainte \u00e0 venir<\/p>\n<p class=\" wall-content\">Le syndicat envisageait <strong>un d\u00e9p\u00f4t de plainte<\/strong> \u00ab\u00a0d\u00e8s lundi \u00e0 la premi\u00e8re heure\u00a0\u00bb, afin d\u2019ouvrir une action en justice. \u00ab\u00a0On ne peut pas en rester l\u00e0 ! On va <strong>d\u00e9poser plainte<\/strong>. Et surtout, on esp\u00e8re pouvoir retrouver le ou les colleurs de cette affiche\u00a0\u00bb, poursuit Didier Cabani\u00e9.\u00a0<\/p>\n<p>\u00ab\u00a0Naus\u00e9abond\u00a0\u00bb, r\u00e9agit l\u2019\u00e9lu en charge de la s\u00e9curit\u00e9<\/p>\n<p class=\" wall-content\">De son c\u00f4t\u00e9, <strong>Emilion Esnault<\/strong>, adjoint au maire de Toulouse en charge de la s\u00e9curit\u00e9 a d\u00e9nonc\u00e9 sur les r\u00e9seaux sociaux un message<strong> \u00ab\u00a0naus\u00e9abond<\/strong>\u00ab\u00a0. \u00ab\u00a0Voil\u00e0 \u00e0 quoi m\u00e8nent bord\u00e9lisations, d\u00e9constructions et id\u00e9ologies assurant chaque jour un peu plus le refus de l\u2019autorit\u00e9. Nos policiers sauvent des vies. Prot\u00e8gent. Portent assistance. Soutenons-les !\u00a0\u00bb, a-t-il indiqu\u00e9 sur la plateforme X (ex-Twitter). Un message ensuite <strong>\u00ab\u00a0retweet\u00e9\u00a0\u00bb<\/strong> par le maire de Toulouse, Jean-Luc Moudenc.\u00a0<\/p>\n<p>Votre r\u00e9gion, votre actu !<\/p>\n<p>Recevez chaque jour les infos qui comptent pour vous.<\/p>\n<p>\t<a href=\"https:\/\/actu.fr\/newsletter\" class=\"ac-btn ac-btn--corner ac-btn--medium ac-btn--blue800\" rel=\"nofollow noopener\" target=\"_blank\">S&rsquo;incrire<\/a><\/p>\n<p class=\" wall-content\">\n<p>\u00ab\u00a0On ne peut pas laisser passer \u00e7a\u00a0\u00bb<\/p>\n<p class=\" wall-content\">Contact\u00e9 par Actu Toulouse, Emilon Esnault indique <strong>qu\u2019une plainte va \u00eatre d\u00e9pos\u00e9e<\/strong> d\u00e8s lundi 1er septembre. \u00ab\u00a0J\u2019ai demand\u00e9 \u00e0 la direction de la police municipale de d\u00e9poser plainte pour la collectivit\u00e9. <strong>On ne peut pas laisser passer \u00e7a !<\/strong>\u00ab\u00a0, explique l\u2019\u00e9lu.\u00a0\u00a0<\/p>\n<p class=\" wall-content\">Personnalisez votre actualit\u00e9 en ajoutant vos villes et m\u00e9dias en favori avec <a href=\"https:\/\/moncompte.actu.fr\" title=\"D\u00e9couvez Mon Actu\" rel=\"nofollow noopener\" data-trk=\"{&quot;cta&quot;:{&quot;action&quot;:&quot;https:\\\/\\\/moncompte.actu.fr&quot;,&quot;category&quot;:&quot;mon compte&quot;,&quot;from&quot;:&quot;article footer&quot;,&quot;name&quot;:&quot;Mon actu&quot;,&quot;type&quot;:&quot;cta&quot;}}\" target=\"_blank\">Mon Actu<\/a>.<\/p>\n","protected":false},"excerpt":{"rendered":"Par Gabriel Kenedi Publi\u00e9 le 31 ao\u00fbt 2025 \u00e0 17h51 \u00ab\u00a0C\u2019est vraiment immonde ! On n\u2019a pas \u00e0&hellip;\n","protected":false},"author":2,"featured_media":356712,"comment_status":"","ping_status":"","sticky":false,"template":"","format":"standard","meta":{"footnotes":""},"categories":[2816],"tags":[1111,11,1777,674,118,1011,27,12,2680,25,2312],"class_list":{"0":"post-356711","1":"post","2":"type-post","3":"status-publish","4":"format-standard","5":"has-post-thumbnail","7":"category-toulouse","8":"tag-actu","9":"tag-actualites","10":"tag-eu","11":"tag-europe","12":"tag-faits-divers","13":"tag-fr","14":"tag-france","15":"tag-news","16":"tag-occitanie","17":"tag-republique-francaise","18":"tag-toulouse"},"share_on_mastodon":{"url":"https:\/\/pubeurope.com\/@fr\/115124321984146618","error":""},"_links":{"self":[{"href":"https:\/\/www.europesays.com\/fr\/wp-json\/wp\/v2\/posts\/356711","targetHints":{"allow":["GET"]}}],"collection":[{"href":"https:\/\/www.europesays.com\/fr\/wp-json\/wp\/v2\/posts"}],"about":[{"href":"https:\/\/www.europesays.com\/fr\/wp-json\/wp\/v2\/types\/post"}],"author":[{"embeddable":true,"href":"https:\/\/www.europesays.com\/fr\/wp-json\/wp\/v2\/users\/2"}],"replies":[{"embeddable":true,"href":"https:\/\/www.europesays.com\/fr\/wp-json\/wp\/v2\/comments?post=356711"}],"version-history":[{"count":0,"href":"https:\/\/www.europesays.com\/fr\/wp-json\/wp\/v2\/posts\/356711\/revisions"}],"wp:featuredmedia":[{"embeddable":true,"href":"https:\/\/www.europesays.com\/fr\/wp-json\/wp\/v2\/media\/356712"}],"wp:attachment":[{"href":"https:\/\/www.europesays.com\/fr\/wp-json\/wp\/v2\/media?parent=356711"}],"wp:term":[{"taxonomy":"category","embeddable":true,"href":"https:\/\/www.europesays.com\/fr\/wp-json\/wp\/v2\/categories?post=356711"},{"taxonomy":"post_tag","embeddable":true,"href":"https:\/\/www.europesays.com\/fr\/wp-json\/wp\/v2\/tags?post=356711"}],"curies":[{"name":"wp","href":"https:\/\/api.w.org\/{rel}","templated":true}]}}