{"id":356713,"date":"2025-08-31T16:28:12","date_gmt":"2025-08-31T16:28:12","guid":{"rendered":"https:\/\/www.europesays.com\/fr\/356713\/"},"modified":"2025-08-31T16:28:12","modified_gmt":"2025-08-31T16:28:12","slug":"lille-dans-le-top-5-des-plus-belles-villes-ou-courir","status":"publish","type":"post","link":"https:\/\/www.europesays.com\/fr\/356713\/","title":{"rendered":"Lille dans le top 5 des plus belles villes o\u00f9 courir"},"content":{"rendered":"<p>            Par<br \/>\n        <strong><br \/>\n            <a href=\"https:\/\/actu.fr\/auteur\/margot-nicodeme\" title=\"Consulter tous les articles de Margot Nicod\u00e8me\" target=\"_blank\" rel=\"noopener\">Margot Nicod\u00e8me<\/a><br \/>\n        <\/strong><\/p>\n<p>        Publi\u00e9 le<\/p>\n<p>            31 ao\u00fbt 2025 \u00e0 17h50        <\/p>\n<p>Ce sont les r\u00e9seaux sociaux et applications qui parlent \u00e0 la place des sportifs : le croisement de donn\u00e9es recueillies sur <a href=\"https:\/\/actu.fr\/dossier\/strava-l-application-pour-sportifs-cartonne-mais-est-elle-sans-danger_61863401.html\" target=\"_blank\" rel=\"noopener\">Strava<\/a>, AllTrails et <a href=\"https:\/\/www.instagram.com\/lilleactu\/?hl=fr\" target=\"_blank\" rel=\"noopener\">Instagram<\/a> permet de placer <a href=\"https:\/\/actu.fr\/hauts-de-france\/lille_59350\" target=\"_blank\" rel=\"noopener\">Lille<\/a> (Nord) parmi <b>les plus belles villes o\u00f9 courir<\/b>. Elle se trouve en effet \u00e0 la 5e place du top 5 fran\u00e7ais, pour ses sentiers et \u00ab\u00a0parcours plats\u00a0\u00bb de qualit\u00e9, tant\u00f4t long\u00e9s de <b>verdure<\/b>, tant\u00f4t de <b>patrimoine remarquable<\/b> (parfois les deux). L\u2019\u00e9tude a \u00e9t\u00e9 conduite par le service de t\u00e9l\u00e9consultation m\u00e9dicale <a href=\"https:\/\/www.zavamed.com\/fr\/\" target=\"_blank\" rel=\"noopener\">ZAVA<\/a>, qui, apr\u00e8s analyse de divers indicateurs, a class\u00e9 la Capitale des Flandres devant Nantes, Nice, ou encore Bordeaux.<\/p>\n<p>De\u00fble, Citadelle, cimeti\u00e8re de l\u2019Est, centre historique : Lille regorge d\u2019atouts pour les coureurs<\/p>\n<p class=\" wall-content\">En mati\u00e8re de parcours de course, Lille d\u00e9croche un 6,44\/10, et s\u2019offre m\u00eame la meilleure note moyenne pour ses sentiers sur AllTrails (4,4\/5), indiquent les conclusions de l\u2019\u00e9tude.<\/p>\n<p class=\" wall-content\">L\u2019application met notamment en avant, dans la <a href=\"https:\/\/www.alltrails.com\/fr\/france\/nord\/lille\" target=\"_blank\" rel=\"noopener\">cat\u00e9gorie \u00ab\u00a0meilleurs itin\u00e9raires\u00a0\u00bb<\/a>, le centre historique lillois (7,1 km), le <a href=\"https:\/\/actu.fr\/hauts-de-france\/lille_59350\/lille-cest-quoi-cet-epais-tapis-vert-sur-la-deule-au-niveau-de-la-citadelle-la-prudence-est-de-mise_63083247.html\" target=\"_blank\" rel=\"noopener\">canal de la De\u00fble<\/a> (13,4 km entre Lille, Lambersart, La Madeleine), pour l\u2019effort dans un cadre verdoyant, ou encore le trajet qui relie la Citadelle au cimeti\u00e8re de l\u2019Est, riche en beau patrimoine.<\/p>\n<p class=\" wall-content\">Strava, de son c\u00f4t\u00e9, associe \u00e0 la ville la moyenne \u00ab\u00a0honorable\u00a0\u00bb de 3,42 parcours plats pr\u00e8s du centre ville pour 10 000 habitants. En comparaison, Besan\u00e7on et Caen sont loin devant, avec respectivement 7,63 et 7,05 parcours pour 10 000 habitants. Sur AllTraits, cette moyenne atteint les 1,45 parcours, toujours pour 10 000 habitants, et est comparable \u00e0 celle des 4 premi\u00e8res villes.<\/p>\n<p class=\" wall-content\">D\u2019ailleurs, voici le top 10 int\u00e9gral des plus belles villes o\u00f9 courir :<\/p>\n<ol class=\" wall-content\">\n<li>\n<p>Caen (7,18\/10)<\/p>\n<\/li>\n<li>\n<p>Besan\u00e7on (7,10)<\/p>\n<\/li>\n<li>\n<p>Rouen (6,85)<\/p>\n<\/li>\n<li>\n<p>Metz (6,71)<\/p>\n<\/li>\n<li>\n<p><b>Lille (6,44)<\/b><\/p>\n<\/li>\n<li>\n<p>Boulogne-Billancourt (7)<\/p>\n<\/li>\n<li>\n<p>Nantes (6,33)<\/p>\n<\/li>\n<li>\n<p>Nice (6,28)<\/p>\n<\/li>\n<li>\n<p>Bordeaux (6,23)<\/p>\n<\/li>\n<li>\n<p>Clermont-Ferrand (6)<\/p>\n<\/li>\n<\/ol>\n<p class=\" wall-content\">Enfin, une donn\u00e9e Instagram a \u00e9t\u00e9 pass\u00e9e \u00e0 la loupe. Il s\u2019agit du nombre d\u2019occurrences du hashtag #VilleRunning : avec plus de 500 mentions, Lille en cumule en moyenne 21,9 pour 10 000 habitants. C\u2019est le meilleur score du top 5, apr\u00e8s Rouen qui cumule\u2026 89,3 hashtags pour 10 000 habitants !<\/p>\n<p class=\" wall-content\">Personnalisez votre actualit\u00e9 en ajoutant vos villes et m\u00e9dias en favori avec <a href=\"https:\/\/moncompte.actu.fr\" title=\"D\u00e9couvez Mon Actu\" rel=\"nofollow noopener\" data-trk=\"{&quot;cta&quot;:{&quot;action&quot;:&quot;https:\\\/\\\/moncompte.actu.fr&quot;,&quot;category&quot;:&quot;mon compte&quot;,&quot;from&quot;:&quot;article footer&quot;,&quot;name&quot;:&quot;Mon actu&quot;,&quot;type&quot;:&quot;cta&quot;}}\" target=\"_blank\">Mon Actu<\/a>.<\/p>\n<p>                    <script async src=\"\/\/www.instagram.com\/embed.js\"><\/script><\/p>\n","protected":false},"excerpt":{"rendered":"Par Margot Nicod\u00e8me Publi\u00e9 le 31 ao\u00fbt 2025 \u00e0 17h50 Ce sont les r\u00e9seaux sociaux et applications qui&hellip;\n","protected":false},"author":2,"featured_media":356714,"comment_status":"","ping_status":"","sticky":false,"template":"","format":"standard","meta":{"footnotes":""},"categories":[2815],"tags":[1111,11,19408,1777,674,1011,27,811,1307,12,25,104,517],"class_list":{"0":"post-356713","1":"post","2":"type-post","3":"status-publish","4":"format-standard","5":"has-post-thumbnail","7":"category-lille","8":"tag-actu","9":"tag-actualites","10":"tag-citadelle-de-lille","11":"tag-eu","12":"tag-europe","13":"tag-fr","14":"tag-france","15":"tag-hauts-de-france","16":"tag-lille","17":"tag-news","18":"tag-republique-francaise","19":"tag-societe","20":"tag-sport"},"share_on_mastodon":{"url":"https:\/\/pubeurope.com\/@fr\/115124325885967682","error":""},"_links":{"self":[{"href":"https:\/\/www.europesays.com\/fr\/wp-json\/wp\/v2\/posts\/356713","targetHints":{"allow":["GET"]}}],"collection":[{"href":"https:\/\/www.europesays.com\/fr\/wp-json\/wp\/v2\/posts"}],"about":[{"href":"https:\/\/www.europesays.com\/fr\/wp-json\/wp\/v2\/types\/post"}],"author":[{"embeddable":true,"href":"https:\/\/www.europesays.com\/fr\/wp-json\/wp\/v2\/users\/2"}],"replies":[{"embeddable":true,"href":"https:\/\/www.europesays.com\/fr\/wp-json\/wp\/v2\/comments?post=356713"}],"version-history":[{"count":0,"href":"https:\/\/www.europesays.com\/fr\/wp-json\/wp\/v2\/posts\/356713\/revisions"}],"wp:featuredmedia":[{"embeddable":true,"href":"https:\/\/www.europesays.com\/fr\/wp-json\/wp\/v2\/media\/356714"}],"wp:attachment":[{"href":"https:\/\/www.europesays.com\/fr\/wp-json\/wp\/v2\/media?parent=356713"}],"wp:term":[{"taxonomy":"category","embeddable":true,"href":"https:\/\/www.europesays.com\/fr\/wp-json\/wp\/v2\/categories?post=356713"},{"taxonomy":"post_tag","embeddable":true,"href":"https:\/\/www.europesays.com\/fr\/wp-json\/wp\/v2\/tags?post=356713"}],"curies":[{"name":"wp","href":"https:\/\/api.w.org\/{rel}","templated":true}]}}