{"id":356715,"date":"2025-08-31T16:29:25","date_gmt":"2025-08-31T16:29:25","guid":{"rendered":"https:\/\/www.europesays.com\/fr\/356715\/"},"modified":"2025-08-31T16:29:25","modified_gmt":"2025-08-31T16:29:25","slug":"olivier-letang-annonce-quedon-zhegrova-ne-devrait-pas-rejoindre-lom","status":"publish","type":"post","link":"https:\/\/www.europesays.com\/fr\/356715\/","title":{"rendered":"Olivier L\u00e9tang annonce qu\u2019Edon Zhegrova ne devrait pas rejoindre l\u2019OM"},"content":{"rendered":"<p>Le dossier <a href=\"https:\/\/www.footmercato.net\/joueur\/edon-zhegrova\/\" rel=\"nofollow noopener\" target=\"_blank\">Edon Zhegrova<\/a> (26 ans) n\u2019en finit plus. \u00c0 quelques heures de la fin du mercato, l\u2019international kosovar, priorit\u00e9 offensive de l\u2019OM, est tomb\u00e9 d\u2019accord avec le club phoc\u00e9en. Une nouvelle qui avait de quoi surprendre son pr\u00e9sident <a href=\"https:\/\/www.footmercato.net\/a3010362288097033120-losc-letang-dezingue-lom-pour-zhegrova\" rel=\"nofollow noopener\" target=\"_blank\">Olivier Letang, qui avait d\u2019ailleurs tacl\u00e9 l\u2019OM<\/a> \u00e0 l\u2019occasion du tirage au sort de la Ligue Europa. Ce dernier expliquait qu\u2019il n\u2019avait pas \u00e9t\u00e9 pr\u00e9venu des discussions entre l\u2019OM et Zhegrova. Un dossier compliqu\u00e9, alors que l\u2019attaquant de 26 ans ne souhaitait pas prolonger \u00e0 un an de la fin de son contrat. <\/p>\n<p>            La suite apr\u00e8s cette publicit\u00e9<\/p>\n<p>Au micro de BeIN Sports apr\u00e8s la large victoire du LOSC \u00e0 Lorient (7-1), Olivier L\u00e9tang s\u2019est longuement confi\u00e9 sur la situation de son ailier et a annonc\u00e9 qu\u2019il s\u2019\u00e9loignait de l\u2019Olympique de Marseille. \u00abJe pense qu\u2019il n\u2019ira pas \u00e0 l\u2019OM. Pour un certain nombre de raisons. Est-ce qu\u2019il sera Lillois ? R\u00e9ponse mardi. Ce qu\u2019il s\u2019est pass\u00e9 doit rester entre Pablo Longoria et moi. Je l\u2019ai contact\u00e9 apr\u00e8s avoir vu des informations dans la presse en lui disant \u00ab\u00a0si vous \u00eates int\u00e9ress\u00e9, venez maintenant parce qu\u2019il y aura d\u2019autres clubs apr\u00e8s et des conditions\u00a0\u00bb. On n\u2019a pas eu d\u2019\u00e9change sur le sujet\u00bb, a-t-il l\u00e2ch\u00e9, avant de confirmer que <a href=\"https:\/\/www.footmercato.net\/a4148454564248953985-edon-zhegrova-a-informe-lille-de-son-souhait-de-rejoindre-lom\" rel=\"nofollow noopener\" target=\"_blank\">son joueur s\u2019\u00e9tait mis d\u2019accord avec l\u2019OM<\/a>.<\/p>\n<p>            La suite apr\u00e8s cette publicit\u00e9<\/p>\n<p>        Olivier L\u00e9tang n\u2019exclut pas un d\u00e9part de Zhegrova<\/p>\n<p>\u00abLe joueur n\u2019est pas dans le groupe, car psychologiquement, on a d\u00e9cid\u00e9 qu\u2019il n\u2019\u00e9tait pas en capacit\u00e9 de jouer aujourd\u2019hui. Il est arriv\u00e9 dix minutes avant l\u2019entra\u00eenement hier, alors qu\u2019il devait jouer aujourd\u2019hui. Il nous a dit \u00ab\u00a0j\u2019ai re\u00e7u une proposition de l\u2019OM, je suis tomb\u00e9 d\u2019accord avec eux apr\u00e8s avoir discut\u00e9, j\u2019ai eu l\u2019entra\u00eeneur, il me veut\u00a0\u00bb. On a pens\u00e9 qu\u2019il n\u2019\u00e9tait pas en bonne condition. Cela aurait \u00e9t\u00e9 bien de se parler entre clubs avant pour savoir si c\u2019\u00e9tait possible avant et ne pas mettre dans la t\u00eate du joueur la possibilit\u00e9 d\u2019aller l\u00e0-bas, mais aujourd\u2019hui, c\u2019est derri\u00e8re nous\u00bb, a ajout\u00e9 le pr\u00e9sident des Dogues.<\/p>\n<p>Et si Olivier L\u00e9tang semble r\u00e9ticent \u00e0 vendre son attaquant \u00e0 l\u2019OM, il n\u2019exclut pas un d\u00e9part de Zhegrova vers un autre club, avant la fin du mercato. \u00abS\u2019il sera lillois ? j\u2019ai dit qu\u2019\u00e0 mon avis, il n\u2019ira pas \u00e0 l\u2019OM. On veut le garder, mais je lui ai dit qu\u2019il avait une porte de sortie en cas d\u2019offre int\u00e9ressante, je lui avais donn\u00e9 ma parole. Il a beaucoup donn\u00e9 chez nous, il lui reste moins onze mois de contrat. La volont\u00e9 du joueur est de jouer la Ligue des Champions dans un grand club. Si tout le monde s\u2019y retrouve, je n\u2019ai pas l\u2019intention de le bloquer\u00bb. Les supporters des deux camps sont pr\u00e9venus\u2026<\/p>\n<p>\n    Pub. le 30\/08\/2025 19:44<br \/>\n            &#8211; MAJ le 31\/08\/2025 18:09\n    <\/p>\n","protected":false},"excerpt":{"rendered":"Le dossier Edon Zhegrova (26 ans) n\u2019en finit plus. \u00c0 quelques heures de la fin du mercato, l\u2019international&hellip;\n","protected":false},"author":2,"featured_media":349035,"comment_status":"","ping_status":"","sticky":false,"template":"","format":"standard","meta":{"footnotes":""},"categories":[2815],"tags":[1111,11,1777,674,1011,27,811,1307,12,25],"class_list":{"0":"post-356715","1":"post","2":"type-post","3":"status-publish","4":"format-standard","5":"has-post-thumbnail","7":"category-lille","8":"tag-actu","9":"tag-actualites","10":"tag-eu","11":"tag-europe","12":"tag-fr","13":"tag-france","14":"tag-hauts-de-france","15":"tag-lille","16":"tag-news","17":"tag-republique-francaise"},"share_on_mastodon":{"url":"https:\/\/pubeurope.com\/@fr\/115124329758380626","error":""},"_links":{"self":[{"href":"https:\/\/www.europesays.com\/fr\/wp-json\/wp\/v2\/posts\/356715","targetHints":{"allow":["GET"]}}],"collection":[{"href":"https:\/\/www.europesays.com\/fr\/wp-json\/wp\/v2\/posts"}],"about":[{"href":"https:\/\/www.europesays.com\/fr\/wp-json\/wp\/v2\/types\/post"}],"author":[{"embeddable":true,"href":"https:\/\/www.europesays.com\/fr\/wp-json\/wp\/v2\/users\/2"}],"replies":[{"embeddable":true,"href":"https:\/\/www.europesays.com\/fr\/wp-json\/wp\/v2\/comments?post=356715"}],"version-history":[{"count":0,"href":"https:\/\/www.europesays.com\/fr\/wp-json\/wp\/v2\/posts\/356715\/revisions"}],"wp:featuredmedia":[{"embeddable":true,"href":"https:\/\/www.europesays.com\/fr\/wp-json\/wp\/v2\/media\/349035"}],"wp:attachment":[{"href":"https:\/\/www.europesays.com\/fr\/wp-json\/wp\/v2\/media?parent=356715"}],"wp:term":[{"taxonomy":"category","embeddable":true,"href":"https:\/\/www.europesays.com\/fr\/wp-json\/wp\/v2\/categories?post=356715"},{"taxonomy":"post_tag","embeddable":true,"href":"https:\/\/www.europesays.com\/fr\/wp-json\/wp\/v2\/tags?post=356715"}],"curies":[{"name":"wp","href":"https:\/\/api.w.org\/{rel}","templated":true}]}}