{"id":356716,"date":"2025-08-31T16:30:17","date_gmt":"2025-08-31T16:30:17","guid":{"rendered":"https:\/\/www.europesays.com\/fr\/356716\/"},"modified":"2025-08-31T16:30:17","modified_gmt":"2025-08-31T16:30:17","slug":"les-bocuhes-du-rhone-et-le-vaucluse-en-vigilange-orange-cette-nuit-et-lundi-matin","status":"publish","type":"post","link":"https:\/\/www.europesays.com\/fr\/356716\/","title":{"rendered":"les Bocuhes-du-Rh\u00f4ne et le Vaucluse en vigilange orange cette nuit et lundi matin"},"content":{"rendered":"<p>Ce dimanche \u00e0 partir de minuit et jusqu&rsquo;\u00e0 lundi matin 9 heures, les Bouches-du-Rh\u00f4ne et le Vaucluse ont \u00e9t\u00e9 plac\u00e9s en vigilance orange aux pluies, risques d&rsquo;inondations et aux orages, par M\u00e9t\u00e9o-France. Les Alpes-de-Haute-Provence resteront en jaune. D&rsquo;autres d\u00e9partements du Sud-Est de la France sont aussi colori\u00e9s en orange sur la carte des alertes. Il s&rsquo;agit du Gard, de la Dr\u00f4me, de la Loz\u00e8re et de l&rsquo;Ard\u00e8che.<\/p>\n<p>Des pr\u00e9cipitations abondantes sont attendues dans ces secteurs.<\/p>\n<p>M\u00e9t\u00e9o-France a pr\u00e9cis\u00e9 que les orages perdureront \u00ab\u00a0dans la nuit et au moins jusqu&rsquo;en matin\u00e9e de lundi\u00a0\u00bb et pourraient entra\u00eener une \u00ab\u00a0forte activit\u00e9 \u00e9lectrique, de la gr\u00eale et des rafales de vent localement fortes\u00a0\u00bb.<\/p>\n<p>Par ailleurs, huit d\u00e9partements allant du Gard au Sud \u00e0 l&rsquo;Yonne au Nord sont plac\u00e9s dimanche en vigilance orange orages et deux d&rsquo;entre eux, l&rsquo;Ard\u00e8che et le Gard, pour risques d&rsquo;inondations. Il s&rsquo;agit du Gard, de la Loz\u00e8re, de l&rsquo;Ard\u00e8che, du Puy-de-D\u00f4me, de l&rsquo;Allier, de la Ni\u00e8vre, de la Sa\u00f4ne-et-Loire et de la C\u00f4te d&rsquo;Or. Sur l&rsquo;Auvergne et la Bourgogne, une perturbation orageuse va arriver dans l&rsquo;apr\u00e8s-midi et en soir\u00e9e et concernera une grande partie de l&rsquo;Est du pays, pr\u00e9vient M\u00e9t\u00e9o-France.\u00a0<\/p>\n","protected":false},"excerpt":{"rendered":"Ce dimanche \u00e0 partir de minuit et jusqu&rsquo;\u00e0 lundi matin 9 heures, les Bouches-du-Rh\u00f4ne et le Vaucluse ont&hellip;\n","protected":false},"author":2,"featured_media":356717,"comment_status":"","ping_status":"","sticky":false,"template":"","format":"standard","meta":{"footnotes":""},"categories":[2814],"tags":[17,1111,11,885,1102,1777,674,1011,27,151,884,12,4594,18433,4459,882,16,25,4520,15192],"class_list":{"0":"post-356716","1":"post","2":"type-post","3":"status-publish","4":"format-standard","5":"has-post-thumbnail","7":"category-marseille","8":"tag-17","9":"tag-actu","10":"tag-actualites","11":"tag-bouches-du-rhone","12":"tag-breakingnews","13":"tag-eu","14":"tag-europe","15":"tag-fr","16":"tag-france","17":"tag-les","18":"tag-marseille","19":"tag-news","20":"tag-orages","21":"tag-places","22":"tag-pluie","23":"tag-provence-alpes-cote-dazur","24":"tag-region","25":"tag-republique-francaise","26":"tag-vaucluse","27":"tag-vigilance"},"share_on_mastodon":{"url":"https:\/\/pubeurope.com\/@fr\/115124333637688885","error":""},"_links":{"self":[{"href":"https:\/\/www.europesays.com\/fr\/wp-json\/wp\/v2\/posts\/356716","targetHints":{"allow":["GET"]}}],"collection":[{"href":"https:\/\/www.europesays.com\/fr\/wp-json\/wp\/v2\/posts"}],"about":[{"href":"https:\/\/www.europesays.com\/fr\/wp-json\/wp\/v2\/types\/post"}],"author":[{"embeddable":true,"href":"https:\/\/www.europesays.com\/fr\/wp-json\/wp\/v2\/users\/2"}],"replies":[{"embeddable":true,"href":"https:\/\/www.europesays.com\/fr\/wp-json\/wp\/v2\/comments?post=356716"}],"version-history":[{"count":0,"href":"https:\/\/www.europesays.com\/fr\/wp-json\/wp\/v2\/posts\/356716\/revisions"}],"wp:featuredmedia":[{"embeddable":true,"href":"https:\/\/www.europesays.com\/fr\/wp-json\/wp\/v2\/media\/356717"}],"wp:attachment":[{"href":"https:\/\/www.europesays.com\/fr\/wp-json\/wp\/v2\/media?parent=356716"}],"wp:term":[{"taxonomy":"category","embeddable":true,"href":"https:\/\/www.europesays.com\/fr\/wp-json\/wp\/v2\/categories?post=356716"},{"taxonomy":"post_tag","embeddable":true,"href":"https:\/\/www.europesays.com\/fr\/wp-json\/wp\/v2\/tags?post=356716"}],"curies":[{"name":"wp","href":"https:\/\/api.w.org\/{rel}","templated":true}]}}