{"id":356718,"date":"2025-08-31T16:36:22","date_gmt":"2025-08-31T16:36:22","guid":{"rendered":"https:\/\/www.europesays.com\/fr\/356718\/"},"modified":"2025-08-31T16:36:22","modified_gmt":"2025-08-31T16:36:22","slug":"om-la-compo-explosive-de-de-zerbi-face-a-lol","status":"publish","type":"post","link":"https:\/\/www.europesays.com\/fr\/356718\/","title":{"rendered":"OM, la compo explosive de De Zerbi face \u00e0 l\u2019OL"},"content":{"rendered":"<p><a href=\"https:\/\/www.goal.com\/fr\/news\/ol-om-diffusion-tv-et-en-clair-streaming-et-compos-probables\/blta1ed5a84a08b5f26\" target=\"_self\" rel=\"noopener\">L\u2019Olympique de Marseille se d\u00e9place dans le Rh\u00f4ne, ce dimanche, pour d\u00e9fier l\u2019Olympique Lyonnais \u00e0 l\u2019occasion de la troisi\u00e8me journ\u00e9e de Ligue 1<\/a>. Un choc important pour les Phoc\u00e9ens qui doivent se rassurer avant la tr\u00eave internationale. Un objectif cher \u00e0 Roberto De Zerbi qui a pr\u00e9vu d\u2019aligner une \u00e9quipe ultra-offensive face aux Gones, ce soir.<\/p>\n<p>Contenu externe recommand\u00e9Vid\u00e9oNous avons besoin de votre consentement pour vous montrer le contenu int\u00e9gr\u00e9 de notre \u00e9quipe \u00e9ditorialeVid\u00e9o . Vous pouvez activer ceci (et tous les autres \u00e9l\u00e9ments int\u00e9gr\u00e9s \u00e0 partir deVid\u00e9o (via goal.com) en un seul clic et d\u00e9sactivez-le \u00e9galement.Toujours afficherVid\u00e9o contenuJe confirme que je souhaite voir du contenu externe. Des donn\u00e9es personnelles identifiables pourraient \u00eatre transf\u00e9r\u00e9es \u00e0 des tiers.<a href=\"https:\/\/www.goal.com\/fr\/l%C3%A9gal\/politique-priv%C3%A9e\" target=\"_blank\" rel=\"noreferrer noopener\"> Pour en savoir plus, consultez notre politique de confidentialit\u00e9.<\/a> .<\/p>\n","protected":false},"excerpt":{"rendered":"L\u2019Olympique de Marseille se d\u00e9place dans le Rh\u00f4ne, ce dimanche, pour d\u00e9fier l\u2019Olympique Lyonnais \u00e0 l\u2019occasion de la&hellip;\n","protected":false},"author":2,"featured_media":356719,"comment_status":"","ping_status":"","sticky":false,"template":"","format":"standard","meta":{"footnotes":""},"categories":[2814],"tags":[1111,11,1777,674,1011,27,66,2428,47732,884,12,882,7329,25],"class_list":{"0":"post-356718","1":"post","2":"type-post","3":"status-publish","4":"format-standard","5":"has-post-thumbnail","7":"category-marseille","8":"tag-actu","9":"tag-actualites","10":"tag-eu","11":"tag-europe","12":"tag-fr","13":"tag-france","14":"tag-ligue-1","15":"tag-lyon","16":"tag-lyon-vs-marseille","17":"tag-marseille","18":"tag-news","19":"tag-provence-alpes-cote-dazur","20":"tag-r-de-zerbi","21":"tag-republique-francaise"},"share_on_mastodon":{"url":"https:\/\/pubeurope.com\/@fr\/115124357479098901","error":""},"_links":{"self":[{"href":"https:\/\/www.europesays.com\/fr\/wp-json\/wp\/v2\/posts\/356718","targetHints":{"allow":["GET"]}}],"collection":[{"href":"https:\/\/www.europesays.com\/fr\/wp-json\/wp\/v2\/posts"}],"about":[{"href":"https:\/\/www.europesays.com\/fr\/wp-json\/wp\/v2\/types\/post"}],"author":[{"embeddable":true,"href":"https:\/\/www.europesays.com\/fr\/wp-json\/wp\/v2\/users\/2"}],"replies":[{"embeddable":true,"href":"https:\/\/www.europesays.com\/fr\/wp-json\/wp\/v2\/comments?post=356718"}],"version-history":[{"count":0,"href":"https:\/\/www.europesays.com\/fr\/wp-json\/wp\/v2\/posts\/356718\/revisions"}],"wp:featuredmedia":[{"embeddable":true,"href":"https:\/\/www.europesays.com\/fr\/wp-json\/wp\/v2\/media\/356719"}],"wp:attachment":[{"href":"https:\/\/www.europesays.com\/fr\/wp-json\/wp\/v2\/media?parent=356718"}],"wp:term":[{"taxonomy":"category","embeddable":true,"href":"https:\/\/www.europesays.com\/fr\/wp-json\/wp\/v2\/categories?post=356718"},{"taxonomy":"post_tag","embeddable":true,"href":"https:\/\/www.europesays.com\/fr\/wp-json\/wp\/v2\/tags?post=356718"}],"curies":[{"name":"wp","href":"https:\/\/api.w.org\/{rel}","templated":true}]}}