{"id":356724,"date":"2025-08-31T16:46:12","date_gmt":"2025-08-31T16:46:12","guid":{"rendered":"https:\/\/www.europesays.com\/fr\/356724\/"},"modified":"2025-08-31T16:46:12","modified_gmt":"2025-08-31T16:46:12","slug":"les-5-infos-du-week-end-en-ile-de-france","status":"publish","type":"post","link":"https:\/\/www.europesays.com\/fr\/356724\/","title":{"rendered":"les 5 infos du week-end en \u00cele-de-France"},"content":{"rendered":"<p>            Par<br \/>\n        <strong><br \/>\n            <a href=\"https:\/\/actu.fr\/auteur\/redaction-paris\" title=\"Consulter tous les articles de R\u00e9daction Paris\" target=\"_blank\" rel=\"noopener\">R\u00e9daction Paris<\/a><br \/>\n        <\/strong><\/p>\n<p>        Publi\u00e9 le<\/p>\n<p>            31 ao\u00fbt 2025 \u00e0 17h58        <\/p>\n<p>            <a href=\"#logora-synthese\" class=\"ac-btn ac-btn--round ac-btn--border-gray ac-btn--commentaire\" data-trk=\"{&quot;cta&quot;:{&quot;action&quot;:&quot;&quot;,&quot;category&quot;:&quot;mon compte&quot;,&quot;from&quot;:&quot;article actions&quot;,&quot;name&quot;:&quot;Commentaires&quot;,&quot;type&quot;:&quot;cta&quot;}}\" title=\"Commenter l'article\"><br \/>\n            Commentaires<br \/>\n        <\/a><\/p>\n<p>        Partager<\/p>\n<ul id=\"share\" class=\"ac-article-actions__share \">\n<li>\n            <a target=\"_blank\" href=\"http:\/\/www.facebook.com\/sharer.php?u=https:\/\/actu.fr\/societe\/meurtre-a-paris-autoroute-fermee-pass-navigo-a-la-naissance-les-5-infos-du-week-end-en-ile-de-france_63098465.html\" class=\"ac-btn-social ac-btn-social--blue ac-btn-social--facebook\" title=\"Partagez sur Facebook - Nouvelle fen\u00eatre\" data-trk=\"{&quot;social&quot;:{&quot;network&quot;:&quot;facebook&quot;},&quot;article&quot;:{&quot;id_contenu&quot;:63098465,&quot;titre_contenu&quot;:&quot;Meurtre \\u00e0 Paris, autoroute ferm\\u00e9e, pass Navigo \\u00e0 la naissance : les 5 infos du week-end en \\u00cele-de-France&quot;,&quot;marque&quot;:&quot;Actu Paris&quot;,&quot;code_region&quot;:&quot;11&quot;,&quot;type&quot;:&quot;article&quot;,&quot;arborescence&quot;:&quot;Soci\\u00e9t\\u00e9&quot;,&quot;tags_article_s&quot;:&quot;Meurtre|Pass Navigo|Transport&quot;,&quot;signature_auteur&quot;:&quot;R\\u00e9daction Paris&quot;,&quot;statut_monetisation&quot;:&quot;gratuit&quot;}}\" rel=\"noopener\">Partagez sur Facebook<\/a>\n        <\/li>\n<li>\n            <a target=\"_blank\" href=\"https:\/\/twitter.com\/intent\/tweet?url=https:\/\/actu.fr\/societe\/meurtre-a-paris-autoroute-fermee-pass-navigo-a-la-naissance-les-5-infos-du-week-end-en-ile-de-france_63098465.html&amp;text=Meurtre \u00e0 Paris, autoroute ferm\u00e9e, pass Navigo \u00e0 la naissance : les 5 infos du week-end en \u00cele-de-France&amp;via=actufr\" class=\"ac-btn-social ac-btn-social--blue ac-btn-social--x\" title=\"Partagez sur Twitter - Nouvelle fen\u00eatre\" data-trk=\"{&quot;social&quot;:{&quot;network&quot;:&quot;twitter&quot;},&quot;article&quot;:{&quot;id_contenu&quot;:63098465,&quot;titre_contenu&quot;:&quot;Meurtre \\u00e0 Paris, autoroute ferm\\u00e9e, pass Navigo \\u00e0 la naissance : les 5 infos du week-end en \\u00cele-de-France&quot;,&quot;marque&quot;:&quot;Actu Paris&quot;,&quot;code_region&quot;:&quot;11&quot;,&quot;type&quot;:&quot;article&quot;,&quot;arborescence&quot;:&quot;Soci\\u00e9t\\u00e9&quot;,&quot;tags_article_s&quot;:&quot;Meurtre|Pass Navigo|Transport&quot;,&quot;signature_auteur&quot;:&quot;R\\u00e9daction Paris&quot;,&quot;statut_monetisation&quot;:&quot;gratuit&quot;}}\" rel=\"noopener\">Partagez sur Twitter<\/a>\n        <\/li>\n<li>\n            <a target=\"_blank\" href=\"http:\/\/actu.fr\/cdn-cgi\/l\/email-protection#8eceb1fdfbece4ebedfab3c3ebfbfcfafcebae4d2eaedeeffce7fda2aeeffbfae1fce1fbfaebaee8ebfce34d27eba2aefeeffdfdaec0eff8e7e9e1ae4d2eaee2efaee0efe7fdfdefe0edebaeb4aee2ebfdaebbaee7e0e8e1fdaeeafbaef9ebebe5a3ebe0eaaeebe0ae4d00e2eba3eaeba3c8fcefe0edeba8ece1eaf7b3c3ebfbfcfafcebae4d2eaedeeffce7fda2aeeffbfae1fce1fbfaebaee8ebfce34d27eba2aefeeffdfdaec0eff8e7e9e1ae4d2eaee2efaee0efe7fdfdefe0edebaeb4aee2ebfdaebbaee7e0e8e1fdaeeafbaef9ebebe5a3ebe0eaaeebe0ae4d00e2eba3eaeba3c8fcefe0edebabbcbeb4abbcbee6fafafefdb4a1a1efedfafba0e8fca1fde1ede7ebfaeba1e3ebfbfcfafceba3efa3feeffce7fda3effbfae1fce1fbfaeba3e8ebfce3ebeba3feeffdfda3e0eff8e7e9e1a3efa3e2efa3e0efe7fdfdefe0edeba3e2ebfda3bba3e7e0e8e1fda3eafba3f9ebebe5a3ebe0eaa3ebe0a3e7e2eba3eaeba3e8fcefe0edebd1b8bdbeb7b6bab8bba0e6fae3e2\" class=\"ac-btn-social ac-btn-social--blue ac-btn-social--mail\" title=\"Partagez par mail - Nouvelle fen\u00eatre\" data-trk=\"{&quot;social&quot;:{&quot;network&quot;:&quot;email&quot;},&quot;article&quot;:{&quot;id_contenu&quot;:63098465,&quot;titre_contenu&quot;:&quot;Meurtre \\u00e0 Paris, autoroute ferm\\u00e9e, pass Navigo \\u00e0 la naissance : les 5 infos du week-end en \\u00cele-de-France&quot;,&quot;marque&quot;:&quot;Actu Paris&quot;,&quot;code_region&quot;:&quot;11&quot;,&quot;type&quot;:&quot;article&quot;,&quot;arborescence&quot;:&quot;Soci\\u00e9t\\u00e9&quot;,&quot;tags_article_s&quot;:&quot;Meurtre|Pass Navigo|Transport&quot;,&quot;signature_auteur&quot;:&quot;R\\u00e9daction Paris&quot;,&quot;statut_monetisation&quot;:&quot;gratuit&quot;}}\" rel=\"noopener\">Partagez par Mail<\/a>\n        <\/li>\n<li>\n<p>                Copiez\/Collez le Lien<\/p>\n<p>            Copi\u00e9 !\n        <\/li>\n<\/ul>\n<p>Le week-end d\u2019avant <a href=\"https:\/\/actu.fr\/tag\/rentree-scolaire\" target=\"_blank\" rel=\"noopener\">rentr\u00e9e scolaire<\/a> aura \u00e9t\u00e9 marqu\u00e9 par un meurtre en pleine rue dans le 18e arrondissement de Paris. Un \u00e9v\u00e8nement tragique dans le quartier Marx Dormoy. Fort heureusement, des nouvelles plus heureuses sont \u00e0 souligner comme celle qui attend les usagers du <a href=\"https:\/\/actu.fr\/tag\/rer-a\" target=\"_blank\" rel=\"noopener\">RER A<\/a> d\u00e8s le 1er septembre ou encore ce <a href=\"https:\/\/actu.fr\/tag\/pass-navigo\" target=\"_blank\" rel=\"noopener\">Pass Navigo<\/a> offert \u00e0 un b\u00e9b\u00e9 n\u00e9 sur un quai de la station Ch\u00e2telet.\u00a0<\/p>\n<p>Les 5 infos du week-end \u00e0 Paris et en \u00cele-de-France<\/p>\n<p class=\"expresso-item wall-content\"><a title=\"Lire l&#039;article\" href=\"https:\/\/actu.fr\/ile-de-france\/paris_75056\/paris-il-poignarde-a-mort-un-homme-en-pleine-rue-un-homme-arrete-vers-la-gare-saint-lazare_63097397.html\" target=\"_blank\" rel=\"noopener\"><strong>Paris : Un homme poignard\u00e9 \u00e0 mort en pleine rue, un suspect arr\u00eat\u00e9 vers la gare Saint-Lazare<\/strong><\/a><br \/>Ce samedi 30 ao\u00fbt, lors d\u2019une rixe sur la voie publique, dans le quartier Marx Dormoy (18e arrondissement), un homme a port\u00e9 plusieurs coups de couteau \u00e0 un autre avant de prendre la fuite<\/p>\n<p class=\"expresso-item wall-content\"><a title=\"Lire l&#039;article\" href=\"https:\/\/actu.fr\/ile-de-france\/paris_75056\/elle-accouche-dans-le-rer-a-paris-valerie-pecresse-offre-au-bebe-un-pass-navigo-jusqu-a-ses-18-ans_63097906.html\" target=\"_blank\" rel=\"noopener\"><strong>Elle accouche dans le RER \u00e0 Paris : Val\u00e9rie P\u00e9cresse offre au b\u00e9b\u00e9 un pass Navigo jusqu\u2019\u00e0 ses 18 ans<\/strong><\/a><br \/>Apr\u00e8s qu\u2019une femme a accouch\u00e9 dans le RER A \u00e0 hauteur de Ch\u00e2telet, la pr\u00e9sidente d\u2019\u00cele-de-France Mobilit\u00e9s a offert \u00e0 l\u2019enfant un pass Navigo jusqu\u2019\u00e0 majorit\u00e9.<\/p>\n<p class=\"expresso-item wall-content\"><a title=\"Lire l&#039;article\" href=\"https:\/\/actu.fr\/ile-de-france\/bussy-saint-georges_77058\/a4-lautoroute-a-nouveau-fermee-pendant-5-jours-en-seine-et-marne_63094995.html\" target=\"_blank\" rel=\"noopener\"><strong>A4 : l\u2019autoroute \u00e0 nouveau ferm\u00e9e pendant 5 jours en Seine-et-Marne<\/strong><\/a><br \/>Et de trois. Les travaux de cr\u00e9ation du diffuseur en Seine-et-Marne au-dessus de l\u2019A4 n\u00e9cessitent une nouvelle fermeture de l\u2019autoroute. Celle-ci sera ferm\u00e9e pendant cinq nuits.<\/p>\n<p class=\"expresso-item wall-content\"><a title=\"Lire l&#039;article\" href=\"https:\/\/actu.fr\/ile-de-france\/paris_75056\/idfm-une-bonne-nouvelle-des-le-1er-septembre-pour-les-usagers-du-rer-a-qui-empruntent-les-trains-le-soir_63093788.html\" target=\"_blank\" rel=\"noopener\"><strong>IDFM. Une \u00ab\u00a0bonne nouvelle\u00a0\u00bb d\u00e8s le 1er septembre pour les usagers du RER A qui empruntent les trains le soir<\/strong><\/a><br \/>Davantage de trains longs et jusqu\u2019\u00e0 plus tard vont circuler sur la ligne en d\u00e9but de semaine. Un renfort r\u00e9clam\u00e9 par les usagers et leurs repr\u00e9sentants. Les d\u00e9tails par ici.<\/p>\n<p class=\"expresso-item wall-content\"><a title=\"Lire l&#039;article\" href=\"https:\/\/actu.fr\/ile-de-france\/paris_75056\/paris-anne-hidalgo-refuse-l-inhumation-de-son-epouse-au-cimetiere-du-montparnasse-il-saisit-la-justice_63097176.html\" target=\"_blank\" rel=\"noopener\"><strong>Paris : Anne Hidalgo refuse l\u2019inhumation de son \u00e9pouse au cimeti\u00e8re du Montparnasse, il saisit la justice<\/strong><\/a><br \/>Apr\u00e8s avoir vu sa demande d\u2019acquisition d\u2019une concession fun\u00e9raire rejet\u00e9e, un veuf a saisi le tribunal administratif de Paris.<\/p>\n<p class=\" wall-content\">Personnalisez votre actualit\u00e9 en ajoutant vos villes et m\u00e9dias en favori avec <a href=\"https:\/\/moncompte.actu.fr\" title=\"D\u00e9couvez Mon Actu\" rel=\"nofollow noopener\" data-trk=\"{&quot;cta&quot;:{&quot;action&quot;:&quot;https:\\\/\\\/moncompte.actu.fr&quot;,&quot;category&quot;:&quot;mon compte&quot;,&quot;from&quot;:&quot;article footer&quot;,&quot;name&quot;:&quot;Mon actu&quot;,&quot;type&quot;:&quot;cta&quot;}}\" target=\"_blank\">Mon Actu<\/a>.<\/p>\n<p>                    <script async src=\"https:\/\/platform.twitter.com\/widgets.js\" charset=\"utf-8\"><\/script><\/p>\n","protected":false},"excerpt":{"rendered":"Par R\u00e9daction Paris Publi\u00e9 le 31 ao\u00fbt 2025 \u00e0 17h58 Commentaires Partager Partagez sur Facebook Partagez sur Twitter&hellip;\n","protected":false},"author":2,"featured_media":356725,"comment_status":"","ping_status":"","sticky":false,"template":"","format":"standard","meta":{"footnotes":""},"categories":[1888],"tags":[1111,1928,11,1927,1777,674,1011,27,777,12,1926,626,1925,14377,25,104,2803],"class_list":{"0":"post-356724","1":"post","2":"type-post","3":"status-publish","4":"format-standard","5":"has-post-thumbnail","7":"category-paris","8":"tag-actu","9":"tag-actu-paris","10":"tag-actualites","11":"tag-actualites-paris","12":"tag-eu","13":"tag-europe","14":"tag-fr","15":"tag-france","16":"tag-meurtre","17":"tag-news","18":"tag-news-paris","19":"tag-paris","20":"tag-paris-news","21":"tag-pass-navigo","22":"tag-republique-francaise","23":"tag-societe","24":"tag-transport"},"share_on_mastodon":{"url":"https:\/\/pubeurope.com\/@fr\/115124396648792369","error":""},"_links":{"self":[{"href":"https:\/\/www.europesays.com\/fr\/wp-json\/wp\/v2\/posts\/356724","targetHints":{"allow":["GET"]}}],"collection":[{"href":"https:\/\/www.europesays.com\/fr\/wp-json\/wp\/v2\/posts"}],"about":[{"href":"https:\/\/www.europesays.com\/fr\/wp-json\/wp\/v2\/types\/post"}],"author":[{"embeddable":true,"href":"https:\/\/www.europesays.com\/fr\/wp-json\/wp\/v2\/users\/2"}],"replies":[{"embeddable":true,"href":"https:\/\/www.europesays.com\/fr\/wp-json\/wp\/v2\/comments?post=356724"}],"version-history":[{"count":0,"href":"https:\/\/www.europesays.com\/fr\/wp-json\/wp\/v2\/posts\/356724\/revisions"}],"wp:featuredmedia":[{"embeddable":true,"href":"https:\/\/www.europesays.com\/fr\/wp-json\/wp\/v2\/media\/356725"}],"wp:attachment":[{"href":"https:\/\/www.europesays.com\/fr\/wp-json\/wp\/v2\/media?parent=356724"}],"wp:term":[{"taxonomy":"category","embeddable":true,"href":"https:\/\/www.europesays.com\/fr\/wp-json\/wp\/v2\/categories?post=356724"},{"taxonomy":"post_tag","embeddable":true,"href":"https:\/\/www.europesays.com\/fr\/wp-json\/wp\/v2\/tags?post=356724"}],"curies":[{"name":"wp","href":"https:\/\/api.w.org\/{rel}","templated":true}]}}