{"id":356729,"date":"2025-08-31T16:48:26","date_gmt":"2025-08-31T16:48:26","guid":{"rendered":"https:\/\/www.europesays.com\/fr\/356729\/"},"modified":"2025-08-31T16:48:26","modified_gmt":"2025-08-31T16:48:26","slug":"ratp-et-sncf-les-perturbations-prevues-dans-les-transports-a-paris-et-en-ile-de-france-la-semaine-de-rentree","status":"publish","type":"post","link":"https:\/\/www.europesays.com\/fr\/356729\/","title":{"rendered":"RATP et SNCF. Les perturbations pr\u00e9vues dans les transports \u00e0 Paris et en \u00cele-de-France la semaine de rentr\u00e9e"},"content":{"rendered":"<p>            Par<br \/>\n        <strong><br \/>\n            <a href=\"https:\/\/actu.fr\/auteur\/redaction-paris\" title=\"Consulter tous les articles de R\u00e9daction Paris\" target=\"_blank\" rel=\"noopener\">R\u00e9daction Paris<\/a><br \/>\n        <\/strong><\/p>\n<p>        Publi\u00e9 le<\/p>\n<p>            31 ao\u00fbt 2025 \u00e0 17h14        <\/p>\n<p>La rentr\u00e9e ne signifie pas la fin des travaux sur les r\u00e9seaux <a href=\"https:\/\/actu.fr\/tag\/ratp\" target=\"_blank\" rel=\"noopener\">RATP<\/a> et <a href=\"https:\/\/actu.fr\/tag\/sncf\" target=\"_blank\" rel=\"noopener\">SNCF<\/a> \u00e0 Paris et en \u00cele-de-France. On fait le point sur les perturbations annonc\u00e9es du lundi 1er septembre au dimanche 7 septembre dans le <a href=\"https:\/\/actu.fr\/tag\/metro\" target=\"_blank\" rel=\"noopener\">m\u00e9tro<\/a>, RER, <a href=\"https:\/\/actu.fr\/tag\/transilien\" target=\"_blank\" rel=\"noopener\">Transilien<\/a> et tramway.\u00a0<\/p>\n<p>Les perturbations dans le m\u00e9tro<\/p>\n<ul class=\" wall-content\">\n<li><strong>Ligne 6 :<\/strong> jusqu\u2019au 28 septembre, l\u2019arr\u00eat n\u2019est pas desservi \u00e0 Cambronne en raison de travaux de modernisation.\u00a0<\/li>\n<\/ul>\n<p>Les perturbations dans le RER<\/p>\n<ul class=\" wall-content\">\n<li><strong>RER A :<\/strong> jusqu\u2019au vendredi 10 octobre, d\u00e8s 22h45, Le trafic est interrompu entre Paris Gare du Nord et A\u00e9roport Charles De Gaulle 2-TGV\/Mitry-Claye. Un service de bus de remplacement est mis en place, avec desserte des gares interm\u00e9diaires.<\/li>\n<li><strong>RER C :<\/strong> Samedi 6 et dimanche 7, le trafic est interrompu ente Paris Austerlitz et Juvisy via Choisy le Roi. Dernier train au d\u00e9part de Juvisy pour Paris Austerlitz \u00e0 22h59. Dernier train au d\u00e9part de Paris Austerlitz pour Juvisy \u00e0 23h36. Un service de bus de remplacement est mis en place, avec desserte des gares interm\u00e9diaires. A noter, durant le week-end, les gares de Villeneuve le Roi, Ablon et Athis Mons ne sont pas desservies par les trains \u00e0 destination de Juvisy. Report sur les bus de ville.<\/li>\n<li><strong>RER D :<\/strong> jusqu\u2019au 31 octobre, du lundi au vendredi \u00e0 partir de 23h20, le trafic est interrompu entre Gare du Nord et Creil en raison de travaux. Bus en place.\u00a0<\/li>\n<\/ul>\n<p>Les perturbations dans le Transilien<\/p>\n<ul class=\" wall-content\">\n<li><strong>Ligne K :<\/strong> jusqu\u2019au vendredi 19 d\u00e9cembre en soir\u00e9e, le trafic est interrompu entre Paris Gare du Nord et Cr\u00e9py-en-Valois.<\/li>\n<li><strong>Ligne L :<\/strong> le trafic de la Ligne L sera perturb\u00e9 le 1 septembre \u00e0 cause d\u2019un mouvement social. Pr\u00e9voir 2 trains sur 3.<\/li>\n<li><strong>Ligne N :<\/strong> jusqu\u2019au vendredi 12 d\u00e9cembre, le trafic est interrompu entre Paris Est et Coulommiers en semaine \u00e0 partir de 21h30.\u00a0<\/li>\n<li><strong>Ligne R :<\/strong> jusqu\u2019au vendredi 19 septembre, le trafic est interrompu entre Melun et Montereau via H\u00e9ricy. Un service de bus de remplacement est mis en place, avec desserte des gares interm\u00e9diaires.<\/li>\n<li><strong>Ligne U :<\/strong> jusqu\u2019au vendredi 12 septembre, le trafic est interrompu entre La D\u00e9fense et La Verri\u00e8re. Dernier train de La D\u00e9fense pour La Verri\u00e8re : VERI de 22h15. Dernier train de La Verri\u00e8re pour La D\u00e9fense: DEFI de 21h20. Un service de bus de remplacement est mis en place, avec desserte des gares interm\u00e9diaires.<\/li>\n<li><strong>Ligne V :<\/strong> du samedi 06 au dimanche 07 septembre, le trafic est interrompu sur l\u2019ensemble de la ligne V. Un service de bus de remplacement est mis en place, avec desserte des gares interm\u00e9diaires.<\/li>\n<\/ul>\n<p>Les perturbations sur les lignes de tramway<\/p>\n<ul class=\" wall-content\">\n<li><strong>T1 :<\/strong> le trafic est interrompu entre Asni\u00e8res \u2013 Quatre Routes et Gare de Saint-Denis et perturb\u00e9 sur le reste de la ligne en raison d\u2019une d\u00e9gradation par un tiers \u00e0 L\u2019\u00cele-Saint-Denis. Pas de reprise pr\u00e9vue jusqu\u2019\u00e0 nouvel ordre.<\/li>\n<li><strong>T2\u2009:<\/strong> jusqu\u2019au 2 novembre 2025, le trafic est interrompu entre Porte de Versailles et Suzanne Lenglen en raison d\u2019importants travaux de modernisation. Pour rejoindre la Porte de Versailles, depuis Suzanne Lenglen, rejoindre \u00e0 pied la station Balard du T3a.<\/li>\n<li><strong>T4 :<\/strong> du lundi 1er septembre au soir au samedi 4 octobre au matin, le trafic est interrompu entre les stations Gargan et Aulnay-sous-Bois dans les deux sens \u00e0 partir de 22h55. Dernier tram au d\u00e9part d\u2019Aulnay-sous-Bois et Bondy \u00e0 22h47. Les tramways circulent entre Bondy et H\u00f4pital de Montfermeil jusqu\u2019\u00e0 la fin de service. Ils desservent les stations entre Bondy et Gargan.Le premier tram de Bondy vers Aulnay-sous-Bois est \u00e0 5h06 du mardi au vendredi et \u00e0 5h15 le samedi. Premier tram d\u2019Aulnay-sous-Bois vers Bondy est \u00e0 5h04 du mardi au vendredi et \u00e0 5h18 le samedi. Un service de bus de remplacement est mis en place avec desserte des stations interm\u00e9diaires.<\/li>\n<\/ul>\n<p class=\" wall-content\">Personnalisez votre actualit\u00e9 en ajoutant vos villes et m\u00e9dias en favori avec <a href=\"https:\/\/moncompte.actu.fr\" title=\"D\u00e9couvez Mon Actu\" rel=\"nofollow noopener\" data-trk=\"{&quot;cta&quot;:{&quot;action&quot;:&quot;https:\\\/\\\/moncompte.actu.fr&quot;,&quot;category&quot;:&quot;mon compte&quot;,&quot;from&quot;:&quot;article footer&quot;,&quot;name&quot;:&quot;Mon actu&quot;,&quot;type&quot;:&quot;cta&quot;}}\" target=\"_blank\">Mon Actu<\/a>.<\/p>\n","protected":false},"excerpt":{"rendered":"Par R\u00e9daction Paris Publi\u00e9 le 31 ao\u00fbt 2025 \u00e0 17h14 La rentr\u00e9e ne signifie pas la fin des&hellip;\n","protected":false},"author":2,"featured_media":356730,"comment_status":"","ping_status":"","sticky":false,"template":"","format":"standard","meta":{"footnotes":""},"categories":[1888],"tags":[11,1777,674,1011,27,12,626,625,25,2215,104,2803],"class_list":{"0":"post-356729","1":"post","2":"type-post","3":"status-publish","4":"format-standard","5":"has-post-thumbnail","7":"category-paris","8":"tag-actualites","9":"tag-eu","10":"tag-europe","11":"tag-fr","12":"tag-france","13":"tag-news","14":"tag-paris","15":"tag-ratp","16":"tag-republique-francaise","17":"tag-sncf","18":"tag-societe","19":"tag-transport"},"share_on_mastodon":{"url":"https:\/\/pubeurope.com\/@fr\/115124404689238810","error":""},"_links":{"self":[{"href":"https:\/\/www.europesays.com\/fr\/wp-json\/wp\/v2\/posts\/356729","targetHints":{"allow":["GET"]}}],"collection":[{"href":"https:\/\/www.europesays.com\/fr\/wp-json\/wp\/v2\/posts"}],"about":[{"href":"https:\/\/www.europesays.com\/fr\/wp-json\/wp\/v2\/types\/post"}],"author":[{"embeddable":true,"href":"https:\/\/www.europesays.com\/fr\/wp-json\/wp\/v2\/users\/2"}],"replies":[{"embeddable":true,"href":"https:\/\/www.europesays.com\/fr\/wp-json\/wp\/v2\/comments?post=356729"}],"version-history":[{"count":0,"href":"https:\/\/www.europesays.com\/fr\/wp-json\/wp\/v2\/posts\/356729\/revisions"}],"wp:featuredmedia":[{"embeddable":true,"href":"https:\/\/www.europesays.com\/fr\/wp-json\/wp\/v2\/media\/356730"}],"wp:attachment":[{"href":"https:\/\/www.europesays.com\/fr\/wp-json\/wp\/v2\/media?parent=356729"}],"wp:term":[{"taxonomy":"category","embeddable":true,"href":"https:\/\/www.europesays.com\/fr\/wp-json\/wp\/v2\/categories?post=356729"},{"taxonomy":"post_tag","embeddable":true,"href":"https:\/\/www.europesays.com\/fr\/wp-json\/wp\/v2\/tags?post=356729"}],"curies":[{"name":"wp","href":"https:\/\/api.w.org\/{rel}","templated":true}]}}