{"id":356731,"date":"2025-08-31T16:49:10","date_gmt":"2025-08-31T16:49:10","guid":{"rendered":"https:\/\/www.europesays.com\/fr\/356731\/"},"modified":"2025-08-31T16:49:10","modified_gmt":"2025-08-31T16:49:10","slug":"direct-paris-fc-metz-simons-enflamme-jean-bouin","status":"publish","type":"post","link":"https:\/\/www.europesays.com\/fr\/356731\/","title":{"rendered":"DIRECT. Paris FC &#8211; Metz : Simons enflamme Jean-Bouin"},"content":{"rendered":"<p>18:44<\/p>\n<p>Simon remet Paris devant<\/p>\n<p>Alors que Mbowe venait de r\u00e9aliser un sauvetage sur sa ligne, Simons redonne l&rsquo;avantage aux Parisiens. Lees-Melou \u00e0 la r\u00e9cup\u00e9ration, Krasso \u00e0 la remise et Lopez \u00e0 la passe, la recette pour mettre sur orbite l&rsquo;ancien Nantais qui ne tremble pas. Coaching gagnant pour St\u00e9phane Gilli.<\/p>\n<p>18:42<\/p>\n<p>PLM fait ses d\u00e9buts<\/p>\n<p>Pierre Lees-Melou, arriv\u00e9 cette semaine, est acclam\u00e9 quand il prend la place d&rsquo;Adama Camara. Jean-Philippe Krasso prend lui la place de William Geubbels.<\/p>\n<p>18:40<\/p>\n<p>Ca chauffe devant le but de Trapp<\/p>\n<p>Pas de frappe \u00e0 proprement parler mais les centres dangereux se multiplient dans la surface parisienne. Les espaces s&rsquo;ouvrent encore un peu plus.<\/p>\n<p>18:38<\/p>\n<p>Double changement c\u00f4t\u00e9 messin<\/p>\n<p>Tsitsaishvili et Abuashvili c\u00e8dent leurs places \u00e0 San\u00e9 et Bokele. Deux changements poste pour poste, pour les deux offensifs.<\/p>\n<p>18:36<\/p>\n<p>Enfin un temps plus faible<\/p>\n<p>Apr\u00e8s une reprise irrespirable et ces deux buts, le rythme est un peu retomb\u00e9. L&rsquo;occasion de souligner la porosit\u00e9 de la d\u00e9fense parisienne qui, comme la semaine derni\u00e8re, s&rsquo;est aussi sabord\u00e9e toute seule avec des erreurs \u00e9vitables.<\/p>\n<p>18:34<\/p>\n<p>Mais Kebbal est intenable !\u00a0<\/p>\n<p>Sur une ouverture incroyable, l&rsquo;ailier lance Chergui face \u00e0 Fischer. Le lat\u00e9ral s&#8217;emm\u00e8ne bien le ballon mais bute sur le portier messin.<\/p>\n<p>18:32<\/p>\n<p>Metz \u00e9galise sur une erreur de Lopez<\/p>\n<p>Maxime Lopez manque une talonnade \u00e0 la relance, pr\u00e8s du rond central, r\u00e9cup\u00e9r\u00e9e par Traor\u00e9. Le Messin joue parfaitement le 3 contre 2 gr\u00e2ce \u00e0 un joli une deux avec Tsitaishvili. Le Paris FC se saborde encore.\u00a0<\/p>\n<p>18:29<\/p>\n<p>Le doubl\u00e9 pour Kebbal !\u00a0<\/p>\n<p>Sur un centre de Moses Simon, Ilan Kebbal est trouv\u00e9 au second poteau. Son plat du pied droit trompe Fischer, trop laxe sur son premier poteau.<\/p>\n<p>18:26<\/p>\n<p>S\u00e9rie de corners pour le Paris FC<\/p>\n<p>Quatri\u00e8me corner de suite pour le Paris FC. Les centres sont dangereux mais pour l&rsquo;instant tous d\u00e9vi\u00e9s par des Messins. Jusqu&rsquo;\u00e0 une touche, dans le camp grenat.<\/p>\n<p>18:22<\/p>\n<p>Simon sonne la charge<\/p>\n<p>Peu en vue en premi\u00e8re p\u00e9riode, l&rsquo;ancien Nantais lance les hostilit\u00e9s d&rsquo;une frappe envelopp\u00e9e qui passe au-dessus.<\/p>\n<p>18:21<\/p>\n<p>C&rsquo;est reparti pour la seconde p\u00e9riode<\/p>\n<p>Geubbels donne le coup d&rsquo;envoi dans un stade Jean-Bouin toujours aussi agit\u00e9. Pierre Lees-Melou s&rsquo;est d&rsquo;ailleurs longuement \u00e9chauff\u00e9 pendant la pause.<\/p>\n<p>18:16<\/p>\n<p>Une nouvelle recrue en approche pour le Paris FC<\/p>\n<p>L&rsquo;ancien du PSG et de Lille <a href=\"https:\/\/www.leparisien.fr\/sports\/football\/ligue-1\/mercato-paris-fc-jonathan-ikone-tout-proche-de-signer-31-08-2025-YYNDKWUCNNEMHLLU3OGXLLH5U4.php\" target=\"_blank\" rel=\"nofollow noopener\">Jonathan Ikon\u00e9 va signer pour le Paris FC<\/a>. En provenance de la Fiorentina, le milieu offensif, qui a d\u00e9j\u00e0 connu l&rsquo;\u00e9quipe de France, devrait passer sa visite m\u00e9dicale dans les prochaines heures.<\/p>\n<p>18:08<\/p>\n<p>Maxime Lopez mitig\u00e9 sur la premi\u00e8re p\u00e9riode parisienne<\/p>\n<p>\u00ab On \u00e9tait un peu amorphes en d\u00e9but de match. Peut-\u00eatre que c&rsquo;est le nouveau stade, on avait du mal \u00e0 trouver des solutions. Metz sait jouer au ballon donc pour moi, le 1-1 est logique, il n&rsquo;y a rien \u00e0 dire. On m\u00e9rite de revenir au match nul, il va falloir trouver des moyens de les emb\u00eater maintenant. Je trouve qu&rsquo;ils sont super hauts. \u00bb<\/p>\n<p>18:05<\/p>\n<p>Mi-temps, Paris s&rsquo;est relanc\u00e9 avant la pause<\/p>\n<p>Dominateur en d\u00e9but de rencontre, le Paris FC s&rsquo;est fait surprendre sur un magnifique but acrobatique venu sanctionner les nombreux errements d\u00e9fensifs. Mais Ilan Kebbal, virevoltant sur la premi\u00e8re p\u00e9riode, a obtenu un penalty qu&rsquo;il a lui-m\u00eame transform\u00e9 avant la pause.<\/p>\n<p>18:02<\/p>\n<p>Kebbal \u00e9galise ! 1-1<\/p>\n<p>L&rsquo;ailier se fait justice par lui-m\u00eame et relance les Parisiens d&rsquo;une frappe imparable, sur la gauche de Fischer.<\/p>\n<p>18:00<\/p>\n<p>Penalty pour le Paris FC<\/p>\n<p>San\u00e9, le buteur messin, est sanctionn\u00e9 pour sa semelle sur la cheville de Kebbal. Penalty pour les Parisiens et carton jaune pour le d\u00e9fenseur grenat.\u00a0<\/p>\n<p>17:59<\/p>\n<p>Le VAR checke l&rsquo;action<\/p>\n<p>Kebbal a subi une grosse semelle de San\u00e9, qui ne s&rsquo;est pas contr\u00f4l\u00e9. L&rsquo;arbitre est appel\u00e9 et va voir les images. Ca sent le penalty pour le Paris FC.\u00a0<\/p>\n<p>17:57<\/p>\n<p>Le num\u00e9ro de Kebbal\u00a0<\/p>\n<p>Sur son c\u00f4t\u00e9 droit, l&rsquo;ailier fait danser les Messins \u00e0 coups de feintes de corps et jeu avec la semelle. Il obtient un corner qui ne donne rien, m\u00eame si deux Parisiens se sont \u00e9croul\u00e9s.<\/p>\n<p>17:53<\/p>\n<p>Point stats apr\u00e8s 35 minutes<\/p>\n<p>Le match est \u00e9quilibr\u00e9 avec 51% de possession pour le Paris FC, qui a toutefois de gros manquements en d\u00e9fense. Ce qui n&#8217;emp\u00eache pas les Parisiens de dominer au nombre de tirs, avec 9 contre 8, pour 2 cadr\u00e9s contre 1 seul, d\u00e9cisif, c\u00f4t\u00e9 messin.<\/p>\n<p>17:50<\/p>\n<p>Le poteau pour Geubbels ! C&rsquo;\u00e9tait magnifique<\/p>\n<p>Sur un d\u00e9boul\u00e9 c\u00f4t\u00e9 droit, le buteur arrive aux abords de la surface. Il arme une frappe en feuille morte, qui vient s&rsquo;\u00e9craser sur le poteau oppos\u00e9. Gros manque de r\u00e9ussite pour l&rsquo;ancien Mon\u00e9gasque, qui ne pouvait pas faire beaucoup mieux.<\/p>\n<p>17:46<\/p>\n<p>17:44<\/p>\n<p>Trapp bien concentr\u00e9<\/p>\n<p>Sur un magnifique une-deux entre Stambouli et Gueye, l&rsquo;attaquant est trouv\u00e9 dans la profondeur. Il a du champ mais Trapp sort bien pour le devancer et d\u00e9gager en touche.<\/p>\n<p>17:43<\/p>\n<p>Nouvel arr\u00eat de Fischer<\/p>\n<p>Apr\u00e8s un corner, Kebbal remet dans la bo\u00eete et trouve Mbow. En pivot, il parvient \u00e0 frapper mais ne trouve que les gant d&rsquo;un Fischer vigilant. Marchetti manque encore le cadre dans la continuit\u00e9.<\/p>\n<p>17:41<\/p>\n<p>Marchetti, encore<\/p>\n<p>Le gaucher r\u00e9cup\u00e8re un deuxi\u00e8me ballon en entr\u00e9e de surface et envoie une lourde frappe. Elle s&rsquo;envole et finit \u00e0 quelques m\u00e8tres de la transversale de Fischer.<\/p>\n<p>17:40<\/p>\n<p>La VAR a check\u00e9, le but est accord\u00e9<\/p>\n<p>Les Parisiens r\u00e9clamaient une faute sur Otavio, l\u00e9g\u00e8rement accroch\u00e9 dans la surface. Mais ce n&rsquo;est pas assez, selon le corps arbitral, qui a logiquement accord\u00e9 le but.<\/p>\n<p>17:39<\/p>\n<p>Cette fois, le Paris FC craque sur un but incroyable !<\/p>\n<p>Sur le corner qui suit, Sadibou San\u00e9 arme une magnifique reprise acrobatique !Pas vraiment dos au but, presque de trois quarts, il envoie sa reprise dans la lucarne d&rsquo;un K\u00e9vin Trapp impuissant ! Metz est r\u00e9compens\u00e9 pour son dernier quart d&rsquo;heure et m\u00e8ne 1-0.<\/p>\n<p>17:37<\/p>\n<p>De Smet tient la maison<\/p>\n<p>Sur un centre venant de la droite de Gbamin, le d\u00e9fenseur parisien est le seul \u00e0 intervenir devant Idrissa Gueye, qui r\u00f4dait.<\/p>\n<p>17:34<\/p>\n<p>Un bon rythme dans ces 20 premi\u00e8res minutes<\/p>\n<p>Pas de but mais d\u00e9j\u00e0 pas mal d&rsquo;occasions en ce d\u00e9but de rencontre. Le Paris FC domine, a eu quelques frappes, mais laisse trop d&rsquo;espaces derri\u00e8re et c&rsquo;est bien Metz qui a eu la plus belle opportunit\u00e9.<\/p>\n<p>17:31<\/p>\n<p>La premi\u00e8re frappe cadr\u00e9e du match<\/p>\n<p>Depuis les 25 m\u00e8tres, Marchetti arme une lourde frappe, trop axiale. Fischer la repousse sur Camara, surpris, qui n&rsquo;arrive pas \u00e0 cadrer sa reprise depuis l&rsquo;int\u00e9rieur de la surface.<\/p>\n<p>17:28<\/p>\n<p>De gros trous dans la d\u00e9fense parisienne<\/p>\n<p>Gueye est lanc\u00e9 en profondeur par Hein et a le champ libre pour s&rsquo;avancer devant Trapp. Mais le buteur s&#8217;emm\u00eale dans sa conduite de balle et se fait d\u00e9poss\u00e9der du ballon.<\/p>\n<p>17:26<\/p>\n<p>Premier frisson sur le but de Trapp<\/p>\n<p>Sur un nouveau corner, Stambouli coupe la trajectoire au premier poteau. Gbamin surgit, seul dans les 6 m\u00e8tres, mais n&rsquo;arrive pas \u00e0 cadrer sa reprise.<\/p>\n<p>17:24<\/p>\n<p>Metz sort enfin<\/p>\n<p>Sur leur premi\u00e8re vraie phase de possession, les Grenats poussent c\u00f4t\u00e9 droit. Mais Otavio veille au grain et d\u00e9gage en corner, qui ne donne rien.<\/p>\n<p>17:22<\/p>\n<p>Paris pousse en ce d\u00e9but de match<\/p>\n<p>Les Parisiens ont la possession et sont install\u00e9s dans le camp messin. Les incursions se multiplient, sans danger pour l&rsquo;instant, mais les intentions y sont.<\/p>\n<p>17:20<\/p>\n<p>Premi\u00e8re bronca du jour<\/p>\n<p>Sur le corner, De Smet d\u00e9coche une t\u00eate puissante, d\u00e9vi\u00e9e par un Messin. Mais l&rsquo;arbitre ne bronche pas et s&rsquo;attire les sifflets du public. Il y avait bien un contact avec le bras mais pas de quoi donner un penalty selon la VAR.<\/p>\n<p>17:18<\/p>\n<p>Premier corner parisien<\/p>\n<p>Sur un beau mouvement collectif, Kebbal arme une frappe depuis l&rsquo;ext\u00e9rieur de la surface. Elle est contr\u00e9e et les d\u00e9fenseurs peuvent monter pour le corner.<\/p>\n<p>17:17<\/p>\n<p>Un stade bien rempli mais pas plein<\/p>\n<p>L&rsquo;ambiance est belle dans un Jean-Bouin bien rempli mais pas \u00e0 guichets ferm\u00e9s. Quelques trous sont aper\u00e7us en tribunes, notamment lat\u00e9rales.<\/p>\n<p>17:15<\/p>\n<p>C&rsquo;est parti, le Paris FC d\u00e9couvre Jean-Bouin<\/p>\n<p>Les Messins donnent le coup d&rsquo;envoi et le rendent imm\u00e9diatement aux Parisiens.\u00a0<\/p>\n<p>17:12<\/p>\n<p>Une solidit\u00e9 d\u00e9fensive \u00e0 retrouver<\/p>\n<p>Apr\u00e8s les cinq buts encaiss\u00e9s \u00e0 Marseille la semaine derni\u00e8re (5-2), le Paris FC doit se construire une assise d\u00e9fensive. Et peut se mettre en confiance face \u00e0 des Messins encore en rodage.<\/p>\n<p>17:10<\/p>\n<p>Les joueurs sont dans le tunnel<\/p>\n<p>On approche du coup d&rsquo;envoi de ce match d\u00e9j\u00e0 capital pour enfin lancer la saison parisienne.<\/p>\n<p>17:07<\/p>\n<p>L&rsquo;ambiance est d\u00e9j\u00e0 belle \u00e0 Jean-Bouin<\/p>\n<p>Au moment d&rsquo;annoncer les compositions, les supporters parisiens se font d\u00e9j\u00e0 largement entendre. L&rsquo;engouement est bien pr\u00e9sent dans la qu\u00eate de ce premier point.<\/p>\n<p>17:06<\/p>\n<p>Klopp enthousiaste<\/p>\n<p>Le directeur du football de Red Bull s&rsquo;est exprim\u00e9 au micro de Ligue 1+. \u00ab L&rsquo;ambiance ? C&rsquo;est incroyable, j&rsquo;aime cette atmosph\u00e8re l\u00e0. C&rsquo;est la premi\u00e8re fois que je viens et il y aura du bruit aujourd&rsquo;hui. On a h\u00e2te que \u00e7a commence. Le temps n&rsquo;est pas parfait mais on esp\u00e8re que \u00e7a va bien se passer.<\/p>\n<p>Les ambitions ? C&rsquo;est d&rsquo;avoir du succ\u00e8s, de bien jouer au foot. On veut pas devenir foot, y aller \u00e9tapes par \u00e9tapes et on veut construire les fondations du club, l&rsquo;acad\u00e9mie et rendre les gens au stade heureux de venir au stade. C&rsquo;est \u00e7a l&rsquo;id\u00e9e. Le foot n&rsquo;a pas de garanties mais toutes les personnes ici travaillent et sont impliqu\u00e9s pour \u00e7a. J&rsquo;esp\u00e8re qu&rsquo;il y aura de belles choses dans cette saison. \u00bb<\/p>\n<p>17:00<\/p>\n<p>Les Grenats, la b\u00eate noire du Paris FC<\/p>\n<p>En Ligue 2, le Paris FC avait perdu les matchs aller (1-2) et retour (3-1) la saison derni\u00e8re. Sur les 14 derni\u00e8res confrontations directes, les Parisiens ne l&rsquo;ont emport\u00e9 qu&rsquo;une fois, pour 2 nuls et 12 d\u00e9faites.<\/p>\n<p>16:55<\/p>\n<p>Marquer son territoire<\/p>\n<p>Pour sa premi\u00e8re \u00e0 domicile, le Paris FC esp\u00e8re taper du poing sur la table pour montrer que le Parc ne sera pas la seule \u00ab forteresse \u00bb \u00e0 Paris cette saison. Et pour \u00e7a,<a href=\"https:\/\/www.leparisien.fr\/sports\/football\/ligue-1\/paris-fc-metz-comment-le-promu-parisien-entend-faire-de-jean-bouin-une-forteresse-31-08-2025-C5LJPIQOXRBSJL7DEYDRXPEADA.php\" target=\"_blank\" rel=\"nofollow noopener\"> ils ont un plan.<\/a><\/p>\n<p>16:50<\/p>\n<p>De grands noms \u00e0 Jean Bouin<\/p>\n<p><img decoding=\"async\" src=\"https:\/\/www.europesays.com\/fr\/wp-content\/uploads\/2025\/08\/HDDUCQOZ4BBBFIVDNWVGBM3UUQ.jpg\"\/>De gauche \u00e0 droite : J\u00fcrgen Klopp, Pierre Ferracci, Antoine Arnault, Quentin Rauzier et Mario Gomez, dirigeants du club.\u00a0<\/p>\n<p>16:48<\/p>\n<p>La nouvelle vie du stade<\/p>\n<p>Pour s&rsquo;appr\u00eater \u00e0 recevoir ses nouveaux occupants &#8211; et se mettre aux normes de la Ligue 1 -, Jean-Bouin a d\u00fb se refaire une beaut\u00e9. La pelouse a \u00e9t\u00e9 am\u00e9lior\u00e9 avec une technologie hybride unique en France, le PC s\u00e9curit\u00e9 a \u00e9t\u00e9 r\u00e9nov\u00e9 et les loges repens\u00e9es. Le tout <a href=\"https:\/\/www.leparisien.fr\/sports\/football\/ligue-1\/pelouse-pc-securite-loges-comment-jean-bouin-a-fait-peau-neuve-en-deux-mois-pour-accueillir-le-paris-fc-25-08-2025-U573BERVFRBUREBTQRTAY7ZELU.php\" target=\"_blank\" rel=\"nofollow noopener\">pour plusieurs millions d&rsquo;euros<\/a>.<\/p>\n<p>16:42<\/p>\n<p>La folie va-t-elle s&#8217;emparer de Jean-Bouin<\/p>\n<p>Pour la premi\u00e8re du Paris FC dans son nouveau stade, il devrait y avoir foule. 7 000 supporters ont pris leur abonnement, dont la plupart ont d\u00fb patienter plusieurs heures pour r\u00e9cup\u00e9rer leur Graal, comme nous le <a href=\"https:\/\/www.leparisien.fr\/sports\/football\/paris-fc\/je-patiente-depuis-plus-dune-heure-a-jean-bouin-la-longue-attente-pour-obtenir-son-abonnement-au-paris-fc-28-08-2025-UTDFW7GAUFCCXFPR6WXVBQSBEE.php\" target=\"_blank\" rel=\"nofollow noopener\">racontions dans ce reportage<\/a>.<\/p>\n<p>16:36<\/p>\n<p>Du tr\u00e8s beau monde \u00e0 Jean-Bouin<\/p>\n<p>Pour cette premi\u00e8re \u00e0 domicile de la saison, l&rsquo;\u00e9tat-major du club et de Red Bull est pr\u00e9sent. J\u00fcrgen Klopp, responsable du football de la marque, a fait le d\u00e9placement et discute sur la pelouse avec Antoine Arnault, co-propri\u00e9taire.<\/p>\n<p>16:31<\/p>\n<p>Un effectif encore incomplet pour le Paris FC<\/p>\n<p>Si plusieurs recrues sont d\u00e9j\u00e0 sur la feuille de match ce dimanche, d&rsquo;autres sont attendues d&rsquo;ici la fin du mercato ce lundi. <a href=\"https:\/\/www.leparisien.fr\/sports\/football\/paris-fc\/mercato-paris-fc-hamari-traore-signe-ce-dimanche-31-08-2025-422YRYBUYZES3JDPFA2B7GZ6FM.php\" target=\"_blank\" rel=\"nofollow noopener\">Hamari Traor\u00e9<\/a> a d\u00e9j\u00e0 sign\u00e9 un contrat de deux ans (plus un en option), alors que des rumeurs font \u00e9tat d&rsquo;une arriv\u00e9e de l&rsquo;ancien du PSG et de Lille Jonathan Ikon\u00e9.<\/p>\n<p>16:27<\/p>\n<p>Un ancien du PSG titulaire pour Metz<\/p>\n<p>Benjamin Stambouli est bien titulaire c\u00f4t\u00e9 messin, aux c\u00f4t\u00e9s de Traor\u00e9 au milieu. Devant, Gauthier Hein \u00e9voluera en soutien de Gueye.<\/p>\n<p><strong>Le XI du FC Metz<\/strong> : Fischer &#8211; Kouao, San\u00e9, Gbamin, Yegbe &#8211; Traor\u00e9, Stambouli &#8211; Tsitaichvili, Hein, Abuachvili &#8211; Madjo<\/p>\n<p>16:21<\/p>\n<p>La compo est tomb\u00e9e, PLM sur le banc<\/p>\n<p>K\u00e9vin Trapp est, comme annonc\u00e9, dans les cages, d\u00e9fendu par Mbow et Otavio. Lopez et Marchetti ferrailleront dans l&rsquo;entrejeu, en soutien de Kebal, Geubbels et Simon. Pierre Lees-Melou, arriv\u00e9 cette semaine, d\u00e9bute lui sur le banc.<\/p>\n<p><strong>Le XI du Paris FC<\/strong> : Trapp, \u00a0Chergui, Mbow, Otavio, De Smet &#8211; Lopez, Marchetti, Camara &#8211; Kebbal, Geubbels, Simon<\/p>\n<p>Contexte<\/p>\n<p>Apr\u00e8s-midi de premi\u00e8res !\u00a0<\/p>\n<ul>\n<li>Le PFC re\u00e7oit pour la premi\u00e8re fois de la saison et <a href=\"https:\/\/www.leparisien.fr\/sports\/football\/ligue-1\/paris-fc-metz-comment-le-promu-parisien-entend-faire-de-jean-bouin-une-forteresse-31-08-2025-C5LJPIQOXRBSJL7DEYDRXPEADA.php\" target=\"_blank\" rel=\"nofollow noopener\">va d\u00e9couvrir Jean-Bouin<\/a>. Apr\u00e8s des d\u00e9faites inaugurales \u00e0 <a href=\"https:\/\/www.leparisien.fr\/sports\/direct-angers-paris-fc-suivez-le-grand-retour-du-paris-fc-en-ligue-1-17-08-2025-H7YORBKN4VFPHBASV7GKCN2GJU.php\" target=\"_blank\" rel=\"nofollow noopener\">Angers (1-0)<\/a> et <a href=\"https:\/\/www.leparisien.fr\/sports\/football\/ligue-1\/il-mangeait-dormait-et-vivait-foot-avant-om-pfc-sur-les-traces-du-minot-maxime-lopez-a-marseille-23-08-2025-YXXEQPG5FBHNPARTXUSVYFWEE4.php\" target=\"_blank\" rel=\"nofollow noopener\">Marseille (5-2)<\/a>, les Parisiens veulent obtenir leurs premiers points.<\/li>\n<li>Pour \u00e7a, ils pourront compter sur plusieurs recrues : Pierre Lees-Melou est dans le groupe et <a href=\"https:\/\/www.leparisien.fr\/sports\/football\/ligue-1\/paris-fc-metz-la-composition-probable-des-parisiens-avec-les-grands-debuts-de-kevin-trapp-dans-les-buts-30-08-2025-YGZ33U4CHJDODGIJS5I5IMIYDU.php\" target=\"_blank\" rel=\"nofollow noopener\">Kevin Trapp<\/a> va faire sa premi\u00e8re sous ses nouvelles couleurs, apr\u00e8s la blessure d&rsquo;Obed Nkambadio.<\/li>\n<li>Face \u00e0 eux, le FC Metz est aussi muet pour l&rsquo;instant. Les Grenats, encore en qu\u00eate de renforts dans cette fin de mercato, ont \u00e9t\u00e9 battus par Strasbourg (0-1) et Lyon (3-0) dans leur entame de saison.<\/li>\n<\/ul>\n","protected":false},"excerpt":{"rendered":"18:44 Simon remet Paris devant Alors que Mbowe venait de r\u00e9aliser un sauvetage sur sa ligne, Simons redonne&hellip;\n","protected":false},"author":2,"featured_media":356732,"comment_status":"","ping_status":"","sticky":false,"template":"","format":"standard","meta":{"footnotes":""},"categories":[1888],"tags":[11,20095,42263,1777,674,1011,27,19484,12,626,46275,25,517],"class_list":{"0":"post-356731","1":"post","2":"type-post","3":"status-publish","4":"format-standard","5":"has-post-thumbnail","7":"category-paris","8":"tag-actualites","9":"tag-attitude","10":"tag-but","11":"tag-eu","12":"tag-europe","13":"tag-fr","14":"tag-france","15":"tag-joie","16":"tag-news","17":"tag-paris","18":"tag-parisfc","19":"tag-republique-francaise","20":"tag-sport"},"share_on_mastodon":{"url":"https:\/\/pubeurope.com\/@fr\/115124408715233316","error":""},"_links":{"self":[{"href":"https:\/\/www.europesays.com\/fr\/wp-json\/wp\/v2\/posts\/356731","targetHints":{"allow":["GET"]}}],"collection":[{"href":"https:\/\/www.europesays.com\/fr\/wp-json\/wp\/v2\/posts"}],"about":[{"href":"https:\/\/www.europesays.com\/fr\/wp-json\/wp\/v2\/types\/post"}],"author":[{"embeddable":true,"href":"https:\/\/www.europesays.com\/fr\/wp-json\/wp\/v2\/users\/2"}],"replies":[{"embeddable":true,"href":"https:\/\/www.europesays.com\/fr\/wp-json\/wp\/v2\/comments?post=356731"}],"version-history":[{"count":0,"href":"https:\/\/www.europesays.com\/fr\/wp-json\/wp\/v2\/posts\/356731\/revisions"}],"wp:featuredmedia":[{"embeddable":true,"href":"https:\/\/www.europesays.com\/fr\/wp-json\/wp\/v2\/media\/356732"}],"wp:attachment":[{"href":"https:\/\/www.europesays.com\/fr\/wp-json\/wp\/v2\/media?parent=356731"}],"wp:term":[{"taxonomy":"category","embeddable":true,"href":"https:\/\/www.europesays.com\/fr\/wp-json\/wp\/v2\/categories?post=356731"},{"taxonomy":"post_tag","embeddable":true,"href":"https:\/\/www.europesays.com\/fr\/wp-json\/wp\/v2\/tags?post=356731"}],"curies":[{"name":"wp","href":"https:\/\/api.w.org\/{rel}","templated":true}]}}