{"id":356737,"date":"2025-08-31T17:03:45","date_gmt":"2025-08-31T17:03:45","guid":{"rendered":"https:\/\/www.europesays.com\/fr\/356737\/"},"modified":"2025-08-31T17:03:45","modified_gmt":"2025-08-31T17:03:45","slug":"paris-et-londres-veulent-accelerer-la-constitution-de-la-force-de-reassurance-europeenne-en-ukraine-2","status":"publish","type":"post","link":"https:\/\/www.europesays.com\/fr\/356737\/","title":{"rendered":"Paris et Londres veulent acc\u00e9l\u00e9rer la constitution de la \u00ab force de r\u00e9assurance \u00bb europ\u00e9enne en Ukraine"},"content":{"rendered":"<p class=\"p1\"><b>BRUXELLES \u2013 Le Royaume-Uni et la France entendent acc\u00e9l\u00e9rer la planification op\u00e9rationnelle de la \u00ab force de r\u00e9assurance \u00bb europ\u00e9enne qui pourrait \u00eatre d\u00e9ploy\u00e9e en Ukraine apr\u00e8s un \u00e9ventuel cessez-le-feu, mais l\u2019absence de soutien des \u00c9tats-Unis ne plaide pas pour la viabilit\u00e9 du projet.\u00a0\u00a0<\/b><\/p>\n<p class=\"p1\">Les chefs d\u2019\u00e9tat-major fran\u00e7ais et britannique ont accueilli jeudi leurs homologues de 30 pays europ\u00e9ens, mais aussi du Japon, d\u2019Australie ou de Nouvelle Z\u00e9lande, au si\u00e8ge de l\u2019Otan \u00e0 Bruxelles. L\u2019objectif \u00e9tait de discuter des prochaines \u00e9tapes de la formation de la \u00ab coalition de volontaires \u00bb, qui vise \u00e0 fournir des garanties de s\u00e9curit\u00e9 \u00e0 l\u2019Ukraine, dans le cadre d\u2019un \u00e9ventuel accord de paix.<\/p>\n<p class=\"p1\">Une \u00e9quipe technique mixte franco-britannique <a href=\"https:\/\/www.euractiv.com\/section\/politics\/news\/france-and-uk-to-send-joint-team-to-ukraine\/\" rel=\"nofollow noopener\" target=\"_blank\">avait rencontr\u00e9<\/a> ses homologues ukrainiens la semaine derni\u00e8re, afin de d\u00e9terminer ce qui serait n\u00e9cessaire pour la future structure et la zone de d\u00e9ploiement de cette force.<\/p>\n<p class=\"p1\">Le ministre britannique de la d\u00e9fense, John Healey, a d\u00e9clar\u00e9 aux journalistes, \u00e0 l\u2019issue de ces entretiens, que les participants avaient convenu d\u2019\u00ab acc\u00e9l\u00e9rer la planification militaire \u00bb au cours des deux prochaines semaines.<\/p>\n<p class=\"p1\">Cette planification portera notamment sur les capacit\u00e9s a\u00e9riennes, maritimes et terrestres, ainsi que sur la r\u00e9g\u00e9n\u00e9ration des forces ukrainiennes, a pr\u00e9cis\u00e9 John Healey.<\/p>\n<p class=\"p1\">Le ministre fran\u00e7ais de la d\u00e9fense, S\u00e9bastien Lecornu, a indiqu\u00e9 que les participants aux discussions de jeudi devaient r\u00e9pondre \u00e0 un questionnaire d\u00e9taill\u00e9 d\u2019ici la fin de la semaine prochaine.<\/p>\n<p class=\"p1\">Les chefs d\u2019\u00e9tat-major de la d\u00e9fense europ\u00e9ens et les ministres de la d\u00e9fense fran\u00e7ais et britannique les \u00e9valueront ensuite conjointement et verront quels moyens les pays volontaires pourraient apporter dans la pratique.<\/p>\n<p>N\u00e9anmoins, les responsables europ\u00e9ens de la d\u00e9fense affirment qu\u2019il est peu probable qu\u2019un calendrier de d\u00e9ploiement militaire puisse \u00eatre \u00e9tabli avant la conclusion d\u2019un cessez-le-feu.<\/p>\n<p>John Healey s\u2019est \u00e9galement insurg\u00e9 contre le fait que certains continuent \u00e0 qualifier l\u2019initiative de \u00ab force de maintien de la paix \u00bb.<\/p>\n<p>\u00ab Il ne s\u2019agit pas d\u2019une force de maintien de la paix qui s\u00e9parera les parties actuellement en guerre le long de la ligne de contact \u00bb, a-t-il d\u00e9clar\u00e9.<\/p>\n<p>\u00ab Il appartient aux \u00c9tats membres de fournir un nombre concret de soldats (\u2026), mais nous en discuterons si la paix s\u2019installe \u00bb, a d\u00e9clar\u00e9 Kaja Kallas, la plus haute diplomate de l\u2019UE, \u00e0 la presse.<\/p>\n<p class=\"p1\">Avant de consulter leurs parlements, de nombreux ministres ont indiqu\u00e9 qu\u2019ils avaient besoin de clarifier la mission et les r\u00e8gles d\u2019engagement de la future force.<\/p>\n<p class=\"p1\">Le ministre n\u00e9erlandais de la d\u00e9fense, Ruben Brekelmans, a d\u00e9clar\u00e9 qu\u2019il fallait \u00ab une image claire de ce qu\u2019une telle mission impliquerait \u00bb, y compris des plans pour diff\u00e9rents sc\u00e9narios, comme la rupture par la Russie du cessez-le-feu.<\/p>\n<p class=\"p1\">Une majorit\u00e9 de diplomates et de responsables militaires europ\u00e9ens affirment ouvertement qu\u2019ils pensent que le pr\u00e9sident russe Vladimir Poutine n\u2019est pas int\u00e9ress\u00e9 par la fin de la guerre.<\/p>\n<p class=\"p1\">Toutefois, en partie pour apaiser le pr\u00e9sident am\u00e9ricain Donald Trump \u2013 qui a d\u00e9clar\u00e9 vouloir mettre fin \u00e0 la guerre d\u00e8s que possible \u2013 et en partie pour se pr\u00e9parer \u00e0 remplacer l\u2019engagement am\u00e9ricain d\u00e9croissant, ils signalent que l\u2019Europe est pr\u00eate \u00e0 jouer son r\u00f4le pour garantir toute paix qui pourrait r\u00e9sulter des pourparlers entre les \u00c9tats-Unis et la Russie.<\/p>\n<p class=\"p1\">Jusqu\u2019\u00e0 pr\u00e9sent, Donald Trump a refus\u00e9 de donner l\u2019assurance que les efforts europ\u00e9ens seraient soutenus par des garanties de s\u00e9curit\u00e9 am\u00e9ricaines.<\/p>\n<p>Les discussions de jeudi ont pr\u00e9c\u00e9d\u00e9 une r\u00e9union du groupe de contact pour la d\u00e9fense de l\u2019Ukraine (UDCG), initialement dirig\u00e9 par les \u00c9tats-Unis, mais qui depuis f\u00e9vrier est copr\u00e9sid\u00e9 par le Royaume-Uni et l\u2019Allemagne.<\/p>\n<p>Le secr\u00e9taire am\u00e9ricain \u00e0 la d\u00e9fense, Pete Hegseth, ne participera pas \u00e0 la r\u00e9union de vendredi et enverra \u00e0 la place un repr\u00e9sentant de niveau inf\u00e9rieur.<\/p>\n","protected":false},"excerpt":{"rendered":"BRUXELLES \u2013 Le Royaume-Uni et la France entendent acc\u00e9l\u00e9rer la planification op\u00e9rationnelle de la \u00ab force de r\u00e9assurance&hellip;\n","protected":false},"author":2,"featured_media":229976,"comment_status":"","ping_status":"","sticky":false,"template":"","format":"standard","meta":{"footnotes":""},"categories":[1588],"tags":[11,1777,674,12,473,1853,1851,1850,1852],"class_list":{"0":"post-356737","1":"post","2":"type-post","3":"status-publish","4":"format-standard","5":"has-post-thumbnail","7":"category-royaume-uni","8":"tag-actualites","9":"tag-eu","10":"tag-europe","11":"tag-news","12":"tag-royaume-uni","13":"tag-royaume-uni-de-grande-bretagne-et-dirlande-du-nord","14":"tag-uk","15":"tag-united-kingdom","16":"tag-united-kingdom-of-great-britain-and-northern-ireland"},"share_on_mastodon":{"url":"https:\/\/pubeurope.com\/@fr\/115124463442806388","error":""},"_links":{"self":[{"href":"https:\/\/www.europesays.com\/fr\/wp-json\/wp\/v2\/posts\/356737","targetHints":{"allow":["GET"]}}],"collection":[{"href":"https:\/\/www.europesays.com\/fr\/wp-json\/wp\/v2\/posts"}],"about":[{"href":"https:\/\/www.europesays.com\/fr\/wp-json\/wp\/v2\/types\/post"}],"author":[{"embeddable":true,"href":"https:\/\/www.europesays.com\/fr\/wp-json\/wp\/v2\/users\/2"}],"replies":[{"embeddable":true,"href":"https:\/\/www.europesays.com\/fr\/wp-json\/wp\/v2\/comments?post=356737"}],"version-history":[{"count":0,"href":"https:\/\/www.europesays.com\/fr\/wp-json\/wp\/v2\/posts\/356737\/revisions"}],"wp:featuredmedia":[{"embeddable":true,"href":"https:\/\/www.europesays.com\/fr\/wp-json\/wp\/v2\/media\/229976"}],"wp:attachment":[{"href":"https:\/\/www.europesays.com\/fr\/wp-json\/wp\/v2\/media?parent=356737"}],"wp:term":[{"taxonomy":"category","embeddable":true,"href":"https:\/\/www.europesays.com\/fr\/wp-json\/wp\/v2\/categories?post=356737"},{"taxonomy":"post_tag","embeddable":true,"href":"https:\/\/www.europesays.com\/fr\/wp-json\/wp\/v2\/tags?post=356737"}],"curies":[{"name":"wp","href":"https:\/\/api.w.org\/{rel}","templated":true}]}}