{"id":356738,"date":"2025-08-31T17:04:10","date_gmt":"2025-08-31T17:04:10","guid":{"rendered":"https:\/\/www.europesays.com\/fr\/356738\/"},"modified":"2025-08-31T17:04:10","modified_gmt":"2025-08-31T17:04:10","slug":"merz-soppose-a-toute-hausse-dimpots","status":"publish","type":"post","link":"https:\/\/www.europesays.com\/fr\/356738\/","title":{"rendered":"Merz s&rsquo;oppose \u00e0 toute hausse d&rsquo;imp\u00f4ts"},"content":{"rendered":"<p>Friedrich Merz campe sur sa ligne. \u00ab Nous avons un contrat de coalition et nous y avons convenu que les imp\u00f4ts ne seraient pas augment\u00e9s. Et ce contrat s&rsquo;applique \u00bb, a martel\u00e9 dimanche le chancelier allemand dans une interview \u00e0 la cha\u00eene publique ZDF. Ni lui, ni Markus S\u00f6der, le chef de la CSU bavaroise, n&rsquo;auraient accept\u00e9 un accord de gouvernement incluant de nouvelles charges fiscales, a-t-il insist\u00e9.<\/p>\n<p>Cette position intervient alors que le ministre des Finances et vice-chancelier Lars Klingbeil (SPD) a r\u00e9cemment estim\u00e9 qu&rsquo;une hausse de la fiscalit\u00e9 des hauts revenus pourrait \u00eatre n\u00e9cessaire pour combler une faille budg\u00e9taire \u00e9valu\u00e9e \u00e0 30 milliards d&rsquo;euros d\u00e8s 2027. \u00ab Que le SPD ait d&rsquo;autres points de vue est tout aussi l\u00e9gitime que le fait que nous ayons nos positions \u00bb, a temp\u00e9r\u00e9 le chef du gouvernement, niant tout \u00ab clash \u00bb au sein de la coalition.<\/p>\n<p>Relancer la comp\u00e9titivit\u00e9<\/p>\n<p>\u00c0 l&rsquo;inverse, Markus S\u00f6der plaide pour des baisses d&rsquo;imp\u00f4ts, affirmant que la comp\u00e9titivit\u00e9 allemande n\u00e9cessite un all\u00e8gement des charges.\u00a0Friedrich Merz partage cette vision et veut s&rsquo;attaquer aux freins \u00e0 la croissance : absent\u00e9isme \u00e9lev\u00e9, productivit\u00e9 stagnante et co\u00fbts du travail parmi les plus \u00e9lev\u00e9s d&rsquo;Europe.<\/p>\n<p>La grande coalition a d\u00e9j\u00e0 valid\u00e9 un programme de r\u00e9ductions fiscales de plus de 45 milliards d&rsquo;euros entre 2025 et 2029, destin\u00e9 \u00e0 soutenir l&rsquo;investissement des entreprises. Pour Merz, l&rsquo;enjeu est clair : l&rsquo;Allemagne doit \u00ab travailler davantage et plus longtemps \u00bb pour retrouver une trajectoire \u00e9conomique solide, sans passer par une hausse d&rsquo;imp\u00f4ts.<\/p>\n","protected":false},"excerpt":{"rendered":"Friedrich Merz campe sur sa ligne. \u00ab Nous avons un contrat de coalition et nous y avons convenu&hellip;\n","protected":false},"author":2,"featured_media":312402,"comment_status":"","ping_status":"","sticky":false,"template":"","format":"standard","meta":{"footnotes":""},"categories":[1587],"tags":[17,11,672,1804,23393,1805,1803,33,1777,674,1801,4508,18613,12,1802,49246,7822],"class_list":{"0":"post-356738","1":"post","2":"type-post","3":"status-publish","4":"format-standard","5":"has-post-thumbnail","7":"category-allemagne","8":"tag-17","9":"tag-actualites","10":"tag-allemagne","11":"tag-bundesrepublik-deutschland","12":"tag-dimpots","13":"tag-de","14":"tag-deutschland","15":"tag-economie","16":"tag-eu","17":"tag-europe","18":"tag-germany","19":"tag-hausse","20":"tag-merz","21":"tag-news","22":"tag-republique-federale-dallemagne","23":"tag-soppose","24":"tag-toute"},"share_on_mastodon":{"url":"https:\/\/pubeurope.com\/@fr\/115124467487552226","error":""},"_links":{"self":[{"href":"https:\/\/www.europesays.com\/fr\/wp-json\/wp\/v2\/posts\/356738","targetHints":{"allow":["GET"]}}],"collection":[{"href":"https:\/\/www.europesays.com\/fr\/wp-json\/wp\/v2\/posts"}],"about":[{"href":"https:\/\/www.europesays.com\/fr\/wp-json\/wp\/v2\/types\/post"}],"author":[{"embeddable":true,"href":"https:\/\/www.europesays.com\/fr\/wp-json\/wp\/v2\/users\/2"}],"replies":[{"embeddable":true,"href":"https:\/\/www.europesays.com\/fr\/wp-json\/wp\/v2\/comments?post=356738"}],"version-history":[{"count":0,"href":"https:\/\/www.europesays.com\/fr\/wp-json\/wp\/v2\/posts\/356738\/revisions"}],"wp:featuredmedia":[{"embeddable":true,"href":"https:\/\/www.europesays.com\/fr\/wp-json\/wp\/v2\/media\/312402"}],"wp:attachment":[{"href":"https:\/\/www.europesays.com\/fr\/wp-json\/wp\/v2\/media?parent=356738"}],"wp:term":[{"taxonomy":"category","embeddable":true,"href":"https:\/\/www.europesays.com\/fr\/wp-json\/wp\/v2\/categories?post=356738"},{"taxonomy":"post_tag","embeddable":true,"href":"https:\/\/www.europesays.com\/fr\/wp-json\/wp\/v2\/tags?post=356738"}],"curies":[{"name":"wp","href":"https:\/\/api.w.org\/{rel}","templated":true}]}}