{"id":35674,"date":"2025-04-19T05:04:09","date_gmt":"2025-04-19T05:04:09","guid":{"rendered":"https:\/\/www.europesays.com\/fr\/35674\/"},"modified":"2025-04-19T05:04:09","modified_gmt":"2025-04-19T05:04:09","slug":"saint-etienne-fin-de-la-greve-des-eboueurs","status":"publish","type":"post","link":"https:\/\/www.europesays.com\/fr\/35674\/","title":{"rendered":"Saint-\u00c9tienne : fin de la gr\u00e8ve des \u00e9boueurs !"},"content":{"rendered":"<p>\u00c0 la suite d&rsquo;une r\u00e9union entre la CGT et Saint-\u00c9tienne M\u00e9tropole, la gr\u00e8ve des \u00e9boueurs pourrait prendre fin dans les prochains jours.<\/p>\n<p>Mise \u00e0 jour \u00e0 15h50<\/p>\n<p>Fin de la gr\u00e8ve \u00e0 Saint-\u00c9tienne ! Les syndicats viennent d&rsquo;annoncer qu&rsquo;ils levaient le pr\u00e9avis de gr\u00e8ve.<\/p>\n<p>Les partenaires sociaux devraient donner plus de pr\u00e9cisions sur les n\u00e9gociations dans les heures qui viennent.<\/p>\n<p>Article initial<\/p>\n<p>Vers une sortie de crise dans l&rsquo;agglom\u00e9ration de Saint-\u00c9tienne ? Ce vendredi 18 avril, la CGT et Saint-\u00c9tienne M\u00e9tropole se sont rencontr\u00e9s, <a class=\"url\" href=\"https:\/\/radioscoop.com\/infos\/saint-etienne-les-eboueurs-prolongent-la-greve-nouvelle-reunion-prevue-ce-vendredi_326706\" target=\"_blank\" rel=\"noopener\">lors d&rsquo;une r\u00e9union<\/a>, pour poursuivre les discussions.<\/p>\n<p>Apr\u00e8s deux heures de n\u00e9gociations, la M\u00e9tropole affirme que <a class=\"url\" href=\"https:\/\/radioscoop.com\/infos\/des-poubelles-ramassees-pendant-la-greve-la-ville-de-saint-etienne-s-explique_326691\" target=\"_blank\" rel=\"noopener\">la gr\u00e8ve des \u00e9boueurs<\/a> pourrait prendre fin <b>d\u00e8s le lundi 21 avril<\/b>.<\/p>\n<p>On le rappelle, les syndicats ont prolong\u00e9 la gr\u00e8ve jeudi apr\u00e8s-midi, avec un pr\u00e9avis s&rsquo;\u00e9talant jusqu&rsquo;au 4 mai.<\/p>\n<p>\u00ab\u00a0Tr\u00e8s bon espoir\u00a0\u00bb que la gr\u00e8ve se termine<\/p>\n<p><b>Sylvie Fayolle<\/b>, la pr\u00e9sidente par int\u00e9rim de la M\u00e9tropole, s&rsquo;est voulue positive \u00e0 la sortie de la r\u00e9union. L&rsquo;\u00e9lue annonce avoir \u00ab\u00a0tr\u00e8s bon espoir\u00a0\u00bb en raison du bon avancement des n\u00e9gociations.<\/p>\n<p>De leur c\u00f4t\u00e9, les syndicats ne se sont pas encore exprim\u00e9s sur la r\u00e9union ou sur les propositions faites. Affaire \u00e0 suivre\u2026<\/p>\n<p><img loading=\"lazy\" decoding=\"async\" src=\"https:\/\/www.europesays.com\/fr\/wp-content\/uploads\/2025\/04\/1745039049_691_img\" width=\"350\" height=\"200\" border=\"0\" title=\"Un TER sur la ligne Saint-\u00c3\u0089tienne - Lyon\"\/><\/p>\n<p>\u25baTransport<\/p>\n<p style=\"font-size: 22px;\"><b>Week-end de P\u00e2ques : pas de train entre Lyon Part-Dieu et Saint-Etienne\u00a0<\/b><\/p>\n<p>Aucun train ne circulera entre Lyon Part-Dieu et&#8230;<\/p>\n<p><\/p>\n","protected":false},"excerpt":{"rendered":"\u00c0 la suite d&rsquo;une r\u00e9union entre la CGT et Saint-\u00c9tienne M\u00e9tropole, la gr\u00e8ve des \u00e9boueurs pourrait prendre fin&hellip;\n","protected":false},"author":2,"featured_media":35675,"comment_status":"","ping_status":"","sticky":false,"template":"","format":"standard","meta":{"footnotes":""},"categories":[9653],"tags":[11101,1111,11,2430,1271,1777,674,1011,27,10956,10958,12,10959,25,9920,4001,11564],"class_list":{"0":"post-35674","1":"post","2":"type-post","3":"status-publish","4":"format-standard","5":"has-post-thumbnail","7":"category-saint-etienne","8":"tag-boueurs","9":"tag-actu","10":"tag-actualites","11":"tag-auvergne-rhone-alpes","12":"tag-cgt","13":"tag-eu","14":"tag-europe","15":"tag-fr","16":"tag-france","17":"tag-grve","18":"tag-mtropole","19":"tag-news","20":"tag-poubelles","21":"tag-republique-francaise","22":"tag-saint-tienne","23":"tag-saint-etienne","24":"tag-syndicat"},"share_on_mastodon":{"url":"https:\/\/pubeurope.com\/@fr\/114362886718414622","error":""},"_links":{"self":[{"href":"https:\/\/www.europesays.com\/fr\/wp-json\/wp\/v2\/posts\/35674","targetHints":{"allow":["GET"]}}],"collection":[{"href":"https:\/\/www.europesays.com\/fr\/wp-json\/wp\/v2\/posts"}],"about":[{"href":"https:\/\/www.europesays.com\/fr\/wp-json\/wp\/v2\/types\/post"}],"author":[{"embeddable":true,"href":"https:\/\/www.europesays.com\/fr\/wp-json\/wp\/v2\/users\/2"}],"replies":[{"embeddable":true,"href":"https:\/\/www.europesays.com\/fr\/wp-json\/wp\/v2\/comments?post=35674"}],"version-history":[{"count":0,"href":"https:\/\/www.europesays.com\/fr\/wp-json\/wp\/v2\/posts\/35674\/revisions"}],"wp:featuredmedia":[{"embeddable":true,"href":"https:\/\/www.europesays.com\/fr\/wp-json\/wp\/v2\/media\/35675"}],"wp:attachment":[{"href":"https:\/\/www.europesays.com\/fr\/wp-json\/wp\/v2\/media?parent=35674"}],"wp:term":[{"taxonomy":"category","embeddable":true,"href":"https:\/\/www.europesays.com\/fr\/wp-json\/wp\/v2\/categories?post=35674"},{"taxonomy":"post_tag","embeddable":true,"href":"https:\/\/www.europesays.com\/fr\/wp-json\/wp\/v2\/tags?post=35674"}],"curies":[{"name":"wp","href":"https:\/\/api.w.org\/{rel}","templated":true}]}}