{"id":356749,"date":"2025-08-31T17:10:18","date_gmt":"2025-08-31T17:10:18","guid":{"rendered":"https:\/\/www.europesays.com\/fr\/356749\/"},"modified":"2025-08-31T17:10:18","modified_gmt":"2025-08-31T17:10:18","slug":"anders-emil-ejlersen-simpose-en-suede-felix-mory-manque-le-coche","status":"publish","type":"post","link":"https:\/\/www.europesays.com\/fr\/356749\/","title":{"rendered":"Anders Emil Ejlersen s&rsquo;impose en Su\u00e8de, F\u00e9lix Mory manque le coche"},"content":{"rendered":"<p>\t\t\t\t\t\t<img width=\"770\" height=\"564\" src=\"https:\/\/www.europesays.com\/fr\/wp-content\/uploads\/2025\/08\/ejlersendormycup-770x564.jpg\" class=\"img-responsive wp-post-image\" alt=\"EjlersenDormyCUP Luke Walker \/ Getty \/ AFP\" decoding=\"async\" fetchpriority=\"high\"  \/>\t\t\t\t\t<\/p>\n<p>\t\t\t\t\t\t Partager cet article <\/p>\n<p class=\"screen-reader-text juiz_sps_maybe_hidden_text\">Partager la publication \u00ab\u00a0Anders Emil Ejlersen s\u2019impose en Su\u00e8de, F\u00e9lix Mory manque le coche\u00a0\u00bb<\/p>\n<p><strong>Le Danois Anders Emil Ejlersen (-24) remporte son premier tournoi de l\u2019HotelPlanner Tour (ex-Challenge Tour) en gagnant le Dormy Open chez le voisin su\u00e9dois, avec un coup d\u2019avance sur l\u2019Islandais Haraldur Magnus, auteur d\u2019un exceptionnel 60 final. F\u00e9lix Mory laisse filer une belle occasion de marquer de gros points en terminant vingti\u00e8me, alors qu\u2019il \u00e9tait encore dans le top 5 dimanche matin.<\/strong><\/p>\n<p>\t\t\t\t\t<a id=\"182585\" href=\"https:\/\/www.golfcapdagde.com\/\" target=\"_blank\" rel=\"sponsorised nofollow noopener\"><img decoding=\"async\" src=\"data:image\/svg+xml,%3Csvg%20xmlns=\" http:=\"\" class=\"img-responsive\" alt=\"\" data-lazy-src=\"https:\/\/www.europesays.com\/fr\/wp-content\/uploads\/2025\/06\/capdagdegolf-e01-experience-golf-1170x275-1.gif\"\/><\/a><\/p>\n<p>Une immense surprise ! Le Danois <strong>Anders Emil Ejlersen<\/strong> remporte son premier titre en triomphant au Dormy Open (-24). Chez le voisin su\u00e9dois, le Scandinave de 26 ans gagne son premier tournoi en carri\u00e8re, pour son sixi\u00e8me d\u00e9part seulement sur l\u2019HotelPlanner Tour (ex-Challenge Tour).<\/p>\n<p>\t\t\t\t\t<a id=\"181972\" href=\"https:\/\/www.azurgolftravel.com\/proamdepalsoct25\" target=\"_blank\" rel=\"sponsorised nofollow noopener\"><img decoding=\"async\" src=\"data:image\/svg+xml,%3Csvg%20xmlns=\" http:=\"\" class=\"img-responsive\" alt=\"\" data-lazy-src=\"https:\/\/www.europesays.com\/fr\/wp-content\/uploads\/2025\/08\/azurgolftravel-e01-proam-catalogne-1170x275-1.jpeg\"\/><\/a><\/p>\n<p><a href=\"https:\/\/www.europeantour.com\/hotelplanner-tour\/indoor-golf-group-challenge-2025\/leaderboard\" target=\"_blank\" rel=\"noopener nofollow\">Le classement complet<\/a><\/p>\n<p>\u00a0<\/p>\n<p>\u00a0<\/p>\n<p>Habitu\u00e9 \u00e0 la Nordic Golf League (peut-\u00eatre la plus m\u00e9connue et la plus relev\u00e9e des troisi\u00e8mes divisions europ\u00e9ennes comme le Pro Golf Tour ou l\u2019Alps Tour notamment), Ejlersen s\u2019\u00e9tait rassur\u00e9 ces derni\u00e8res semaines avec cinq top cinq sur son circuit local. Mais il n\u2019avait pas pass\u00e9 le cut lors de ses trois apparitions sur la deuxi\u00e8me division europ\u00e9enne en 2025. C\u2019est donc une victoire pour son deuxi\u00e8me cut en carri\u00e8re sur la deuxi\u00e8me division europ\u00e9enne apr\u00e8s sa 33e place au Made in Denmark Challenge\u2026 en 2019 ! \u00ab\u00c7a semble irr\u00e9el, s\u2019\u00e9tonnait Ejlersen. Je crois que je ne comprends pas vraiment ce qu\u2019il se passe.\u00bb<\/p>\n<p>\u00a0<\/p>\n<p>\u00a0<\/p>\n<blockquote class=\"twitter-tweet\">\n<p dir=\"ltr\" lang=\"en\">\u201cIt feels surreal, I don\u2019t think I know what\u2019s just happened.\u201d <\/p>\n<p>The moments that followed Anders Emil Ejlersen\u2019s maiden win \ud83e\udd47 <a href=\"https:\/\/twitter.com\/hashtag\/DormyOpen?src=hash&amp;ref_src=twsrc%5Etfw\" rel=\"nofollow noopener\" target=\"_blank\">#DormyOpen<\/a> <a href=\"https:\/\/t.co\/FH2TA8u3vG\" rel=\"nofollow\">pic.twitter.com\/FH2TA8u3vG<\/a><\/p>\n<p>\u2014 HotelPlanner Tour (@HPlanner_Tour) <a href=\"https:\/\/twitter.com\/HPlanner_Tour\/status\/1962168361841791382?ref_src=twsrc%5Etfw\" rel=\"nofollow noopener\" target=\"_blank\">August 31, 2025<\/a><\/p>\n<\/blockquote>\n<p>\u00a0<\/p>\n<p>\u00a0<\/p>\n<p>Un Islandais fr\u00f4le le 59<\/p>\n<p>\nUn autre golfeur nordique a bien failli pousser Ejlersen en playoff apr\u00e8s un \u00e9norme exploit. L\u2019Islandais <strong>Haraldur Magnus<\/strong> a termin\u00e9 sa semaine avec quinze birdies sur ses trente derniers trous, dont une carte de 60 dimanche avec un -11 ! Le chiffre magique de 59 s\u2019est d\u00e9rob\u00e9 au dernier moment au 18 avec un birdie manqu\u00e9 de quelques millim\u00e8tres (vid\u00e9o).<\/p>\n<p>\t\t\t\t<img loading=\"lazy\" decoding=\"async\" src=\"data:image\/svg+xml,%3Csvg%20xmlns=\" http:=\"\" attributionsrc=\"\" border=\"0\" height=\"1\" width=\"1\" alt=\"Advertisement\" data-lazy-src=\"https:\/\/www.europesays.com\/fr\/wp-content\/uploads\/2025\/07\/B33047934.424844132;dc_trk_aid=615928068;dc_trk_cid=236605808;ord=[timestamp];dc_lat=;dc_rdid=;tag_f.gif\"\/><\/p>\n<p>\t\t\t\t\t<a id=\"179415\" href=\"https:\/\/ad.doubleclick.net\/ddm\/trackclk\/N1153799.3770024GOLFPLANATE\/B33047934.424844132;dc_trk_aid=615928068;dc_trk_cid=236605808;dc_lat=;dc_rdid=;tag_for_child_directed_treatment=;tfua=;gdpr=${GDPR};gdpr_consent=${GDPR_CONSENT_755};ltd=;dc_tdv=1\" target=\"_blank\" rel=\"sponsorised nofollow noopener\"><img decoding=\"async\" src=\"data:image\/svg+xml,%3Csvg%20xmlns=\" http:=\"\" class=\"img-responsive\" alt=\"\" data-lazy-src=\"https:\/\/www.europesays.com\/fr\/wp-content\/uploads\/2025\/07\/callaway-e01-apex-v1-770x385-1.jpg\"\/><\/a><\/p>\n<blockquote class=\"twitter-tweet\">\n<p dir=\"ltr\" lang=\"en\">Inches from the magic number \ud83e\udd0f\ud83c\udffb<\/p>\n<p>Great effort, Magnus \ud83c\uddee\ud83c\uddf8<a href=\"https:\/\/twitter.com\/hashtag\/DormyOpen?src=hash&amp;ref_src=twsrc%5Etfw\" rel=\"nofollow noopener\" target=\"_blank\">#DormyOpen<\/a> <a href=\"https:\/\/t.co\/D7XNae8zAn\" rel=\"nofollow\">pic.twitter.com\/D7XNae8zAn<\/a><\/p>\n<p>\u2014 HotelPlanner Tour (@HPlanner_Tour) <a href=\"https:\/\/twitter.com\/HPlanner_Tour\/status\/1962140631733612810?ref_src=twsrc%5Etfw\" rel=\"nofollow noopener\" target=\"_blank\">August 31, 2025<\/a><\/p>\n<\/blockquote>\n<p>\u00a0<\/p>\n<p>\u00a0<\/p>\n<p>F\u00e9lix Mory laisse filer l\u2019occasion<\/p>\n<p>\t\t\t\t\t<a id=\"172238\" href=\"https:\/\/www.proambiarritz.com\/\" target=\"_blank\" rel=\"sponsorised nofollow noopener\"><img decoding=\"async\" src=\"data:image\/svg+xml,%3Csvg%20xmlns=\" http:=\"\" class=\"img-responsive\" alt=\"\" data-lazy-src=\"https:\/\/www.europesays.com\/fr\/wp-content\/uploads\/2025\/05\/golffirst_e03-proam-biarritz-1170x275-1.gif\"\/><\/a><\/p>\n<p>Douzi\u00e8me de la Road to Mallorca avant ce tournoi su\u00e9dois, <strong>F\u00e9lix Mory<\/strong> avait une belle occasion de marquer des points d\u00e9cisifs dans la course au top 20 puisqu\u2019il \u00e9tait en t\u00eate \u00e0 mi-\u00e9preuve, et encore dans le top 10 dimanche matin. Malheureusement, son 72 dimanche sans aucun birdie sur son parcours retour repousse le Nordiste \u00e0 la 20e place \u00e0 -14. De quoi se rassurer n\u00e9anmoins sur sa forme du moment alors que la fin de saison approche. <strong>Cl\u00e9ment Charmasson<\/strong> (15e de la Road) signe un top 30 solide avec quatre journ\u00e9es sous le par. <strong>Julien Sale, <\/strong>qui a pr\u00e9f\u00e9r\u00e9 rester en Europe, lui le golfeur de l\u2019Asian Tour, a \u00e9t\u00e9 \u00e9galement tr\u00e8s r\u00e9gulier toute la semaine (42e), tout comme le Belge <strong>Matthis Besard<\/strong> (50e).<\/p>\n<p>\t\t\t\t\t<a id=\"180462\" href=\"https:\/\/www.makilas-golftour.com\/sejour\/makilas-agadir-2023-2-2\/\" target=\"_blank\" rel=\"sponsorised nofollow noopener\"><img decoding=\"async\" src=\"data:image\/svg+xml,%3Csvg%20xmlns=\" http:=\"\" class=\"img-responsive\" alt=\"\" data-lazy-src=\"https:\/\/www.europesays.com\/fr\/wp-content\/uploads\/2025\/07\/challengeorganisation-e01-rencontres-agadir-1170x275-1.jpeg\"\/><\/a><br \/>\nLe classement<\/p>\n<p><img loading=\"lazy\" decoding=\"async\" class=\"alignnone wp-image-184090 size-full\" src=\"data:image\/svg+xml,%3Csvg%20xmlns=\" http:=\"\" alt=\"\" width=\"770\" height=\"598\" data-lazy- data-lazy- data-lazy-src=\"https:\/\/www.europesays.com\/fr\/wp-content\/uploads\/2025\/08\/cldot4.jpg\"\/><\/p>\n<p>\t\t\t\t\t<a id=\"181426\" href=\"https:\/\/leclub-golf.com\/fr\/green-fees?online=1&amp;utm_source=golf+planete&amp;utm_medium=referral&amp;utm_campaign=green+fee+en+ligne&amp;utm_id=green+fee+en+ligne_golf+planete_referral_banner\" target=\"_blank\" rel=\"sponsorised nofollow noopener\"><img decoding=\"async\" src=\"data:image\/svg+xml,%3Csvg%20xmlns=\" http:=\"\" class=\"img-responsive\" alt=\"\" data-lazy-src=\"https:\/\/www.europesays.com\/fr\/wp-content\/uploads\/2025\/08\/leclubgolf-e09-effet-classique-1170x275png.png\"\/><\/a><br \/>\nIls n\u2019ont pas pass\u00e9 le cut<\/p>\n<p><img loading=\"lazy\" decoding=\"async\" class=\"alignnone wp-image-184092 size-full\" src=\"data:image\/svg+xml,%3Csvg%20xmlns=\" http:=\"\" alt=\"\" width=\"770\" height=\"258\" data-lazy- data-lazy- data-lazy-src=\"https:\/\/www.europesays.com\/fr\/wp-content\/uploads\/2025\/08\/cldot4cut.jpg\"\/><\/p>\n<p>\t\t\t\t\t<a id=\"179385\" href=\"https:\/\/tickets.europeantour.com\/eut\/#\/c6906933-bb43-434b-a22d-0ae172a572d4\/shop\/custom-pack?fac=EUT&amp;locale=fr&amp;skin=pgaetodf&amp;utm_campaign=ODF&amp;utm_content=Ticketing&amp;utm_medium=Web&amp;utm_source=Partner&amp;utm_term=PavonGolfPlanete\" target=\"_blank\" rel=\"sponsorised nofollow noopener\"><img decoding=\"async\" src=\"data:image\/svg+xml,%3Csvg%20xmlns=\" http:=\"\" class=\"img-responsive\" alt=\"\" data-lazy-src=\"https:\/\/www.europesays.com\/fr\/wp-content\/uploads\/2025\/07\/opendefrance-e03-plateau-1407-1170x275-1.jpg\"\/><\/a><\/p>\n<p>Photo : Luke Walker \/ Getty \/ AFP<\/p>\n<p>\t\t\t<script async src=\"https:\/\/platform.twitter.com\/widgets.js\" charset=\"utf-8\"><\/script><\/p>\n","protected":false},"excerpt":{"rendered":"Partager cet article Partager la publication \u00ab\u00a0Anders Emil Ejlersen s\u2019impose en Su\u00e8de, F\u00e9lix Mory manque le coche\u00a0\u00bb Le&hellip;\n","protected":false},"author":2,"featured_media":356750,"comment_status":"","ping_status":"","sticky":false,"template":"","format":"standard","meta":{"footnotes":""},"categories":[1418],"tags":[1011,27,1472,60],"class_list":{"0":"post-356749","1":"post","2":"type-post","3":"status-publish","4":"format-standard","5":"has-post-thumbnail","7":"category-golf","8":"tag-fr","9":"tag-france","10":"tag-golf","11":"tag-sports"},"share_on_mastodon":{"url":"https:\/\/pubeurope.com\/@fr\/115124491216193195","error":""},"_links":{"self":[{"href":"https:\/\/www.europesays.com\/fr\/wp-json\/wp\/v2\/posts\/356749","targetHints":{"allow":["GET"]}}],"collection":[{"href":"https:\/\/www.europesays.com\/fr\/wp-json\/wp\/v2\/posts"}],"about":[{"href":"https:\/\/www.europesays.com\/fr\/wp-json\/wp\/v2\/types\/post"}],"author":[{"embeddable":true,"href":"https:\/\/www.europesays.com\/fr\/wp-json\/wp\/v2\/users\/2"}],"replies":[{"embeddable":true,"href":"https:\/\/www.europesays.com\/fr\/wp-json\/wp\/v2\/comments?post=356749"}],"version-history":[{"count":0,"href":"https:\/\/www.europesays.com\/fr\/wp-json\/wp\/v2\/posts\/356749\/revisions"}],"wp:featuredmedia":[{"embeddable":true,"href":"https:\/\/www.europesays.com\/fr\/wp-json\/wp\/v2\/media\/356750"}],"wp:attachment":[{"href":"https:\/\/www.europesays.com\/fr\/wp-json\/wp\/v2\/media?parent=356749"}],"wp:term":[{"taxonomy":"category","embeddable":true,"href":"https:\/\/www.europesays.com\/fr\/wp-json\/wp\/v2\/categories?post=356749"},{"taxonomy":"post_tag","embeddable":true,"href":"https:\/\/www.europesays.com\/fr\/wp-json\/wp\/v2\/tags?post=356749"}],"curies":[{"name":"wp","href":"https:\/\/api.w.org\/{rel}","templated":true}]}}