{"id":356755,"date":"2025-08-31T17:13:10","date_gmt":"2025-08-31T17:13:10","guid":{"rendered":"https:\/\/www.europesays.com\/fr\/356755\/"},"modified":"2025-08-31T17:13:10","modified_gmt":"2025-08-31T17:13:10","slug":"us-open-naomi-osaka-met-la-pression-sur-coco-gauff-avant-leur-affrontement-en-huitiemes-de-finale-pour-moi-elle-est-la-principale-star-de-lus-open-et-je-nai-pas-encore-joue-sur-le-court-arthur","status":"publish","type":"post","link":"https:\/\/www.europesays.com\/fr\/356755\/","title":{"rendered":"US Open > Naomi Osaka met la pression sur Coco Gauff avant leur affrontement en huiti\u00e8mes de finale : \u00ab\u00a0Pour moi, elle est la principale star de l&rsquo;US Open et je n&rsquo;ai pas encore jou\u00e9 sur le court Arthur Ashe\u00a0\u00bb"},"content":{"rendered":"<p>De retour \u00e0 un niveau digne de son statut depuis quelques semaines, Naomi Osaka va passer un v\u00e9ri\u00adtable test ce lundi face \u00e0 Coco Gauff en huiti\u00e8mes de finale de l\u2019US Open. Un duel qui inter\u00advient six ans apr\u00e8s leur premier ici\u2010m\u00eame alors que l\u2019Am\u00e9ricaine n\u2019avait que 15\u00a0ans.\u00a0<\/p>\n<p><strong>\u00ab\u202fHonn\u00eatement, pour moi, le plus impor\u00adtant est le voyage pour revenir ici. Et puis, \u00e9videm\u00adment, nous avons v\u00e9cu un moment tr\u00e8s sp\u00e9cial ici, dont beau\u00adcoup de gens se souviennent. Pour moi, elle est la prin\u00adci\u00adpale star de l\u2019US Open et je n\u2019ai pas encore jou\u00e9 sur le Ashe. C\u2019est donc une combi\u00adnaison de toutes ces choses. Et puis aussi, apr\u00e8s avoir eu Shai (sa fille), je suis venu ici pour la voir jouer. Je crois que c\u2019\u00e9tait une demi\u2010finale. Alors, je ne sais pas. Je me sens simple\u00adment heureuse parce que j\u2019ai l\u2019im\u00adpres\u00adsion que tout mon travail acharn\u00e9 porte ses fruits.\u202f\u00bb<\/strong><\/p>\n<p class=\"post-published-date\" style=\"color: silver; font-size: 75%; text-align: left;\">Publi\u00e9 le dimanche 31 ao\u00fbt 2025 \u00e0 17:17<\/p>\n","protected":false},"excerpt":{"rendered":"De retour \u00e0 un niveau digne de son statut depuis quelques semaines, Naomi Osaka va passer un v\u00e9ri\u00adtable&hellip;\n","protected":false},"author":2,"featured_media":356756,"comment_status":"","ping_status":"","sticky":false,"template":"","format":"standard","meta":{"footnotes":""},"categories":[1415],"tags":[1011,27,8447,60,1467],"class_list":{"0":"post-356755","1":"post","2":"type-post","3":"status-publish","4":"format-standard","5":"has-post-thumbnail","7":"category-tennis","8":"tag-fr","9":"tag-france","10":"tag-osaka","11":"tag-sports","12":"tag-tennis"},"share_on_mastodon":{"url":"","error":""},"_links":{"self":[{"href":"https:\/\/www.europesays.com\/fr\/wp-json\/wp\/v2\/posts\/356755","targetHints":{"allow":["GET"]}}],"collection":[{"href":"https:\/\/www.europesays.com\/fr\/wp-json\/wp\/v2\/posts"}],"about":[{"href":"https:\/\/www.europesays.com\/fr\/wp-json\/wp\/v2\/types\/post"}],"author":[{"embeddable":true,"href":"https:\/\/www.europesays.com\/fr\/wp-json\/wp\/v2\/users\/2"}],"replies":[{"embeddable":true,"href":"https:\/\/www.europesays.com\/fr\/wp-json\/wp\/v2\/comments?post=356755"}],"version-history":[{"count":0,"href":"https:\/\/www.europesays.com\/fr\/wp-json\/wp\/v2\/posts\/356755\/revisions"}],"wp:featuredmedia":[{"embeddable":true,"href":"https:\/\/www.europesays.com\/fr\/wp-json\/wp\/v2\/media\/356756"}],"wp:attachment":[{"href":"https:\/\/www.europesays.com\/fr\/wp-json\/wp\/v2\/media?parent=356755"}],"wp:term":[{"taxonomy":"category","embeddable":true,"href":"https:\/\/www.europesays.com\/fr\/wp-json\/wp\/v2\/categories?post=356755"},{"taxonomy":"post_tag","embeddable":true,"href":"https:\/\/www.europesays.com\/fr\/wp-json\/wp\/v2\/tags?post=356755"}],"curies":[{"name":"wp","href":"https:\/\/api.w.org\/{rel}","templated":true}]}}