{"id":356769,"date":"2025-08-31T17:26:14","date_gmt":"2025-08-31T17:26:14","guid":{"rendered":"https:\/\/www.europesays.com\/fr\/356769\/"},"modified":"2025-08-31T17:26:14","modified_gmt":"2025-08-31T17:26:14","slug":"seyssins-biblioparc-revient-les-mercredis-3-et-10-septembre","status":"publish","type":"post","link":"https:\/\/www.europesays.com\/fr\/356769\/","title":{"rendered":"Seyssins. Biblio\u2019parc revient les mercredis 3 et 10\u00a0septembre"},"content":{"rendered":"<p>Si les deux premi\u00e8res s\u00e9ances de Biblio\u2019parc avaient d\u00fb \u00eatre annul\u00e9es les 25\u00a0juin et 2\u00a0juillet, en raison de la canicule, celle du 9\u00a0juillet avait r\u00e9uni une trentaine de personnes dans le parc Raymond-Aubrac, venues lire et se d\u00e9tendre en famille, en plein air.<\/p>\n<p>Pour prolonger les vacances, les biblioth\u00e9caires proposent en partenariat avec la ludoth\u00e8que deux s\u00e9ances suppl\u00e9mentaires, les mercredis 3 et 10\u00a0septembre de 15\u00a0heures \u00e0 17\u00a0heures, dans le parc de Pr\u00e9 Nouvel. Inutile de s\u2019inscrire, la s\u00e9ance est gratuite et ouverte \u00e0 tous.<\/p>\n","protected":false},"excerpt":{"rendered":"Si les deux premi\u00e8res s\u00e9ances de Biblio\u2019parc avaient d\u00fb \u00eatre annul\u00e9es les 25\u00a0juin et 2\u00a0juillet, en raison de&hellip;\n","protected":false},"author":2,"featured_media":356770,"comment_status":"","ping_status":"","sticky":false,"template":"","format":"standard","meta":{"footnotes":""},"categories":[1357],"tags":[1379,1687,58,112,59,1011,27,12278,1380,2410,12277],"class_list":{"0":"post-356769","1":"post","2":"type-post","3":"status-publish","4":"format-standard","5":"has-post-thumbnail","7":"category-livres","8":"tag-books","9":"tag-culture-loisirs","10":"tag-divertissement","11":"tag-edition-grenoble-agglomeration","12":"tag-entertainment","13":"tag-fr","14":"tag-france","15":"tag-lagglomeration-et-le-vercors","16":"tag-livres","17":"tag-livres-bd","18":"tag-seyssins"},"share_on_mastodon":{"url":"https:\/\/pubeurope.com\/@fr\/115124553858134531","error":""},"_links":{"self":[{"href":"https:\/\/www.europesays.com\/fr\/wp-json\/wp\/v2\/posts\/356769","targetHints":{"allow":["GET"]}}],"collection":[{"href":"https:\/\/www.europesays.com\/fr\/wp-json\/wp\/v2\/posts"}],"about":[{"href":"https:\/\/www.europesays.com\/fr\/wp-json\/wp\/v2\/types\/post"}],"author":[{"embeddable":true,"href":"https:\/\/www.europesays.com\/fr\/wp-json\/wp\/v2\/users\/2"}],"replies":[{"embeddable":true,"href":"https:\/\/www.europesays.com\/fr\/wp-json\/wp\/v2\/comments?post=356769"}],"version-history":[{"count":0,"href":"https:\/\/www.europesays.com\/fr\/wp-json\/wp\/v2\/posts\/356769\/revisions"}],"wp:featuredmedia":[{"embeddable":true,"href":"https:\/\/www.europesays.com\/fr\/wp-json\/wp\/v2\/media\/356770"}],"wp:attachment":[{"href":"https:\/\/www.europesays.com\/fr\/wp-json\/wp\/v2\/media?parent=356769"}],"wp:term":[{"taxonomy":"category","embeddable":true,"href":"https:\/\/www.europesays.com\/fr\/wp-json\/wp\/v2\/categories?post=356769"},{"taxonomy":"post_tag","embeddable":true,"href":"https:\/\/www.europesays.com\/fr\/wp-json\/wp\/v2\/tags?post=356769"}],"curies":[{"name":"wp","href":"https:\/\/api.w.org\/{rel}","templated":true}]}}