{"id":356804,"date":"2025-08-31T17:54:09","date_gmt":"2025-08-31T17:54:09","guid":{"rendered":"https:\/\/www.europesays.com\/fr\/356804\/"},"modified":"2025-08-31T17:54:09","modified_gmt":"2025-08-31T17:54:09","slug":"projection-douverture-du-festival-what-a-trip-2025","status":"publish","type":"post","link":"https:\/\/www.europesays.com\/fr\/356804\/","title":{"rendered":"Projection d&rsquo;ouverture du Festival What a Trip 2025"},"content":{"rendered":"<p>\t\t\t\t\t\t\t\tL\u2019entr\u00e9e est gratuite<\/p>\n<p>Le Festival international du film de voyage et d\u2019aventure est de retour \u00e0 Montpellier <strong>du 22 au 28 septembre<\/strong> 2025.<\/p>\n<p>Le public est invit\u00e9 \u00e0 d\u00e9couvrir deux productions qui promettent de faire voyager. La soir\u00e9e d\u00e9butera avec la projection du film <b>\u00ab\u00a0Au-del\u00e0 des c\u00eemes\u00a0\u00bb<\/b> de R\u00e9my T\u00e9zier, qui suit l\u2019alpiniste de renomm\u00e9e mondiale Catherine Destivelle, \u00e9galement pr\u00e9sidente du jury 2025. Elle y partage des ascensions impressionnantes dans le massif du Mont-Blanc.<\/p>\n<p>En seconde partie de soir\u00e9e, l\u2019entr\u00e9e sera gratuite pour l\u2019avant-premi\u00e8re de la s\u00e9rie documentaire <b>\u00ab\u00a0Nomades\u00a0\u00bb <\/b>d\u2019Alexandre Pierrin, produite par France TV. Ce documentaire explore le quotidien de celles et ceux qui ont choisi la vie itin\u00e9rante. La projection sera suivie d\u2019un \u00e9change avec le r\u00e9alisateur. Une soir\u00e9e qui s\u2019annonce riche et inspirante, \u00e0 l\u2019image de l\u2019ADN du festival : faire voyager et questionner notre rapport au monde.<\/p>\n<p>S\u00e9ance le 11 septembre 2025, de 20h30 \u00e0 21h15<\/p>\n<p>Entr\u00e9e gratuite mais sur inscription <a href=\"https:\/\/www.helloasso.com\/associations\/afivam\/evenements\/avant-premiere-de-la-serie-nomades\" target=\"_blank\" rel=\"noopener nofollow\"><strong>ici<\/strong><\/a><\/p>\n<blockquote class=\"instagram-media\" style=\"background: #FFF; border: 0; border-radius: 3px; box-shadow: 0 0 1px 0 rgba(0,0,0,0.5),0 1px 10px 0 rgba(0,0,0,0.15); margin: 1px; max-width: 540px; min-width: 326px; padding: 0; width: calc(100% - 2px);\" data-instgrm-captioned=\"\" data-instgrm-permalink=\"https:\/\/www.instagram.com\/reel\/DLh5x9vNat4\/?utm_source=ig_embed&amp;utm_campaign=loading\" data-instgrm-version=\"14\">\n<\/blockquote>\n<p>\t\t\t\t\t\t\t\t\t\t\t\t\t\t\t<script async src=\"\/\/www.instagram.com\/embed.js\"><\/script><\/p>\n","protected":false},"excerpt":{"rendered":"L\u2019entr\u00e9e est gratuite Le Festival international du film de voyage et d\u2019aventure est de retour \u00e0 Montpellier du&hellip;\n","protected":false},"author":2,"featured_media":356805,"comment_status":"","ping_status":"","sticky":false,"template":"","format":"standard","meta":{"footnotes":""},"categories":[9599],"tags":[1111,11,1777,674,1011,27,2208,12,2680,25],"class_list":{"0":"post-356804","1":"post","2":"type-post","3":"status-publish","4":"format-standard","5":"has-post-thumbnail","7":"category-montpellier","8":"tag-actu","9":"tag-actualites","10":"tag-eu","11":"tag-europe","12":"tag-fr","13":"tag-france","14":"tag-montpellier","15":"tag-news","16":"tag-occitanie","17":"tag-republique-francaise"},"share_on_mastodon":{"url":"https:\/\/pubeurope.com\/@fr\/115124663919604078","error":""},"_links":{"self":[{"href":"https:\/\/www.europesays.com\/fr\/wp-json\/wp\/v2\/posts\/356804","targetHints":{"allow":["GET"]}}],"collection":[{"href":"https:\/\/www.europesays.com\/fr\/wp-json\/wp\/v2\/posts"}],"about":[{"href":"https:\/\/www.europesays.com\/fr\/wp-json\/wp\/v2\/types\/post"}],"author":[{"embeddable":true,"href":"https:\/\/www.europesays.com\/fr\/wp-json\/wp\/v2\/users\/2"}],"replies":[{"embeddable":true,"href":"https:\/\/www.europesays.com\/fr\/wp-json\/wp\/v2\/comments?post=356804"}],"version-history":[{"count":0,"href":"https:\/\/www.europesays.com\/fr\/wp-json\/wp\/v2\/posts\/356804\/revisions"}],"wp:featuredmedia":[{"embeddable":true,"href":"https:\/\/www.europesays.com\/fr\/wp-json\/wp\/v2\/media\/356805"}],"wp:attachment":[{"href":"https:\/\/www.europesays.com\/fr\/wp-json\/wp\/v2\/media?parent=356804"}],"wp:term":[{"taxonomy":"category","embeddable":true,"href":"https:\/\/www.europesays.com\/fr\/wp-json\/wp\/v2\/categories?post=356804"},{"taxonomy":"post_tag","embeddable":true,"href":"https:\/\/www.europesays.com\/fr\/wp-json\/wp\/v2\/tags?post=356804"}],"curies":[{"name":"wp","href":"https:\/\/api.w.org\/{rel}","templated":true}]}}