{"id":356806,"date":"2025-08-31T18:01:26","date_gmt":"2025-08-31T18:01:26","guid":{"rendered":"https:\/\/www.europesays.com\/fr\/356806\/"},"modified":"2025-08-31T18:01:26","modified_gmt":"2025-08-31T18:01:26","slug":"les-barrieres-de-lavenue-verte-changent-de-look-en-seine-maritime-on-vous-dit-pourquoi","status":"publish","type":"post","link":"https:\/\/www.europesays.com\/fr\/356806\/","title":{"rendered":"Les barri\u00e8res de l\u2019Avenue verte changent de look en Seine-Maritime : on vous dit pourquoi"},"content":{"rendered":"<p>            Par<br \/>\n        <strong><br \/>\n            <a href=\"https:\/\/actu.fr\/auteur\/journaliste-ne\" title=\"Consulter tous les articles de R\u00e9daction Neufch\u00e2tel-en-Bray\" rel=\"nofollow noopener\" target=\"_blank\">R\u00e9daction Neufch\u00e2tel-en-Bray<\/a><br \/>\n        <\/strong><\/p>\n<p>        Publi\u00e9 le<\/p>\n<p>            30 ao\u00fbt 2025 \u00e0 8h32        <\/p>\n<p>Depuis plusieurs semaines, les barri\u00e8res et les panneaux de l\u2019Avenue verte de <b>Forges-les-Eaux<\/b> jusqu\u2019\u00e0 <a href=\"https:\/\/actu.fr\/normandie\/neufchatel-en-bray_76462\" rel=\"nofollow noopener\" target=\"_blank\">Neufch\u00e2tel-en-Bray<\/a>, et m\u00eame un peu plus loin, ont chang\u00e9 de look. Le <b>D\u00e9partement de la Seine-Maritime<\/b> entreprend un programme de renouvellement du mat\u00e9riel.<\/p>\n<p>D\u2019anciennes barri\u00e8res en bois<\/p>\n<p class=\" wall-content\">En effet, les barri\u00e8res en bois datent, en majorit\u00e9, de la cr\u00e9ation de l\u2019<a href=\"https:\/\/actu.fr\/tag\/avenue-verte\" rel=\"nofollow noopener\" target=\"_blank\">Avenue Verte<\/a>, il y a plus de 20\u00a0ans.<\/p>\n<p class=\" wall-content\">Benoit Silvestre, chef du Service Administration et Am\u00e9nagements Cyclables de la Direction de la Mer, des Bacs et des V\u00e9loroutes, explique ces changements\u2009: \u00ab\u2009Les barri\u00e8res en bois cass\u00e9es ont r\u00e9guli\u00e8rement \u00e9t\u00e9 chang\u00e9es, mais elles \u00e9taient lourdes. Pour les ouvrir, les piliers tournaient dans un cylindre qui pouvait contenir des d\u00e9tritus ou des cailloux. Leur amortissement est largement r\u00e9alis\u00e9. Le D\u00e9partement a d\u00e9cid\u00e9 de changer les barri\u00e8res pour des mod\u00e8les plus pratiques et plus l\u00e9gers en composite, qui demanderont moins d\u2019entretien que le bois\u2009\u00bb.<\/p>\n<blockquote class=\"ac-article-quote wall-content\">\n<p>Elles sont plus maniables \u00e0 ouvrir lors de l\u2019entretien de l\u2019Avenue verte par les collaborateurs.<\/p>\n<\/blockquote>\n<p>    <img   decoding=\"async\" loading=\"lazy\" class=\"size-large\" src=\"https:\/\/www.europesays.com\/fr\/wp-content\/uploads\/2025\/08\/519f926f09986659f926f0998499f9v-960x640.jpg\" alt=\"panneau avenue verte\" width=\"960\" height=\"640\"\/><br \/>\n    Les anciennes barri\u00e8res. \u00a9Le R\u00e9veilDes barri\u00e8res fabriqu\u00e9es sur mesure<\/p>\n<p class=\" wall-content\">En revanche, le remplacement se fera petit \u00e0 petit. En effet, \u00ab\u2009il reste encore de nombreuses barri\u00e8res \u00e0 changer en direction de Dieppe. Ce sera effectif d\u2019ici \u00e0 l\u2019ann\u00e9e prochaine, car cela demande des d\u00e9lais car les barri\u00e8res sont fabriqu\u00e9es sur mesure. Et surtout, le programme a un co\u00fbt. En effet, entre la d\u00e9pose des anciennes barri\u00e8res, la fabrication et la pose des nouvelles, un passage \u00e0 niveau, soit 2 ensembles de barri\u00e8res, co\u00fbte environ 10\u2009000\u00a0\u20ac. Donc, le restant se fera en fonction des disponibilit\u00e9s financi\u00e8res\u2009\u00bb.<\/p>\n<p>Vid\u00e9os : en ce moment sur Actu<\/p>\n<p class=\" wall-content\">L\u2019entretien courant de l\u2019<b>Avenue verte<\/b> tout comme le fauchage des c\u00f4t\u00e9s est de la comp\u00e9tence du D\u00e9partement. Le naturel est de rigueur et il est pl\u00e9biscit\u00e9 par les promeneurs. En revanche, les ma\u00eetres de chiens appr\u00e9cient une coupe r\u00e9guli\u00e8re afin que leurs animaux ne se \u00ab\u2009noient\u2009\u00bb pas dans les hautes herbes\u2009!<\/p>\n<p>Votre r\u00e9gion, votre actu !<\/p>\n<p>Recevez chaque jour les infos qui comptent pour vous.<\/p>\n<p>\t<a href=\"https:\/\/actu.fr\/newsletter\" class=\"ac-btn ac-btn--corner ac-btn--medium ac-btn--blue800\" rel=\"nofollow noopener\" target=\"_blank\">S&rsquo;incrire<\/a><\/p>\n<p class=\" wall-content\">Les communes interviennent aussi en ce qui concerne la tonte autour des tables de pique-nique ou de certains b\u00e2timents comme la Halte de l\u2019Avenue verte situ\u00e9e \u00e0 <b>Neuville-Ferri\u00e8res<\/b>, pour accueillir au mieux, les utilisateurs.<\/p>\n<p class=\" wall-content\">Personnalisez votre actualit\u00e9 en ajoutant vos villes et m\u00e9dias en favori avec <a href=\"https:\/\/moncompte.actu.fr\" title=\"D\u00e9couvez Mon Actu\" rel=\"nofollow noopener\" data-trk=\"{&quot;cta&quot;:{&quot;action&quot;:&quot;https:\\\/\\\/moncompte.actu.fr&quot;,&quot;category&quot;:&quot;mon compte&quot;,&quot;from&quot;:&quot;article footer&quot;,&quot;name&quot;:&quot;Mon actu&quot;,&quot;type&quot;:&quot;cta&quot;}}\" target=\"_blank\">Mon Actu<\/a>.<\/p>\n","protected":false},"excerpt":{"rendered":"Par R\u00e9daction Neufch\u00e2tel-en-Bray Publi\u00e9 le 30 ao\u00fbt 2025 \u00e0 8h32 Depuis plusieurs semaines, les barri\u00e8res et les panneaux&hellip;\n","protected":false},"author":2,"featured_media":356807,"comment_status":"","ping_status":"","sticky":false,"template":"","format":"standard","meta":{"footnotes":""},"categories":[9587],"tags":[1111,11,49247,1777,674,1011,27,12,5161,10175,25,9590,104],"class_list":{"0":"post-356806","1":"post","2":"type-post","3":"status-publish","4":"format-standard","5":"has-post-thumbnail","7":"category-rouen","8":"tag-actu","9":"tag-actualites","10":"tag-avenue-verte","11":"tag-eu","12":"tag-europe","13":"tag-fr","14":"tag-france","15":"tag-news","16":"tag-normandie","17":"tag-pays-de-bray","18":"tag-republique-francaise","19":"tag-rouen","20":"tag-societe"},"share_on_mastodon":{"url":"https:\/\/pubeurope.com\/@fr\/115124691932298262","error":""},"_links":{"self":[{"href":"https:\/\/www.europesays.com\/fr\/wp-json\/wp\/v2\/posts\/356806","targetHints":{"allow":["GET"]}}],"collection":[{"href":"https:\/\/www.europesays.com\/fr\/wp-json\/wp\/v2\/posts"}],"about":[{"href":"https:\/\/www.europesays.com\/fr\/wp-json\/wp\/v2\/types\/post"}],"author":[{"embeddable":true,"href":"https:\/\/www.europesays.com\/fr\/wp-json\/wp\/v2\/users\/2"}],"replies":[{"embeddable":true,"href":"https:\/\/www.europesays.com\/fr\/wp-json\/wp\/v2\/comments?post=356806"}],"version-history":[{"count":0,"href":"https:\/\/www.europesays.com\/fr\/wp-json\/wp\/v2\/posts\/356806\/revisions"}],"wp:featuredmedia":[{"embeddable":true,"href":"https:\/\/www.europesays.com\/fr\/wp-json\/wp\/v2\/media\/356807"}],"wp:attachment":[{"href":"https:\/\/www.europesays.com\/fr\/wp-json\/wp\/v2\/media?parent=356806"}],"wp:term":[{"taxonomy":"category","embeddable":true,"href":"https:\/\/www.europesays.com\/fr\/wp-json\/wp\/v2\/categories?post=356806"},{"taxonomy":"post_tag","embeddable":true,"href":"https:\/\/www.europesays.com\/fr\/wp-json\/wp\/v2\/tags?post=356806"}],"curies":[{"name":"wp","href":"https:\/\/api.w.org\/{rel}","templated":true}]}}