{"id":356808,"date":"2025-08-31T18:02:25","date_gmt":"2025-08-31T18:02:25","guid":{"rendered":"https:\/\/www.europesays.com\/fr\/356808\/"},"modified":"2025-08-31T18:02:25","modified_gmt":"2025-08-31T18:02:25","slug":"pres-de-rouen-le-decouragement-dun-village-sans-cesse-victime-de-vols-de-cuivre","status":"publish","type":"post","link":"https:\/\/www.europesays.com\/fr\/356808\/","title":{"rendered":"Pr\u00e8s de Rouen, le d\u00e9couragement d&rsquo;un village sans cesse victime de vols de cuivre"},"content":{"rendered":"<p>            Par<br \/>\n        <strong><br \/>\n            <a href=\"https:\/\/actu.fr\/auteur\/isabellevilly\" title=\"Consulter tous les articles de Isabelle Villy\" rel=\"nofollow noopener\" target=\"_blank\">Isabelle Villy<\/a><br \/>\n        <\/strong><\/p>\n<p>        Publi\u00e9 le<\/p>\n<p>            31 ao\u00fbt 2025 \u00e0 12h04        <\/p>\n<p><strong>Plus d\u2019internet<\/strong>, plus de t\u00e9l\u00e9phone et surtout, <strong>plus grave<\/strong>, plus de possibilit\u00e9 pour les personnes b\u00e9n\u00e9ficiant du dispositif Pr\u00e9sence verte de passer <strong>un appel en cas d\u2019urgence<\/strong>\u2009: les cons\u00e9quences des vols de cuivre sur les r\u00e9seaux de t\u00e9l\u00e9phonie sont probl\u00e9matiques. \u00c0 <a href=\"https:\/\/actu.fr\/normandie\/saint-germain-des-essourts_76581\" rel=\"nofollow noopener\" target=\"_blank\">Saint-Germain-des-Essourts (Seine-Maritime)<\/a>, le maire <strong>Alain Burette<\/strong> semble d\u00e9courag\u00e9\u2009: depuis 2023, les voleurs de ce pr\u00e9cieux m\u00e9tal semblent avoir trouv\u00e9 le bon filon dans sa commune.<\/p>\n<p>D\u00e9j\u00e0 six faits de vols entre\u00a02023 et\u00a02024<\/p>\n<p class=\" wall-content\"><a href=\"https:\/\/actu.fr\/normandie\/saint-germain-des-essourts_76581\/vols-de-cables-de-cuivre-les-habitants-de-ce-village-pres-de-rouen-exasperes_60871384.html\" rel=\"nofollow noopener\" target=\"_blank\">Six faits de vols avaient \u00e9t\u00e9 recens\u00e9s entre\u00a02023 et\u00a02024<\/a>. Des arrestations avaient eu lieu apr\u00e8s une enqu\u00eate men\u00e9e par les gendarmes de la Communaut\u00e9 de brigades Saint-Jacques\/Buchy, mais au d\u00e9but du mois de juillet\u00a02025, un nouvel incident s\u2019est produit\u2009: l\u2019\u00e9lu a constat\u00e9 que<strong> les trappes abritant les r\u00e9seaux<\/strong> de t\u00e9l\u00e9phone avaient \u00e9t\u00e9 soulev\u00e9es et que les fils en cuivre avaient \u00e9t\u00e9 tir\u00e9s.<\/p>\n<p class=\" wall-content\">Cette fois, c\u2019est dans le hameau de<strong> Salmonville-la-Rivi\u00e8re<\/strong> que les malfaiteurs ont op\u00e9r\u00e9. Une fois encore, ils ont donc soulev\u00e9 les trappes sous lesquelles passe le r\u00e9seau de t\u00e9l\u00e9phonie et ont tir\u00e9 <strong>pr\u00e8s d\u2019un kilom\u00e8tre de c\u00e2ble<\/strong> duquel ils ont pu extraire le pr\u00e9cieux cuivre.<\/p>\n<p>Le r\u00e9seau a \u00e9t\u00e9 r\u00e9tabli dans les trois semaines<\/p>\n<p class=\" wall-content\">\u00ab\u2009Cela s\u2019est pass\u00e9 au tout d\u00e9but du mois de juillet\u2009: lors d\u2019une r\u00e9union, le maire de Blainville-Crevon m\u2019a fait remarquer que des regards \u00e9taient ouverts sur la route du hameau. Je suis all\u00e9 voir et j\u2019ai vu les d\u00e9g\u00e2ts, s\u2019agace Alain Burette.\u2009Une fois encore, beaucoup d\u2019habitants ont en effet \u00e9t\u00e9 impact\u00e9s.\u2009\u00bb<\/p>\n<p class=\" wall-content\">\u00ab\u2009Pour les artisans et les personnes qui travaillent \u00e0 domicile, c\u2019est un vrai probl\u00e8me, sans oublier les personnes \u00e2g\u00e9es qui n\u2019ont <strong>plus de connexion t\u00e9l\u00e9phonique<\/strong> et donc plus la possibilit\u00e9 d\u2019avoir recours au service de Pr\u00e9sence verte\u2009\u00bb, d\u00e9plore le maire de Saint-Germain-des-Essourts.<\/p>\n<p class=\" wall-content\">Imm\u00e9diatement, il a alert\u00e9 l\u2019op\u00e9rateur de t\u00e9l\u00e9phonie Orange, propri\u00e9taire du r\u00e9seau cuivre, ainsi que la gendarmerie. L\u2019op\u00e9rateur est intervenu et le r\u00e9seau a finalement pu \u00eatre r\u00e9tabli <strong>dans les trois semaines<\/strong> qui ont suivi.<\/p>\n<p class=\" wall-content\">Alain Burette esp\u00e8re en tout cas que la mauvaise s\u00e9rie ne va pas recommencer\u2009! Et il en est certain, les auteurs de ces vols font des rep\u00e9rages avant de commettre leurs forfaits\u2009: \u00ab\u2009j\u2019ai remarqu\u00e9 beaucoup de signes, <strong>comme des codes inscrits<\/strong> derri\u00e8re les panneaux de signalisation routi\u00e8re\u2009\u00bb, indique l\u2019\u00e9lu, convaincu qu\u2019il s\u2019agit l\u00e0 de rep\u00e8res pour des malfaiteurs visiblement bien organis\u00e9s.<\/p>\n<p>Votre r\u00e9gion, votre actu !<\/p>\n<p>Recevez chaque jour les infos qui comptent pour vous.<\/p>\n<p>\t<a href=\"https:\/\/actu.fr\/newsletter\" class=\"ac-btn ac-btn--corner ac-btn--medium ac-btn--blue800\" rel=\"nofollow noopener\" target=\"_blank\">S&rsquo;incrire<\/a><br \/>\nDe 7\u2009000\u00a0\u00e0 9\u2009000 euros la tonne en 2024<\/p>\n<p class=\" wall-content\">D\u2019ici \u00e0 2030, le r\u00e9seau cuivre devrait s\u2019\u00e9teindre totalement au profit de la fibre, mais en attendant, les voleurs n\u2019ont visiblement pas l\u2019intention de renoncer au profit que rapporte le cuivre, surnomm\u00e9 par certains \u00ab\u2009l\u2019or rouge\u2009\u00bb. Quand on sait qu\u2019en 2024, le prix \u00e0 la tonne oscillait entre <strong>7\u2009000\u00a0et 9\u2009000 euros<\/strong>, on comprend bien que les actes de vandalisme risquent malheureusement de ne pas cesser de sit\u00f4t.<\/p>\n<p>Suivez l\u2019actualit\u00e9 de Rouen <a href=\"https:\/\/www.whatsapp.com\/channel\/0029VaKfnf99hXF2ddApFB1D\" rel=\"nofollow noopener\" target=\"_blank\">sur notre cha\u00eene WhatsApp<\/a> et <a href=\"https:\/\/www.tiktok.com\/@76actu.fr?lang=fr\" rel=\"nofollow noopener\" target=\"_blank\">sur notre compte TikTok<\/a><\/p>\n<p class=\" wall-content\">Personnalisez votre actualit\u00e9 en ajoutant vos villes et m\u00e9dias en favori avec <a href=\"https:\/\/moncompte.actu.fr\" title=\"D\u00e9couvez Mon Actu\" rel=\"nofollow noopener\" data-trk=\"{&quot;cta&quot;:{&quot;action&quot;:&quot;https:\\\/\\\/moncompte.actu.fr&quot;,&quot;category&quot;:&quot;mon compte&quot;,&quot;from&quot;:&quot;article footer&quot;,&quot;name&quot;:&quot;Mon actu&quot;,&quot;type&quot;:&quot;cta&quot;}}\" target=\"_blank\">Mon Actu<\/a>.<\/p>\n<p>                    <script async src=\"\/\/www.tiktok.com\/embed.js\"><\/script><\/p>\n","protected":false},"excerpt":{"rendered":"Par Isabelle Villy Publi\u00e9 le 31 ao\u00fbt 2025 \u00e0 12h04 Plus d\u2019internet, plus de t\u00e9l\u00e9phone et surtout, plus&hellip;\n","protected":false},"author":2,"featured_media":356809,"comment_status":"","ping_status":"","sticky":false,"template":"","format":"standard","meta":{"footnotes":""},"categories":[9587],"tags":[1111,11,1777,674,118,1011,27,12,5161,25,9590],"class_list":{"0":"post-356808","1":"post","2":"type-post","3":"status-publish","4":"format-standard","5":"has-post-thumbnail","7":"category-rouen","8":"tag-actu","9":"tag-actualites","10":"tag-eu","11":"tag-europe","12":"tag-faits-divers","13":"tag-fr","14":"tag-france","15":"tag-news","16":"tag-normandie","17":"tag-republique-francaise","18":"tag-rouen"},"share_on_mastodon":{"url":"https:\/\/pubeurope.com\/@fr\/115124695484101209","error":""},"_links":{"self":[{"href":"https:\/\/www.europesays.com\/fr\/wp-json\/wp\/v2\/posts\/356808","targetHints":{"allow":["GET"]}}],"collection":[{"href":"https:\/\/www.europesays.com\/fr\/wp-json\/wp\/v2\/posts"}],"about":[{"href":"https:\/\/www.europesays.com\/fr\/wp-json\/wp\/v2\/types\/post"}],"author":[{"embeddable":true,"href":"https:\/\/www.europesays.com\/fr\/wp-json\/wp\/v2\/users\/2"}],"replies":[{"embeddable":true,"href":"https:\/\/www.europesays.com\/fr\/wp-json\/wp\/v2\/comments?post=356808"}],"version-history":[{"count":0,"href":"https:\/\/www.europesays.com\/fr\/wp-json\/wp\/v2\/posts\/356808\/revisions"}],"wp:featuredmedia":[{"embeddable":true,"href":"https:\/\/www.europesays.com\/fr\/wp-json\/wp\/v2\/media\/356809"}],"wp:attachment":[{"href":"https:\/\/www.europesays.com\/fr\/wp-json\/wp\/v2\/media?parent=356808"}],"wp:term":[{"taxonomy":"category","embeddable":true,"href":"https:\/\/www.europesays.com\/fr\/wp-json\/wp\/v2\/categories?post=356808"},{"taxonomy":"post_tag","embeddable":true,"href":"https:\/\/www.europesays.com\/fr\/wp-json\/wp\/v2\/tags?post=356808"}],"curies":[{"name":"wp","href":"https:\/\/api.w.org\/{rel}","templated":true}]}}