{"id":356810,"date":"2025-08-31T18:03:32","date_gmt":"2025-08-31T18:03:32","guid":{"rendered":"https:\/\/www.europesays.com\/fr\/356810\/"},"modified":"2025-08-31T18:03:32","modified_gmt":"2025-08-31T18:03:32","slug":"isere-pique-par-des-guepes-a-revel-le-randonneur-fait-un-choc-anaphylactique","status":"publish","type":"post","link":"https:\/\/www.europesays.com\/fr\/356810\/","title":{"rendered":"Is\u00e8re. Piqu\u00e9 par des gu\u00eapes \u00e0 Revel, le randonneur fait un choc anaphylactique"},"content":{"rendered":"<p>Dimanche 31\u00a0ao\u00fbt, dans l\u2019apr\u00e8s-midi, les secouristes en montagne de la CRS Alpes sont intervenus dans le bois de Freydi\u00e8res, sur la commune de Revel, dans le massif de Belledonne, pour porter secours \u00e0 un randonneur.<\/p>\n<p>Cet homme de 37 ans venait en effet de faire un <a href=\"https:\/\/www.ledauphine.com\/magazine-sante\/2025\/06\/05\/choc-anaphylactique-comment-reagir-lors-d-une-reaction-allergique-violente\" target=\"_blank\" rel=\"noopener\">choc anaphylactique<\/a> apr\u00e8s avoir \u00e9t\u00e9 piqu\u00e9 \u00e0 de nombreuses reprises par des gu\u00eapes sur le nid desquels il aurait march\u00e9.<\/p>\n<p>Le randonneur a \u00e9t\u00e9 h\u00e9liport\u00e9 au CHU Grenoble Alpes par la S\u00e9curit\u00e9 civile.<\/p>\n","protected":false},"excerpt":{"rendered":"Dimanche 31\u00a0ao\u00fbt, dans l\u2019apr\u00e8s-midi, les secouristes en montagne de la CRS Alpes sont intervenus dans le bois de&hellip;\n","protected":false},"author":2,"featured_media":356811,"comment_status":"","ping_status":"","sticky":false,"template":"","format":"standard","meta":{"footnotes":""},"categories":[9566],"tags":[119,1111,11,2430,113,1777,674,274,107,1011,27,2731,12204,108,12,25,26949],"class_list":{"0":"post-356810","1":"post","2":"type-post","3":"status-publish","4":"format-standard","5":"has-post-thumbnail","7":"category-grenoble","8":"tag-accident","9":"tag-actu","10":"tag-actualites","11":"tag-auvergne-rhone-alpes","12":"tag-edition-gresivaudan-oisans","13":"tag-eu","14":"tag-europe","15":"tag-faits-divers-justice","16":"tag-fil-info","17":"tag-fr","18":"tag-france","19":"tag-grenoble","20":"tag-gresivaudan","21":"tag-isere","22":"tag-news","23":"tag-republique-francaise","24":"tag-revel"},"share_on_mastodon":{"url":"https:\/\/pubeurope.com\/@fr\/115124699463682503","error":""},"_links":{"self":[{"href":"https:\/\/www.europesays.com\/fr\/wp-json\/wp\/v2\/posts\/356810","targetHints":{"allow":["GET"]}}],"collection":[{"href":"https:\/\/www.europesays.com\/fr\/wp-json\/wp\/v2\/posts"}],"about":[{"href":"https:\/\/www.europesays.com\/fr\/wp-json\/wp\/v2\/types\/post"}],"author":[{"embeddable":true,"href":"https:\/\/www.europesays.com\/fr\/wp-json\/wp\/v2\/users\/2"}],"replies":[{"embeddable":true,"href":"https:\/\/www.europesays.com\/fr\/wp-json\/wp\/v2\/comments?post=356810"}],"version-history":[{"count":0,"href":"https:\/\/www.europesays.com\/fr\/wp-json\/wp\/v2\/posts\/356810\/revisions"}],"wp:featuredmedia":[{"embeddable":true,"href":"https:\/\/www.europesays.com\/fr\/wp-json\/wp\/v2\/media\/356811"}],"wp:attachment":[{"href":"https:\/\/www.europesays.com\/fr\/wp-json\/wp\/v2\/media?parent=356810"}],"wp:term":[{"taxonomy":"category","embeddable":true,"href":"https:\/\/www.europesays.com\/fr\/wp-json\/wp\/v2\/categories?post=356810"},{"taxonomy":"post_tag","embeddable":true,"href":"https:\/\/www.europesays.com\/fr\/wp-json\/wp\/v2\/tags?post=356810"}],"curies":[{"name":"wp","href":"https:\/\/api.w.org\/{rel}","templated":true}]}}