{"id":356814,"date":"2025-08-31T18:05:24","date_gmt":"2025-08-31T18:05:24","guid":{"rendered":"https:\/\/www.europesays.com\/fr\/356814\/"},"modified":"2025-08-31T18:05:24","modified_gmt":"2025-08-31T18:05:24","slug":"en-ille-et-vilaine-dans-les-rivieres-les-jeunes-saumons-luttent-pour-leur-survie","status":"publish","type":"post","link":"https:\/\/www.europesays.com\/fr\/356814\/","title":{"rendered":"En Ille-et-Vilaine, dans les rivi\u00e8res, les jeunes saumons luttent pour leur survie"},"content":{"rendered":"<p>            Par<br \/>\n        <strong><br \/>\n            <a href=\"https:\/\/actu.fr\/auteur\/celestin-deseguier\" title=\"Consulter tous les articles de Celestin de S\u00e9guier\" target=\"_blank\" rel=\"noopener\">Celestin de S\u00e9guier<\/a><br \/>\n        <\/strong><\/p>\n<p>        Publi\u00e9 le<\/p>\n<p>            31 ao\u00fbt 2025 \u00e0 17h00        <\/p>\n<p>Nos poissons migrateurs en danger<\/p>\n<p>Cet \u00e9t\u00e9, nous partons \u00e0 la rencontre de trois esp\u00e8ces embl\u00e9matiques. L&rsquo;anguille europ\u00e9enne, la lamproie marine et le saumon atlantique. Les noms de ces poissons ne vous disent peut-\u00eatre rien et pourtant\u2026 ils vivent pr\u00e8s de chez vous, dans le pays de Foug\u00e8res.<br \/>&#13;<br \/>\nMenac\u00e9s par la pression anthropique, la pollution et le d\u00e9r\u00e8glement climatique, les poissons migrateurs amphihalins, qui passent une partie de leur vie en rivi\u00e8re et une partie en mer, se font rares.<br \/>&#13;<br \/>\nM\u00e9connus, ils vivent pourtant des vies impressionnantes et sont capables d&rsquo;exploits physiques et g\u00e9ographiques.<br \/>&#13;<br \/>\nC&rsquo;est pour vous aider \u00e0 mieux les comprendre et sensibiliser \u00e0 la n\u00e9cessit\u00e9 de leur protection que nous sommes partis \u00e0 leur rencontre dans le Couesnon, la Vilaine, la S\u00e9lune et leurs affluents, en compagnie de ceux qui les prot\u00e8gent.<\/p>\n<p class=\" wall-content\">En arrivant \u00e0 Poilley, dans la petite vall\u00e9e sinueuse du Beuvron, \u00e0 quelques kilom\u00e8tres de <a href=\"https:\/\/actu.fr\/bretagne\/fougeres_35115\" target=\"_blank\" rel=\"noopener\">Foug\u00e8res<\/a> <b>(Ille-et-Vilaine)<\/b>, le rituel de terrain des \u00e9quipes de la F\u00e9d\u00e9ration de p\u00eache d\u2019Ille-et-Vilaine, ne change pas. <b>\u00ab Vous avez bien pris vos waders ? \u00bb<\/b>, interroge Gwena\u00eblle Artur, directrice, en regardant ses coll\u00e8gues un sourire au l\u00e8vres.<\/p>\n<p class=\" wall-content\">\u00ab Aujourd\u2019hui, nous allons faire ce qu\u2019on appelle des indices d\u2019observation des saumons, \u00e7a ne concerne que les tacons \u00bb, pr\u00e9cise la responsable. <b>Les tacons, ce sont ces jeunes saumons<\/b>, qui apr\u00e8s \u00eatre n\u00e9s dans la rivi\u00e8re y vivent un \u00e0 deux ans, avant de partir en mer pour grandir. En Bretagne, ce protocole concerne<b> 350 stations diff\u00e9rentes<\/b> (des portions de cours d\u2019eau), dont 17 sont situ\u00e9es en Ille-et-Vilaine. \u00ab C\u2019est la partie la plus sympa de notre travail, nous sommes en contact avec les poissons et \u00e0 l\u2019ext\u00e9rieur \u00bb, sourient les travailleurs des rivi\u00e8res.<\/p>\n<p>Compter les jeunes saumons<\/p>\n<p class=\" wall-content\">Situ\u00e9 sur le bassin-versant de la S\u00e9lune, fleuve c\u00f4tier qui se jette dans la baie du Mont Saint-Michel, le Beuvron est une toute petite rivi\u00e8re. <b>Large de moins de deux m\u00e8tres<\/b>, il court \u00e0 travers des vallons herbac\u00e9s, au bord d\u2019anciens moulins. L\u2019op\u00e9ration du jour, \u00ab c\u2019est ce qu\u2019on appelle un suivi de recrutement \u00bb, pr\u00e9cise Florian Guenineau, responsable du p\u00f4le milieux aquatiques de la f\u00e9d\u00e9ration bretonne. \u00ab On s\u2019int\u00e9resse <b>uniquement aux jeunes saumons<\/b> et cet indice nous permet de suivre annuellement les stocks de cette esp\u00e8ce. \u00bb<\/p>\n<p>    <img   decoding=\"async\" loading=\"lazy\" class=\"size-large\" src=\"https:\/\/www.europesays.com\/fr\/wp-content\/uploads\/2025\/08\/70b701a62fa8674b701a62fa868b70v-960x640.jpg\" alt=\"Une truite fario de 26 cm, captur\u00e9e par les p\u00eacheurs de la F\u00e9d\u00e9ration de p\u00eache.\" width=\"960\" height=\"640\"\/><br \/>\n    Une truite fario de 26 cm, captur\u00e9e par les p\u00eacheurs de la F\u00e9d\u00e9ration de p\u00eache. \u00a9C\u00e9lestin de S\u00e9guierDe l\u2019aval vers l\u2019amont<\/p>\n<p class=\" wall-content\">Une fois \u00e9quip\u00e9, le groupe se met en direction du lit du ruisseau. \u00ab On doit <b>commencer par l\u2019aval et remonter le courant,<\/b> sinon on l\u00e8ve trop de particules avec nos bottes et on ne voit plus rien dans l\u2019eau \u00bb, pr\u00e9cise Richard Pellerin, \u00e9quip\u00e9 d\u2019un appareil de p\u00eache \u00e9lectrique solidement arrim\u00e9 sur son dos.<\/p>\n<p class=\" wall-content\">\u00ab Nous r\u00e9alisons un total de cinq minutes de p\u00eache \u00e9lectrique effective par station \u00bb, d\u00e9taille Gwena\u00eblle Artur. Une fois activ\u00e9, l\u2019appareil attire \u00e0 lui les poissons via un courant \u00e9lectrique, ils sont ensuite captur\u00e9s \u00e0 l\u2019aide d\u2019une \u00e9puisette. Au bout d\u2019une demi-heure, les visages sont perplexes. <b>Beaucoup de chabots, de loches, des anguilles et des truites fario<\/b>, mais aucune trace de jeunes tacons. \u00ab L\u2019habitat est parfait pour les truites, mais c\u2019est relativement pauvre, il n\u2019y a pas de grosses densit\u00e9s \u00bb, s\u2019inqui\u00e8te Florian Guenineau.<\/p>\n<p>    <img   decoding=\"async\" loading=\"lazy\" class=\"size-large\" src=\"https:\/\/www.europesays.com\/fr\/wp-content\/uploads\/2025\/08\/630d3dedcda86570d3dedcda83b0d3v-960x640.jpg\" alt=\"Un tacon d'une dizaine de centim\u00e8tres captur\u00e9s par les p\u00eacheurs de la F\u00e9d\u00e9ration de p\u00eache d'Ille-et-Vilaine.\" width=\"960\" height=\"640\"\/><br \/>\n    Un tacon d\u2019une dizaine de centim\u00e8tres captur\u00e9 par les p\u00eacheurs de la F\u00e9d\u00e9ration de p\u00eache d\u2019Ille-et-Vilaine. \u00a9C\u00e9lestin de S\u00e9guier<\/p>\n<p>Votre r\u00e9gion, votre actu !<\/p>\n<p>Recevez chaque jour les infos qui comptent pour vous.<\/p>\n<p>\t<a href=\"https:\/\/actu.fr\/newsletter\" class=\"ac-btn ac-btn--corner ac-btn--medium ac-btn--blue800\" target=\"_blank\" rel=\"noopener\">S&rsquo;incrire<\/a><br \/>\nP\u00eache interdite pendant cinq ans<\/p>\n<p class=\" wall-content\">La baisse des populations de saumons dans les rivi\u00e8res n\u2019est pas nouvelle et inqui\u00e8te depuis longtemps. Mesure de dernier recours afin de freiner le recul de l\u2019esp\u00e8ce, les p\u00eaches du saumon atlantique et de la truite de mer ont \u00e9t\u00e9 interdites en 2025 en Bretagne dans les cours d\u2019eau, les estuaires et en mer. \u00ab<b> L\u2019interdiction va durer au moins cinq ans<\/b>, c\u2019est un minimum pour permettre \u00e0 l\u2019esp\u00e8ce de reprendre son souffle et de se r\u00e9installer de mani\u00e8re p\u00e9renne l\u00e0 o\u00f9 elle le pourra. \u00bb<\/p>\n<p>    <img   decoding=\"async\" loading=\"lazy\" class=\"size-large\" src=\"https:\/\/www.europesays.com\/fr\/wp-content\/uploads\/2025\/08\/2e9c7804cea8682ac7804cea8d6ac7v-960x640.jpg\" alt=\"Les membres de la F\u00e9d\u00e9ration de p\u00eache d'Ille-et-Vilaine agissent pour prot\u00e9ger les saumons sauvages.\" width=\"960\" height=\"640\"\/><br \/>\n    Les membres de la F\u00e9d\u00e9ration de p\u00eache d\u2019Ille-et-Vilaine agissent pour prot\u00e9ger les saumons sauvages. \u00a9C\u00e9lestin de S\u00e9guier<\/p>\n<p class=\" wall-content\">Pour les sp\u00e9cialistes, bien que le probl\u00e8me soit \u00ab multifactoriel \u00bb, c\u2019est surtout<b> \u00ab une pression de p\u00eache importante en mer, notamment sur la nourriture consomm\u00e9e par les saumons autour du Groenland \u00bb,<\/b> qui est en cause dans le recul de l\u2019esp\u00e8ce. Une fois en rivi\u00e8re, les saumons se reproduisent en effet plut\u00f4t bien, mais c\u2019est le taux de retour des adultes, qui reviennent se reproduire l\u00e0 o\u00f9 ils sont n\u00e9s, qui inqui\u00e8te.<\/p>\n<p>\u00ab On a vu une fray\u00e8re \u00bb<\/p>\n<p class=\" wall-content\">\u00ab On va \u00e0 Louvign\u00e9 dans un autre ruisseau \u00bb, lance Gwena\u00eblle Artur \u00e0 son \u00e9quipe. Le convoi se met en route et parcourt une vingtaine de kilom\u00e8tres avant d\u2019arriver dans une exploitation agricole situ\u00e9e au bord d\u2019une vall\u00e9e abrupte.<\/p>\n<p class=\" wall-content\">\u00ab En bas c\u2019est le ruisseau du moulin d\u2019Ory, \u00e9galement situ\u00e9 sur le bassin-versant de la S\u00e9lune. <b>On y a vu une fray\u00e8re<\/b> (nids o\u00f9 sont d\u00e9pos\u00e9s les \u0153ufs) de saumon il y a quelques ann\u00e9es \u00bb, encourage Richard Pellerin, en enfilant le lourd dispositif de p\u00eache \u00e9lectrique.<\/p>\n<p>    <img   decoding=\"async\" loading=\"lazy\" class=\"size-large\" src=\"https:\/\/www.europesays.com\/fr\/wp-content\/uploads\/2025\/08\/c6f1efc62fa86eaf1efc62fa8def1ev-960x640.jpg\" alt=\"En arrivant sur place, pas le choix : il faut s'\u00e9quiper.\" width=\"960\" height=\"640\"\/><br \/>\n    En arrivant sur place, pas le choix : il faut s\u2019\u00e9quiper. \u00a9C\u00e9lestin de S\u00e9guierL\u2019agriculture et l\u2019\u00e9levage comme pression<\/p>\n<p class=\" wall-content\">Pour descendre au fond de la vall\u00e9e, il faut traverser un champ et passer sous des barbel\u00e9s. Apr\u00e8s une descente abrupte entre les pins, le petit ruisseau appara\u00eet, comme argent\u00e9 entre les hautes herbes. \u00ab Bon,<b> c\u2019est une rivi\u00e8re qui n\u2019est pas en super bon \u00e9tat<\/b> \u00bb, pr\u00e9vient Gwena\u00eblle Artur, en observant le fond de l\u2019eau.<\/p>\n<p class=\" wall-content\">\u00c0 cause de la pr\u00e9sence de l\u2019agriculture intensive du ma\u00efs et d\u2019animaux d\u2019\u00e9levage aux alentours, les particules de terres et de mati\u00e8re organique viennent se d\u00e9poser en grande quantit\u00e9 dans la rivi\u00e8re \u00e0 la moindre pluie. \u00ab C\u2019est \u00e7a qui donne cette couleur un peu brumeuse \u00e0 l\u2019eau et \u00e7a pose probl\u00e8me pour les saumons. \u00bb Si les particules se d\u00e9posent sur les fray\u00e8res, celles-ci peuvent les boucher et <b>causer l\u2019asphyxie des \u0153ufs<\/b>.<\/p>\n<p>    <img   decoding=\"async\" loading=\"lazy\" class=\"size-large\" src=\"https:\/\/www.europesays.com\/fr\/wp-content\/uploads\/2025\/08\/66b17221bda8699e17221bda8eaf17v-960x640.jpg\" alt=\"Gw\u00e9na\u00eblle Artur mesure un jeune saumon que l'\u00e9quipe vient de capturer. Celui-ci est \u00e2g\u00e9 de pr\u00e8s d'un an et demi.\" width=\"960\" height=\"640\"\/><br \/>\n    Gw\u00e9na\u00eblle Artur mesure un jeune saumon que l\u2019\u00e9quipe vient de capturer. Celui-ci est \u00e2g\u00e9 de pr\u00e8s d\u2019un an et demi. \u00a9C\u00e9lestin de S\u00e9guier\u00ab Un tacon ! \u00bb<\/p>\n<p class=\" wall-content\">Quelques minutes apr\u00e8s la reprise du protocole,<b> un cri de joie fait se lever les t\u00eates<\/b>. \u00ab Dans l\u2019\u00e9puisette, j\u2019ai un tacon ! \u00bb, lance tout sourire Florian Guenineau \u00e0 ses coll\u00e8gues. Au fond de sa large \u00e9puisette, un petit saumon, long d\u2019une dizaine de centim\u00e8tres, fr\u00e9tille vigoureusement. \u00ab Pour les diff\u00e9rencier des truites fario, il suffit de regarder la nageoire caudale qui est beaucoup plus \u00e9chancr\u00e9e chez les saumons. Celui-ci est n\u00e9 il y a quelques mois, probablement en avril. \u00bb<\/p>\n<p class=\" wall-content\">Apr\u00e8s quelques instants,<b> une deuxi\u00e8me trouvaille vient \u00e9gailler les p\u00eacheurs<\/b> : \u00ab celui-l\u00e0 est tr\u00e8s gros, c\u2019est un saumon \u00e2g\u00e9 d\u2019un an et demi qui n\u2019est pas encore parti en mer \u00bb, explique Gwena\u00eblle en prenant l\u2019animal au creux de sa main.<\/p>\n<p>\u00ab La r\u00e9ponse de l\u2019esp\u00e8ce \u00bb<\/p>\n<p class=\" wall-content\">Au cours du protocole de suivi des tacons sur cette \u00ab station \u00bb, les p\u00eacheurs de la f\u00e9d\u00e9ration de p\u00eache d\u2019Ille-et-Vilaine ont compt\u00e9 huit tacons. <b>Des chiffres \u00ab\u00a0tr\u00e8s encourageants<\/b>, d\u2019autant plus que cette portion de la rivi\u00e8re \u00e9tait ferm\u00e9e aux saumons depuis plus de 100 ans il y a encore trois ans\u00a0\u00bb.<\/p>\n<p class=\" wall-content\">L\u2019arasement des deux barrages du bassin-versant de la S\u00e9lune, effectu\u00e9 \u00e0 la fin de l\u2019ann\u00e9e 2022, a en effet permis de remettre en place une continuit\u00e9 \u00e9cologique jusqu\u2019alors disparue. \u00ab Ce qu\u2019on voit c\u2019est la r\u00e9ponse de l\u2019esp\u00e8ce aux am\u00e9nagements faits. \u00bb<\/p>\n<p>Le saumon : un migrateur embl\u00e9matique<\/p>\n<p>Pouvant mesurer jusqu&rsquo;\u00e0 1,5 m\u00e8tre et peser plus de 35\u00a0kg, le saumon atlantique est un migrateur amphihalin, qui effectue une partie de sa vie en rivi\u00e8re et l&rsquo;autre en mer.<br \/>&#13;<br \/>\nL&rsquo;\u00e9closion des \u0153ufs a lieu dans la rivi\u00e8re entre mars et avril. Les tacons s&rsquo;installent dans des zones ou le courant est fort (radier) et o\u00f9 ils trouvent larves et insectes pour s&rsquo;alimenter. En un \u00e0 deux ans selon, les tacons sont pr\u00eats \u00e0 partir. La descente a lieu au printemps et les tacons deviennent ce qu&rsquo;on appelle des smolts\u2009: leur livr\u00e9e devient argent\u00e9e et ils m\u00e9morisent l&rsquo;odeur de leur rivi\u00e8re.<\/p>\n<p>La migration commence. Les saumons se dirigent vers le Groenland et Terre-Neuve. Apr\u00e8s une ann\u00e9e pass\u00e9e en mer, le saumon atteint les 2\u00a0kg et se redirige alors vers sa rivi\u00e8re natale. Arriv\u00e9 sur les c\u00f4tes, il reconna\u00eet son odeur et la remonte, jusqu&rsquo;\u00e0 aller y frayer (se reproduire). Il peut survivre \u00e0 plusieurs fraies.<\/p>\n<p>Aujourd&rsquo;hui, le saumon atlantique est menac\u00e9 tout au long de son cycle de vie. L&rsquo;eau des rivi\u00e8res est pollu\u00e9e, certaines sont coup\u00e9es par des barrages. En mer, sa nourriture est surp\u00each\u00e9e et la pr\u00e9sence des \u00e9levages intensifs (Norv\u00e8ge, \u00c9cosse, Irlande), participe \u00e0 modifier ses g\u00e8nes et le rendre st\u00e9rile. Si rien n&rsquo;est fait, il risque de dispara\u00eetre.<\/p>\n<p class=\" wall-content\">Personnalisez votre actualit\u00e9 en ajoutant vos villes et m\u00e9dias en favori avec <a href=\"https:\/\/moncompte.actu.fr\" title=\"D\u00e9couvez Mon Actu\" rel=\"nofollow noopener\" data-trk=\"{&quot;cta&quot;:{&quot;action&quot;:&quot;https:\\\/\\\/moncompte.actu.fr&quot;,&quot;category&quot;:&quot;mon compte&quot;,&quot;from&quot;:&quot;article footer&quot;,&quot;name&quot;:&quot;Mon actu&quot;,&quot;type&quot;:&quot;cta&quot;}}\" target=\"_blank\">Mon Actu<\/a>.<\/p>\n","protected":false},"excerpt":{"rendered":"Par Celestin de S\u00e9guier Publi\u00e9 le 31 ao\u00fbt 2025 \u00e0 17h00 Nos poissons migrateurs en danger Cet \u00e9t\u00e9,&hellip;\n","protected":false},"author":2,"featured_media":356815,"comment_status":"","ping_status":"","sticky":false,"template":"","format":"standard","meta":{"footnotes":""},"categories":[2821],"tags":[1111,11,829,436,1777,674,1011,27,12,52,584,25],"class_list":{"0":"post-356814","1":"post","2":"type-post","3":"status-publish","4":"format-standard","5":"has-post-thumbnail","7":"category-rennes","8":"tag-actu","9":"tag-actualites","10":"tag-bretagne","11":"tag-environnement","12":"tag-eu","13":"tag-europe","14":"tag-fr","15":"tag-france","16":"tag-news","17":"tag-planete","18":"tag-rennes","19":"tag-republique-francaise"},"share_on_mastodon":{"url":"https:\/\/pubeurope.com\/@fr\/115124707340348617","error":""},"_links":{"self":[{"href":"https:\/\/www.europesays.com\/fr\/wp-json\/wp\/v2\/posts\/356814","targetHints":{"allow":["GET"]}}],"collection":[{"href":"https:\/\/www.europesays.com\/fr\/wp-json\/wp\/v2\/posts"}],"about":[{"href":"https:\/\/www.europesays.com\/fr\/wp-json\/wp\/v2\/types\/post"}],"author":[{"embeddable":true,"href":"https:\/\/www.europesays.com\/fr\/wp-json\/wp\/v2\/users\/2"}],"replies":[{"embeddable":true,"href":"https:\/\/www.europesays.com\/fr\/wp-json\/wp\/v2\/comments?post=356814"}],"version-history":[{"count":0,"href":"https:\/\/www.europesays.com\/fr\/wp-json\/wp\/v2\/posts\/356814\/revisions"}],"wp:featuredmedia":[{"embeddable":true,"href":"https:\/\/www.europesays.com\/fr\/wp-json\/wp\/v2\/media\/356815"}],"wp:attachment":[{"href":"https:\/\/www.europesays.com\/fr\/wp-json\/wp\/v2\/media?parent=356814"}],"wp:term":[{"taxonomy":"category","embeddable":true,"href":"https:\/\/www.europesays.com\/fr\/wp-json\/wp\/v2\/categories?post=356814"},{"taxonomy":"post_tag","embeddable":true,"href":"https:\/\/www.europesays.com\/fr\/wp-json\/wp\/v2\/tags?post=356814"}],"curies":[{"name":"wp","href":"https:\/\/api.w.org\/{rel}","templated":true}]}}