{"id":356816,"date":"2025-08-31T18:06:25","date_gmt":"2025-08-31T18:06:25","guid":{"rendered":"https:\/\/www.europesays.com\/fr\/356816\/"},"modified":"2025-08-31T18:06:25","modified_gmt":"2025-08-31T18:06:25","slug":"deux-nouvelles-pistes-offensives-pour-rennes","status":"publish","type":"post","link":"https:\/\/www.europesays.com\/fr\/356816\/","title":{"rendered":"Deux nouvelles pistes offensives pour Rennes"},"content":{"rendered":"<p><strong>Esteban Lepaul fra\u00eechement<br \/>\nd\u00e9bauch\u00e9, le Stade Rennais n\u2019a pas encore renonc\u00e9 \u00e0 renforcer son<br \/>\nsecteur offensif pour autant.<\/strong><\/p>\n<p>Apr\u00e8s le d\u00e9part d\u2019Arnaud Kalimuendo, le Stade Rennais \u00e9tait<br \/>\nd\u00e9cid\u00e9 \u00e0 recruter non pas un mais deux nouveaux \u00e9l\u00e9ments offensifs,<br \/>\nparmi lesquels Esteban Lepaul.<\/p>\n<p>Ce dernier d\u00e9bauch\u00e9 aupr\u00e8s du SCO, le club breton a longtemps<br \/>\nsuivi la piste du buteur danois du Sporting Conrad Harder.<br \/>\nSeulement celui-ci balance d\u00e9sormais entre Leipzig et Chelsea.<br \/>\nAussi deux dossiers ont-ils \u00e9t\u00e9 rouverts ces derni\u00e8res heures par<br \/>\nla direction rennaise.<\/p>\n<p>L\u2019attaquant suisse de Monaco, Breel Embolo, se retrouve ainsi<br \/>\ndans les plans des Rouges et Noirs \u00e0 la veille de la cl\u00f4ture du<br \/>\nmarch\u00e9 estival. Habib Beye en personne ayant d\u00e9j\u00e0 nou\u00e9 contact avec<br \/>\nle joueur. Parall\u00e8lement, Rennes a d\u2019ores et d\u00e9j\u00e0 transmis une<br \/>\noffre de 15 millions d\u2019euros \u00e0 Saint-Etienne pour le buteur belge<br \/>\nLucas Stassin. A suivre\u2026<\/p>\n<p>\u00a0<\/p>\n","protected":false},"excerpt":{"rendered":"Esteban Lepaul fra\u00eechement d\u00e9bauch\u00e9, le Stade Rennais n\u2019a pas encore renonc\u00e9 \u00e0 renforcer son secteur offensif pour autant.&hellip;\n","protected":false},"author":2,"featured_media":356817,"comment_status":"","ping_status":"","sticky":false,"template":"","format":"standard","meta":{"footnotes":""},"categories":[2821],"tags":[1111,11,829,1777,674,1011,27,12,584,25],"class_list":{"0":"post-356816","1":"post","2":"type-post","3":"status-publish","4":"format-standard","5":"has-post-thumbnail","7":"category-rennes","8":"tag-actu","9":"tag-actualites","10":"tag-bretagne","11":"tag-eu","12":"tag-europe","13":"tag-fr","14":"tag-france","15":"tag-news","16":"tag-rennes","17":"tag-republique-francaise"},"share_on_mastodon":{"url":"https:\/\/pubeurope.com\/@fr\/115124711084988413","error":""},"_links":{"self":[{"href":"https:\/\/www.europesays.com\/fr\/wp-json\/wp\/v2\/posts\/356816","targetHints":{"allow":["GET"]}}],"collection":[{"href":"https:\/\/www.europesays.com\/fr\/wp-json\/wp\/v2\/posts"}],"about":[{"href":"https:\/\/www.europesays.com\/fr\/wp-json\/wp\/v2\/types\/post"}],"author":[{"embeddable":true,"href":"https:\/\/www.europesays.com\/fr\/wp-json\/wp\/v2\/users\/2"}],"replies":[{"embeddable":true,"href":"https:\/\/www.europesays.com\/fr\/wp-json\/wp\/v2\/comments?post=356816"}],"version-history":[{"count":0,"href":"https:\/\/www.europesays.com\/fr\/wp-json\/wp\/v2\/posts\/356816\/revisions"}],"wp:featuredmedia":[{"embeddable":true,"href":"https:\/\/www.europesays.com\/fr\/wp-json\/wp\/v2\/media\/356817"}],"wp:attachment":[{"href":"https:\/\/www.europesays.com\/fr\/wp-json\/wp\/v2\/media?parent=356816"}],"wp:term":[{"taxonomy":"category","embeddable":true,"href":"https:\/\/www.europesays.com\/fr\/wp-json\/wp\/v2\/categories?post=356816"},{"taxonomy":"post_tag","embeddable":true,"href":"https:\/\/www.europesays.com\/fr\/wp-json\/wp\/v2\/tags?post=356816"}],"curies":[{"name":"wp","href":"https:\/\/api.w.org\/{rel}","templated":true}]}}