{"id":356818,"date":"2025-08-31T18:10:14","date_gmt":"2025-08-31T18:10:14","guid":{"rendered":"https:\/\/www.europesays.com\/fr\/356818\/"},"modified":"2025-08-31T18:10:14","modified_gmt":"2025-08-31T18:10:14","slug":"montpellier-un-forum-logement-pour-accompagner-les-etudiants-dans-leur-recherche","status":"publish","type":"post","link":"https:\/\/www.europesays.com\/fr\/356818\/","title":{"rendered":"Montpellier : un forum logement pour accompagner les \u00e9tudiants dans leur recherche"},"content":{"rendered":"<p>Les participants pourront s\u2019informer sur les diff\u00e9rents types de logement (social, Habitat Jeunes, r\u00e9sidences priv\u00e9es), d\u00e9couvrir les aides financi\u00e8res disponibles (CAF, Action Logement, Crous), mieux comprendre leurs droits et acc\u00e9der \u00e0 des offres actualis\u00e9es sur la m\u00e9tropole montpelli\u00e9raine. Des experts seront pr\u00e9sents pour d\u00e9livrer des conseils personnalis\u00e9s et distribuer le guide \u00ab Trouver un logement 2025 \u00bb.<\/p>\n","protected":false},"excerpt":{"rendered":"Les participants pourront s\u2019informer sur les diff\u00e9rents types de logement (social, Habitat Jeunes, r\u00e9sidences priv\u00e9es), d\u00e9couvrir les aides&hellip;\n","protected":false},"author":2,"featured_media":356819,"comment_status":"","ping_status":"","sticky":false,"template":"","format":"standard","meta":{"footnotes":""},"categories":[9599],"tags":[1111,11,1777,674,1011,27,2208,12,2680,25],"class_list":{"0":"post-356818","1":"post","2":"type-post","3":"status-publish","4":"format-standard","5":"has-post-thumbnail","7":"category-montpellier","8":"tag-actu","9":"tag-actualites","10":"tag-eu","11":"tag-europe","12":"tag-fr","13":"tag-france","14":"tag-montpellier","15":"tag-news","16":"tag-occitanie","17":"tag-republique-francaise"},"share_on_mastodon":{"url":"https:\/\/pubeurope.com\/@fr\/115124726851336059","error":""},"_links":{"self":[{"href":"https:\/\/www.europesays.com\/fr\/wp-json\/wp\/v2\/posts\/356818","targetHints":{"allow":["GET"]}}],"collection":[{"href":"https:\/\/www.europesays.com\/fr\/wp-json\/wp\/v2\/posts"}],"about":[{"href":"https:\/\/www.europesays.com\/fr\/wp-json\/wp\/v2\/types\/post"}],"author":[{"embeddable":true,"href":"https:\/\/www.europesays.com\/fr\/wp-json\/wp\/v2\/users\/2"}],"replies":[{"embeddable":true,"href":"https:\/\/www.europesays.com\/fr\/wp-json\/wp\/v2\/comments?post=356818"}],"version-history":[{"count":0,"href":"https:\/\/www.europesays.com\/fr\/wp-json\/wp\/v2\/posts\/356818\/revisions"}],"wp:featuredmedia":[{"embeddable":true,"href":"https:\/\/www.europesays.com\/fr\/wp-json\/wp\/v2\/media\/356819"}],"wp:attachment":[{"href":"https:\/\/www.europesays.com\/fr\/wp-json\/wp\/v2\/media?parent=356818"}],"wp:term":[{"taxonomy":"category","embeddable":true,"href":"https:\/\/www.europesays.com\/fr\/wp-json\/wp\/v2\/categories?post=356818"},{"taxonomy":"post_tag","embeddable":true,"href":"https:\/\/www.europesays.com\/fr\/wp-json\/wp\/v2\/tags?post=356818"}],"curies":[{"name":"wp","href":"https:\/\/api.w.org\/{rel}","templated":true}]}}