{"id":356820,"date":"2025-08-31T18:12:43","date_gmt":"2025-08-31T18:12:43","guid":{"rendered":"https:\/\/www.europesays.com\/fr\/356820\/"},"modified":"2025-08-31T18:12:43","modified_gmt":"2025-08-31T18:12:43","slug":"a-strasbourg-la-bretelle-des-halles-se-devoile","status":"publish","type":"post","link":"https:\/\/www.europesays.com\/fr\/356820\/","title":{"rendered":"\u00e0 Strasbourg, la bretelle des Halles se d\u00e9voile"},"content":{"rendered":"<p>    <img loading=\"lazy\" width=\"1800\" height=\"900\" src=\"https:\/\/www.europesays.com\/fr\/wp-content\/uploads\/2025\/08\/jeanne-callthepolice.jpg\" class=\"attachment-full size-full\" alt=\"\" id=\"imageLove\" decoding=\"async\"  \/><\/p>\n<p id=\"breadcrumbs\"><a href=\"https:\/\/pokaa.fr\/\" target=\"_blank\" rel=\"noopener\">Accueil<\/a> \/ <a href=\"https:\/\/pokaa.fr\/categories\/actu\/\" target=\"_blank\" rel=\"noopener\">Info locale<\/a> \/ Chantier XXL \u00e0 4,15 millions d\u2019\u20ac : \u00e0 Strasbourg, la bretelle des Halles se d\u00e9voile<\/p>\n<p>                    Info locale<\/p>\n<p><b>Lanc\u00e9 depuis le 7 juillet dernier, l\u2019impressionnant chantier de la bretelle de sortie des Halles en provenance de la M35 suit son cours. Voie r\u00e9serv\u00e9e aux cars, nouveaux panneaux, futures directions et m\u00eame canalisation : de nombreuses choses vont \u00e9voluer \u00e0 partir du 21 novembre, date th\u00e9orique de mise en service de cette bretelle 2.0.<\/b><\/p>\n<p class=\"p1\">Les Halles sont d\u00e9cid\u00e9ment bien en travaux ces derniers temps. En plus de son changement de visage en \u00ab hub multimodal \u00bb et <a href=\"https:\/\/pokaa.fr\/2025\/03\/03\/strasbourg-ferme-depuis-20-ans-lancien-tunnel-des-halles-va-rouvrir-avant-la-fin-de-lannee\/\" target=\"_blank\" rel=\"noopener\">des travaux dans le tunnel Wodli<\/a>, <b>le secteur voit \u00e9galement pelleteuses et camions s\u2019agiter autour de sa bretelle de sortie n\u00b02<\/b>, en provenance de la M35.<\/p>\n<p>                <a href=\"https:\/\/pokaa.fr\/2025\/06\/19\/strasbourg-le-secteur-des-halles-est-un-hub-multimodal-depuis-lundi-mais-cest-quoi\/\" target=\"_blank\" rel=\"noopener\"><br \/>\n                    <img width=\"450\" height=\"270\" src=\"https:\/\/www.europesays.com\/fr\/wp-content\/uploads\/2025\/08\/1756663954_278_ok-450x270.png\" class=\"attachment-card-horizontal--same-subject size-card-horizontal--same-subject wp-post-image\" alt=\"\" decoding=\"async\" loading=\"lazy\"\/>                <\/a><\/p>\n<p>Depuis le 7 juillet dernier, <b>celle-ci est ferm\u00e9e \u00e0 la circulation et d\u2019impressionnants travaux ont pris possession des lieux<\/b>. La circulation automobile y est donc r\u00e9duite tandis que celle des cyclistes et des pi\u00e9ton(ne)s a \u00e9t\u00e9 d\u00e9vi\u00e9e, \u00e0 tel point que certain(e)s choisissent m\u00eame de passer directement par le chantier. Mais le 21 novembre, tout devrait rouvrir, avec plusieurs nouveaut\u00e9s.<\/p>\n<p>                <a href=\"https:\/\/pokaa.fr\/2025\/07\/09\/strasbourg-pendant-5-mois-circuler-dans-le-secteur-des-halles-sannonce-complique\/\" target=\"_blank\" rel=\"noopener\"><br \/>\n                    <img width=\"450\" height=\"270\" src=\"https:\/\/www.europesays.com\/fr\/wp-content\/uploads\/2025\/08\/capture-decran-2025-07-09-a-145631-450x270.png\" class=\"attachment-card-horizontal--same-subject size-card-horizontal--same-subject wp-post-image\" alt=\"\" decoding=\"async\" loading=\"lazy\"\/>                <\/a><\/p>\n<p>                <img width=\"667\" height=\"500\" src=\"https:\/\/www.europesays.com\/fr\/wp-content\/uploads\/2025\/08\/img-1084-grande-667x500.jpeg\" class=\"attachment-gallery size-gallery\" alt=\"chantier halles\" data-full-url=\"https:\/\/pokaa.fr\/wp-content\/uploads\/2025\/08\/28\/img-1084-grande.jpeg\" decoding=\"async\" loading=\"lazy\"  \/>            <\/p>\n<p>                <img width=\"667\" height=\"500\" src=\"https:\/\/www.europesays.com\/fr\/wp-content\/uploads\/2025\/08\/img-1088-grande-667x500.jpeg\" class=\"attachment-gallery size-gallery\" alt=\"chantier halles\" data-full-url=\"https:\/\/pokaa.fr\/wp-content\/uploads\/2025\/08\/28\/img-1088-grande.jpeg\" decoding=\"async\" loading=\"lazy\"  \/>            <\/p>\n<p>                <img width=\"667\" height=\"500\" src=\"https:\/\/www.europesays.com\/fr\/wp-content\/uploads\/2025\/08\/img-1095-grande-667x500.jpeg\" class=\"attachment-gallery size-gallery\" alt=\"chantier halles\" data-full-url=\"https:\/\/pokaa.fr\/wp-content\/uploads\/2025\/08\/28\/img-1095-grande.jpeg\" decoding=\"async\" loading=\"lazy\"  \/>            <\/p>\n<p>                    \u00a9 Nicolas Kaspar \/ Pokaa<\/p>\n<p>Le projet principal : cr\u00e9er une voie r\u00e9serv\u00e9e aux cars express dans la bretelle<\/p>\n<p class=\"p1\"><strong>Ces travaux ont surtout une raison :<\/strong> alors que la bretelle avait auparavant une seule voie de circulation pour tourner \u00e0 droite vers les Halles, d\u00e9sormais elle en aura trois.<\/p>\n<p class=\"p1\">En premier lieu, <b>une sera r\u00e9serv\u00e9e aux cars express, \u00ab afin qu\u2019ils puissent arriver en priorit\u00e9 \u00bb, selon Fr\u00e9d\u00e9ric Voegel, ma\u00eetre d\u2019ouvrage du TSPO<\/b>. Celle-ci tournera \u00e0 droite vers les Halles et b\u00e9n\u00e9ficiera ensuite d\u2019une voie de droite r\u00e9serv\u00e9e vers la petite rue des Magasins puis le terminus des Halles, \u00e0 travers le tunnel Wodli.<\/p>\n<blockquote><p>\n        C\u2019est priorit\u00e9 aux transports en commun.    <\/p><\/blockquote>\n<p>            Fr\u00e9d\u00e9ric Voegel, ma\u00eetre d&rsquo;ouvrage du TSPO<\/p>\n<p>    <img width=\"800\" height=\"600\" src=\"https:\/\/www.europesays.com\/fr\/wp-content\/uploads\/2025\/08\/img-1091-grande-800x600.jpeg\" class=\"attachment-image-size-L size-image-size-L\" alt=\"chantier halles bretelle\" decoding=\"async\" loading=\"lazy\"  \/>         \u00a9 Nicolas Kaspar \/ Pokaa <\/p>\n<p>Deux autres voies de circulation classiques seront \u00e9galement pr\u00e9sentes dans la bretelle, \u00e9largie en rabotant le talus proche de l\u2019autoroute. <b>L\u2019une permettra de tourner \u00e0 droite vers les Halles, en traversant le tunnel pour ensuite rejoindre la petite rue des Magasins et le parking P3 via la tr\u00e9mie du tunnel r\u00e9ouvert<\/b>.<\/p>\n<p>L\u2019autre permettra de tourner \u00e0 gauche, afin de rejoindre Cronenbourg, une nouveaut\u00e9.<\/p>\n<p>                <img width=\"667\" height=\"500\" src=\"https:\/\/www.europesays.com\/fr\/wp-content\/uploads\/2025\/08\/img-1092-grande-667x500.jpeg\" class=\"attachment-gallery size-gallery\" alt=\"chantier halles\" data-full-url=\"https:\/\/pokaa.fr\/wp-content\/uploads\/2025\/08\/28\/img-1092-grande.jpeg\" decoding=\"async\" loading=\"lazy\"  \/>            <\/p>\n<p>                <img width=\"906\" height=\"500\" src=\"https:\/\/www.europesays.com\/fr\/wp-content\/uploads\/2025\/08\/capture-decran-2025-07-09-a-145631-906x500.png\" class=\"attachment-gallery size-gallery\" alt=\"tspo projet halles\" data-full-url=\"https:\/\/pokaa.fr\/wp-content\/uploads\/2025\/07\/09\/capture-decran-2025-07-09-a-145631.png\" decoding=\"async\" loading=\"lazy\"  \/>            <\/p>\n<p>                    1. \u00a9 Nicolas Kaspar \/ Pokaa ; 2. \u00a9 Ville et Eurom\u00e9tropole de Strasbourg &#8211; InSitua \/ Document remis<\/p>\n<p>Nouveau carrefour, feux et panneaux de signalisation : le reste du projet<\/p>\n<p class=\"p1\">D\u2019autres \u00e9quipements sont \u00e9galement pr\u00e9vus dans ce chantier. D\u00e9j\u00e0, <b>un carrefour avec syst\u00e8me de d\u00e9tection de feux sera am\u00e9nag\u00e9 \u00e0 l\u2019intersection de la bretelle et de la rue du Bataillon-de-Marche-24<\/b>, afin d\u2019assurer une connexion entre la M35 et le r\u00e9seau routier urbain. Ici, les cars express auront la priorit\u00e9.<\/p>\n<p>Ensuite, <strong>une des canalisations les plus importantes de la ville<\/strong> sera retap\u00e9e : datant de 1909, elle achemine l\u2019eau depuis le r\u00e9servoir d\u2019Oberhausbergen et voyage sous la M35 et la chauss\u00e9e.<\/p>\n<p>                <img width=\"667\" height=\"500\" src=\"https:\/\/www.europesays.com\/fr\/wp-content\/uploads\/2025\/08\/img-1103-grande-667x500.jpeg\" class=\"attachment-gallery size-gallery\" alt=\"chantier halles\" data-full-url=\"https:\/\/pokaa.fr\/wp-content\/uploads\/2025\/08\/28\/img-1103-grande.jpeg\" decoding=\"async\" loading=\"lazy\"  \/>            <\/p>\n<p>                <img width=\"667\" height=\"500\" src=\"https:\/\/www.europesays.com\/fr\/wp-content\/uploads\/2025\/08\/img-1107-grande-667x500.jpeg\" class=\"attachment-gallery size-gallery\" alt=\"chantier halles tunnel\" data-full-url=\"https:\/\/pokaa.fr\/wp-content\/uploads\/2025\/08\/28\/img-1107-grande.jpeg\" decoding=\"async\" loading=\"lazy\"  \/>            <\/p>\n<p>                <img width=\"667\" height=\"500\" src=\"https:\/\/www.europesays.com\/fr\/wp-content\/uploads\/2025\/08\/img-1104-grande-667x500.jpeg\" class=\"attachment-gallery size-gallery\" alt=\"chantier halles\" data-full-url=\"https:\/\/pokaa.fr\/wp-content\/uploads\/2025\/08\/28\/img-1104-grande.jpeg\" decoding=\"async\" loading=\"lazy\"  \/>            <\/p>\n<p>                <img width=\"667\" height=\"500\" src=\"https:\/\/www.europesays.com\/fr\/wp-content\/uploads\/2025\/08\/img-1097-grande-667x500.jpeg\" class=\"attachment-gallery size-gallery\" alt=\"chantier halles canalisation\" data-full-url=\"https:\/\/pokaa.fr\/wp-content\/uploads\/2025\/08\/28\/img-1097-grande.jpeg\" decoding=\"async\" loading=\"lazy\"  \/>            <\/p>\n<p>                    \u00a9 Nicolas Kaspar \/ Pokaa<\/p>\n<p><b>Enfin, toute la signal\u00e9tique directionnelle type panneaux va \u00eatre mise \u00e0 jour, aux alentours d\u2019octobre\/novembre<\/b>. Aujourd\u2019hui absente du secteur pendant les travaux, celle-ci comportera de nouvelles mentions et directions, et notamment celle de la Neustadt, indiqu\u00e9e pour la premi\u00e8re fois.<\/p>\n<p><strong>Au 21 novembre, le secteur aura radicalement chang\u00e9.<\/strong><\/p>\n","protected":false},"excerpt":{"rendered":"Accueil \/ Info locale \/ Chantier XXL \u00e0 4,15 millions d\u2019\u20ac : \u00e0 Strasbourg, la bretelle des Halles&hellip;\n","protected":false},"author":2,"featured_media":356821,"comment_status":"","ping_status":"","sticky":false,"template":"","format":"standard","meta":{"footnotes":""},"categories":[2820],"tags":[1111,11,1777,674,1011,27,775,29138,12,25,640,2086,37887],"class_list":{"0":"post-356820","1":"post","2":"type-post","3":"status-publish","4":"format-standard","5":"has-post-thumbnail","7":"category-strasbourg","8":"tag-actu","9":"tag-actualites","10":"tag-eu","11":"tag-europe","12":"tag-fr","13":"tag-france","14":"tag-grand-est","15":"tag-halles","16":"tag-news","17":"tag-republique-francaise","18":"tag-strasbourg","19":"tag-travaux","20":"tag-tspo"},"share_on_mastodon":{"url":"https:\/\/pubeurope.com\/@fr\/115124735502976624","error":""},"_links":{"self":[{"href":"https:\/\/www.europesays.com\/fr\/wp-json\/wp\/v2\/posts\/356820","targetHints":{"allow":["GET"]}}],"collection":[{"href":"https:\/\/www.europesays.com\/fr\/wp-json\/wp\/v2\/posts"}],"about":[{"href":"https:\/\/www.europesays.com\/fr\/wp-json\/wp\/v2\/types\/post"}],"author":[{"embeddable":true,"href":"https:\/\/www.europesays.com\/fr\/wp-json\/wp\/v2\/users\/2"}],"replies":[{"embeddable":true,"href":"https:\/\/www.europesays.com\/fr\/wp-json\/wp\/v2\/comments?post=356820"}],"version-history":[{"count":0,"href":"https:\/\/www.europesays.com\/fr\/wp-json\/wp\/v2\/posts\/356820\/revisions"}],"wp:featuredmedia":[{"embeddable":true,"href":"https:\/\/www.europesays.com\/fr\/wp-json\/wp\/v2\/media\/356821"}],"wp:attachment":[{"href":"https:\/\/www.europesays.com\/fr\/wp-json\/wp\/v2\/media?parent=356820"}],"wp:term":[{"taxonomy":"category","embeddable":true,"href":"https:\/\/www.europesays.com\/fr\/wp-json\/wp\/v2\/categories?post=356820"},{"taxonomy":"post_tag","embeddable":true,"href":"https:\/\/www.europesays.com\/fr\/wp-json\/wp\/v2\/tags?post=356820"}],"curies":[{"name":"wp","href":"https:\/\/api.w.org\/{rel}","templated":true}]}}