{"id":356822,"date":"2025-08-31T18:13:12","date_gmt":"2025-08-31T18:13:12","guid":{"rendered":"https:\/\/www.europesays.com\/fr\/356822\/"},"modified":"2025-08-31T18:13:12","modified_gmt":"2025-08-31T18:13:12","slug":"pour-ses-10-ans-le-farse-a-plus-que-jamais-mobilise-le-public","status":"publish","type":"post","link":"https:\/\/www.europesays.com\/fr\/356822\/","title":{"rendered":"pour ses 10 ans, le FARSe a plus que jamais mobilis\u00e9 le public"},"content":{"rendered":"<p>Malgr\u00e9 la rentr\u00e9e, les rues strasbourgeoises vont sembler bien calmes ce lundi apr\u00e8s le mouvement\u00e9, le color\u00e9, le festif week-end qui vient de s\u2019y d\u00e9rouler. Du 29 au 31\u00a0ao\u00fbt, plus d\u2019une soixantaine de repr\u00e9sentations gratuites y ont eu lieu dans le cadre des dix ans du Festival des arts de la rue de Strasbourg (FARSe).<\/p>\n<p>Victime de son succ\u00e8s<\/p>\n<p>Du cirque au th\u00e9\u00e2tre, en passant par le slam et la musique, les spectacles ont mobilis\u00e9 plus que jamais. \u00ab\u00a0Nous estimons la fr\u00e9quentation \u00e0&#8230;<\/p>\n","protected":false},"excerpt":{"rendered":"Malgr\u00e9 la rentr\u00e9e, les rues strasbourgeoises vont sembler bien calmes ce lundi apr\u00e8s le mouvement\u00e9, le color\u00e9, le&hellip;\n","protected":false},"author":2,"featured_media":356823,"comment_status":"","ping_status":"","sticky":false,"template":"","format":"standard","meta":{"footnotes":""},"categories":[2820],"tags":[1111,11,6211,1687,2880,1777,674,107,1011,27,775,873,12,5486,25,3140,640,2879],"class_list":{"0":"post-356822","1":"post","2":"type-post","3":"status-publish","4":"format-standard","5":"has-post-thumbnail","7":"category-strasbourg","8":"tag-actu","9":"tag-actualites","10":"tag-conference","11":"tag-culture-loisirs","12":"tag-edition-strasbourg","13":"tag-eu","14":"tag-europe","15":"tag-fil-info","16":"tag-fr","17":"tag-france","18":"tag-grand-est","19":"tag-musique","20":"tag-news","21":"tag-rencontre","22":"tag-republique-francaise","23":"tag-spectacle","24":"tag-strasbourg","25":"tag-strasbourg-ville"},"share_on_mastodon":{"url":"https:\/\/pubeurope.com\/@fr\/115124738750884582","error":""},"_links":{"self":[{"href":"https:\/\/www.europesays.com\/fr\/wp-json\/wp\/v2\/posts\/356822","targetHints":{"allow":["GET"]}}],"collection":[{"href":"https:\/\/www.europesays.com\/fr\/wp-json\/wp\/v2\/posts"}],"about":[{"href":"https:\/\/www.europesays.com\/fr\/wp-json\/wp\/v2\/types\/post"}],"author":[{"embeddable":true,"href":"https:\/\/www.europesays.com\/fr\/wp-json\/wp\/v2\/users\/2"}],"replies":[{"embeddable":true,"href":"https:\/\/www.europesays.com\/fr\/wp-json\/wp\/v2\/comments?post=356822"}],"version-history":[{"count":0,"href":"https:\/\/www.europesays.com\/fr\/wp-json\/wp\/v2\/posts\/356822\/revisions"}],"wp:featuredmedia":[{"embeddable":true,"href":"https:\/\/www.europesays.com\/fr\/wp-json\/wp\/v2\/media\/356823"}],"wp:attachment":[{"href":"https:\/\/www.europesays.com\/fr\/wp-json\/wp\/v2\/media?parent=356822"}],"wp:term":[{"taxonomy":"category","embeddable":true,"href":"https:\/\/www.europesays.com\/fr\/wp-json\/wp\/v2\/categories?post=356822"},{"taxonomy":"post_tag","embeddable":true,"href":"https:\/\/www.europesays.com\/fr\/wp-json\/wp\/v2\/tags?post=356822"}],"curies":[{"name":"wp","href":"https:\/\/api.w.org\/{rel}","templated":true}]}}