{"id":356824,"date":"2025-08-31T18:14:10","date_gmt":"2025-08-31T18:14:10","guid":{"rendered":"https:\/\/www.europesays.com\/fr\/356824\/"},"modified":"2025-08-31T18:14:10","modified_gmt":"2025-08-31T18:14:10","slug":"inoubliable-nagui-et-marcel-desailly-presents-le-fils-de-didier-deschamps-sest-marie-samedi-a-nice","status":"publish","type":"post","link":"https:\/\/www.europesays.com\/fr\/356824\/","title":{"rendered":"\u00ab\u00a0Inoubliable!\u00a0\u00bb, Nagui et Marcel Desailly pr\u00e9sents\u2026 Le fils de Didier Deschamps s&rsquo;est mari\u00e9 samedi \u00e0 Nice"},"content":{"rendered":"<p>Une union remarqu\u00e9e.<\/p>\n<p>Ce samedi 30 ao\u00fbt, ce n\u2019est pas un mariage tout \u00e0 fait comme les autres qu\u2019a c\u00e9l\u00e9br\u00e9 le maire de Nice, en l\u2019h\u00f4tel de ville.<\/p>\n<p>Face \u00e0 Christian Estrosi, Mathilde Cappelaere et un certain Dylan Deschamps\u2026 fils du s\u00e9lectionneur de l\u2019\u00e9quipe de France de football et star des Bleus lorsqu\u2019ils accroch\u00e8rent, en 1998, une premi\u00e8re \u00e9toile de champions du monde sur le maillot tricolore.<\/p>\n<p>\u00c0 la noce en ce doux week-end de fin d\u2019\u00e9t\u00e9 dans la capitale azur\u00e9enne, du beau monde. \u00c0 l\u2019instar de l\u2019ex-footballeur international Marcel Desailly ou encore de <a href=\"https:\/\/www.nicematin.com\/television\/-si-on-ne-s-amuse-pas-on-a-tout-loupe-intervilles-de-retour-ce-jeudi-sur-france-2-avec-nagui-aux-manettes-992752\" rel=\"nofollow noopener\" target=\"_blank\">l\u2019animateur vedette du service public Nagui<\/a> et de son \u00e9pouse, l\u2019actrice M\u00e9lanie Page.<\/p>\n<p>Une f\u00eate au Grand h\u00f4tel du cap Ferrat<\/p>\n<p>Apr\u00e8s la c\u00e9l\u00e9bration en mairie, c\u2019est, selon divers m\u00e9dias, dans l\u2019\u00e9crin luxueux du <a href=\"https:\/\/www.nicematin.com\/vie-locale\/le-grand-hotel-s-offre-deux-nouvelles-villas-de-luxe-881888\" rel=\"nofollow noopener\" target=\"_blank\">Grand h\u00f4tel du cap Ferrat<\/a> que les jeunes mari\u00e9s ont festoy\u00e9, entour\u00e9s de leurs proches.<\/p>\n<p>Une soir\u00e9e qualifi\u00e9e par Mathilde Deschamps d\u2019\u00a0\u00bbinoubliable\u00a0\u00bb sur les r\u00e9seaux sociaux. Avec aux avant-postes de l\u2019\u00e9v\u00e9nement, \u00e9videmment, Didier Deschamps, <a href=\"https:\/\/www.nicematin.com\/football\/equipe-de-france-didier-deschamps-explique-les-raisons-de-son-depart-en-2026-966609\" rel=\"nofollow noopener\" target=\"_blank\">dont le d\u00e9part de l\u2019\u00e9quipe de France est annonc\u00e9 pour 2026<\/a>, et son \u00e9pouse Claude.<\/p>\n<p>F\u00e9licitations!<\/p>\n","protected":false},"excerpt":{"rendered":"Une union remarqu\u00e9e. Ce samedi 30 ao\u00fbt, ce n\u2019est pas un mariage tout \u00e0 fait comme les autres&hellip;\n","protected":false},"author":2,"featured_media":356825,"comment_status":"","ping_status":"","sticky":false,"template":"","format":"standard","meta":{"footnotes":""},"categories":[2819],"tags":[1111,11,1777,674,1011,27,12,2401,973,882,25],"class_list":{"0":"post-356824","1":"post","2":"type-post","3":"status-publish","4":"format-standard","5":"has-post-thumbnail","7":"category-nice","8":"tag-actu","9":"tag-actualites","10":"tag-eu","11":"tag-europe","12":"tag-fr","13":"tag-france","14":"tag-news","15":"tag-nice","16":"tag-people","17":"tag-provence-alpes-cote-dazur","18":"tag-republique-francaise"},"share_on_mastodon":{"url":"https:\/\/pubeurope.com\/@fr\/115124742684005538","error":""},"_links":{"self":[{"href":"https:\/\/www.europesays.com\/fr\/wp-json\/wp\/v2\/posts\/356824","targetHints":{"allow":["GET"]}}],"collection":[{"href":"https:\/\/www.europesays.com\/fr\/wp-json\/wp\/v2\/posts"}],"about":[{"href":"https:\/\/www.europesays.com\/fr\/wp-json\/wp\/v2\/types\/post"}],"author":[{"embeddable":true,"href":"https:\/\/www.europesays.com\/fr\/wp-json\/wp\/v2\/users\/2"}],"replies":[{"embeddable":true,"href":"https:\/\/www.europesays.com\/fr\/wp-json\/wp\/v2\/comments?post=356824"}],"version-history":[{"count":0,"href":"https:\/\/www.europesays.com\/fr\/wp-json\/wp\/v2\/posts\/356824\/revisions"}],"wp:featuredmedia":[{"embeddable":true,"href":"https:\/\/www.europesays.com\/fr\/wp-json\/wp\/v2\/media\/356825"}],"wp:attachment":[{"href":"https:\/\/www.europesays.com\/fr\/wp-json\/wp\/v2\/media?parent=356824"}],"wp:term":[{"taxonomy":"category","embeddable":true,"href":"https:\/\/www.europesays.com\/fr\/wp-json\/wp\/v2\/categories?post=356824"},{"taxonomy":"post_tag","embeddable":true,"href":"https:\/\/www.europesays.com\/fr\/wp-json\/wp\/v2\/tags?post=356824"}],"curies":[{"name":"wp","href":"https:\/\/api.w.org\/{rel}","templated":true}]}}