{"id":356826,"date":"2025-08-31T18:15:19","date_gmt":"2025-08-31T18:15:19","guid":{"rendered":"https:\/\/www.europesays.com\/fr\/356826\/"},"modified":"2025-08-31T18:15:19","modified_gmt":"2025-08-31T18:15:19","slug":"le-gym-tombe-au-havre-3-1","status":"publish","type":"post","link":"https:\/\/www.europesays.com\/fr\/356826\/","title":{"rendered":"Le Gym tombe au Havre (3-1)"},"content":{"rendered":"<p class=\"scorebox_compet\">\n                        <strong>Ligue 1 McDonald&rsquo;s<\/strong> 3e Journ\u00e9e\n                    <\/p>\n<p>                        <img decoding=\"async\" src=\"https:\/\/www.europesays.com\/fr\/wp-content\/uploads\/2025\/08\/500052.png\" class=\"scorebox_logodom\"\/><\/p>\n<p>\n                            3 :<br \/>\n                            1\n                        <\/p>\n<p>                        <img decoding=\"async\" src=\"https:\/\/www.europesays.com\/fr\/wp-content\/uploads\/2025\/04\/500208.png\" class=\"scorebox_logoext\"\/><\/p>\n<p><strong>Doucour\u00e9<\/strong> (13&prime;)<\/p>\n<p><strong>Ndiaye<\/strong> (61&prime;)<\/p>\n<p><strong>Soumar\u00e9<\/strong> (90&rsquo;+5)<\/p>\n<p class=\"accroche\">L&rsquo;OGC Nice s&rsquo;est inclin\u00e9 face au Havre ce dimanche apr\u00e8s-midi au Stade Oc\u00e9ane (3-1). Kojo Peprah Oppong a inscrit l&rsquo;unique but azur\u00e9en.\u00a0<\/p>\n<p>Oppos\u00e9s au Havre pour le compte de la 3e journ\u00e9e de Ligue 1, les Aiglons ont souffert et ont fini par s&rsquo;incliner au terme d&rsquo;une rencontre difficile. Une semaine apr\u00e8s le succ\u00e8s \u00e0 domicile face \u00e0 Auxerre (J2, 3-1), le premier de la saison, Franck Haise avait choisi de reconduire le m\u00eame onze de d\u00e9part, avec une attaque men\u00e9e par le trio Isak Jansson &#8211; Kevin Carlos &#8211; Jeremie Boga. Bouscul\u00e9 par l&rsquo;intensit\u00e9 des locaux, le Gym a rat\u00e9 son entame, conc\u00e9dant d&rsquo;entr\u00e9e un coup de pied arr\u00eat\u00e9 dangereux qui aurait pu permettre \u00e0 Yassine Kechta d&rsquo;ouvrir la marque (3e).\u00a0<\/p>\n<p>Le groupe entra\u00een\u00e9 par Didier Digard a logiquement \u00e9t\u00e9 r\u00e9compens\u00e9 dix minutes plus tard. Principal danger offensif du HAC, Fod\u00e9 Doucour\u00e9 a profit\u00e9 d&rsquo;un tr\u00e8s bon centre sign\u00e9 Issa Soumar\u00e9 pour ouvrir le score (1-0, 13e). Disput\u00e9e sur un rythme h\u00e2ch\u00e9 et marqu\u00e9e par de nombreuses fautes, la fin de la premi\u00e8re p\u00e9riode a vu les Rouge et Noir sortir la t\u00eate de l&rsquo;eau et se procurer leurs premi\u00e8res opportunit\u00e9s. Kevin Carlos, d&rsquo;un coup de casque au point de p\u00e9nalty, n&rsquo;est pas parvenu \u00e0 tromper Mory Diaw (21e). Le renfort estival du Gym a ensuite \u00e9t\u00e9 devanc\u00e9 par Arouna Sangante alors qu&rsquo;il tentait de couper le centre audacieux de Tom Louchet (26e).\u00a0<\/p>\n<p>DIOUF A RETARd\u00e9 l&rsquo;\u00e9ch\u00e9ance\u00a0<\/p>\n<p><img loading=\"lazy\" decoding=\"async\" alt=\"\" height=\"1667\" src=\"https:\/\/www.europesays.com\/fr\/wp-content\/uploads\/2025\/08\/ICONSPORT_268624_0023.jpg\" width=\"2500\"\/><\/p>\n<p>Malgr\u00e9 une possession ni\u00e7oise, le gros du danger est rest\u00e9 havrais, \u00e0 l&rsquo;image de la t\u00eate d&rsquo;Ally Samatta, tout proche de tromper Yehvann Diouf (30e). L&rsquo;attaquant tanzanien s&rsquo;est \u00e9galement montr\u00e9 dangereux \u00e0 l&rsquo;entame du second acte apr\u00e8s un pressing r\u00e9ussi aux devants d&rsquo;Antoine Mendy, mais son tir crois\u00e9 a \u00e9t\u00e9 d\u00e9tourn\u00e9 par le dernier rempart azur\u00e9en (46e). Encore sollicit\u00e9 quatre minutes plus tard, lorsqu&rsquo;il a d\u00fb se coucher pour repousser la frappe de Doucour\u00e9, le transfuge de Reims a longtemps maintenu les Aiglons \u00e0 flot. Des Aiglons qui se sont relanc\u00e9s gr\u00e2ce \u00e0 l&rsquo;\u00e9galisation d&rsquo;Oppong, volontaire avec le ballon et r\u00e9aliste dans la surface. Le d\u00e9fenseur central a profit\u00e9 du bon travail de Boudaoui \u00e0 la suite d&rsquo;un corner jou\u00e9 rapidement pour battre Diaw (1-1, 52e).<\/p>\n<p><img loading=\"lazy\" decoding=\"async\" alt=\"\" height=\"1667\" src=\"https:\/\/www.europesays.com\/fr\/wp-content\/uploads\/2025\/08\/ICONSPORT_268624_0036.jpg\" width=\"2500\"\/><\/p>\n<p>Malheureusement, le r\u00e9pit des troupes du coach Haise n&rsquo;aura \u00e9t\u00e9 que de courte dur\u00e9e. Avec un peu de r\u00e9ussite, Rassoul Ndiaye a \u00e9t\u00e9 opportuniste pour contrer de pr\u00e8s un d\u00e9gagement d&rsquo;Antoine Mendy et remettre les Havrais devant (2-1, 61e). En fin de match, malgr\u00e9 les entr\u00e9es de Jonathan Clauss, Sofiane Diop, Terem Moffi, Bernard Nguene et Morgan Sanson, de retour \u00e0 la comp\u00e9tition, le Gym a craqu\u00e9 une troisi\u00e8me fois. Mont\u00e9 aux avant-postes pour tenter de placer sa t\u00eate sur le corner de la derni\u00e8re chance, Diouf a d\u00e9laiss\u00e9 sa cage, permettant \u00e0 Soumar\u00e9 de mettre les siens \u00e0 l&rsquo;abri dans le temps additionnel (90e+5, 3-1). Place \u00e0 la tr\u00eave internationale, n\u00e9cessaire pour se remettre la t\u00eate \u00e0 l&rsquo;endroit avant la r\u00e9ception de Nantes, le week-end du 13-14 septembre.<\/p>\n<p class=\"article_credit\">Hugo Rondet<\/p>\n<p>\n        Feuille de match\n    <\/p>\n<p><strong>Ligue 1 McDonald&rsquo;s            \u2022 3e Journ\u00e9e<\/strong><br class=\"d-inline d-md-none\"\/><\/p>\n<p>            31 ao\u00fbt 2025<\/p>\n<p>        17:15\n    <\/p>\n<p class=\"cr-stade_title\">\u00c0 Le Havre<\/p>\n<p class=\"cr-stade_name\">\n                <strong>Stade Oc\u00e9ane<\/strong><\/p>\n<p>                                    <img decoding=\"async\" src=\"https:\/\/www.europesays.com\/fr\/wp-content\/uploads\/2025\/08\/stade-oceane.jpg\"\/><br \/>\n                    Stade Oc\u00e9ane &#8211; Le Havre<\/p>\n<p>                            <img decoding=\"async\" src=\"https:\/\/www.europesays.com\/fr\/wp-content\/uploads\/2025\/08\/500052.png\" alt=\"Logo Le Havre\"\/><br \/>\n                        Le Havre<\/p>\n<p>                            <img decoding=\"async\" src=\"https:\/\/www.europesays.com\/fr\/wp-content\/uploads\/2025\/04\/500208.png\" alt=\"Logo OGC Nice\"\/><br \/>\n                        OGC Nice<\/p>\n<p>                                    <img decoding=\"async\" src=\"https:\/\/www.europesays.com\/fr\/wp-content\/uploads\/2025\/08\/500052.png\" alt=\"Logo Le Havre\"\/><br \/>\n                                Le Havre<\/p>\n<p>Entra\u00eeneur                    <br \/><strong>Didier Digard<br \/>\n                    <\/strong><\/p>\n<p>        Remplacements<\/p>\n<ul>\n<li>\n<p>67&prime;<\/p>\n<\/li>\n<li>\n<p>67&prime;<\/p>\n<\/li>\n<li>\n<p>67&prime;<\/p>\n<\/li>\n<li>\n<p>82&prime;<\/p>\n<\/li>\n<li>\n<p>84&prime;<\/p>\n<\/li>\n<\/ul>\n<p>            Non-entr\u00e9s en jeu<\/p>\n<p>                    Mpasi                    Yout\u00e9                    Mosengo                    Kyeremeh<\/p>\n<p>                <img decoding=\"async\" src=\"https:\/\/www.europesays.com\/fr\/wp-content\/uploads\/2025\/04\/500208.png\" alt=\"Logo Nice\"\/><br \/>\n                Nice<\/p>\n<p>Entra\u00eeneur                    <br \/><strong>Franck Haise<br \/>\n                    <\/strong><\/p>\n<p>        Remplacements<\/p>\n<ul>\n<li>\n<p>60&prime;<\/p>\n<\/li>\n<li>\n<p>60&prime;<\/p>\n<\/li>\n<li>\n<p>68&prime;<\/p>\n<\/li>\n<li>\n<p>68&prime;<\/p>\n<\/li>\n<li>\n<p>82&prime;<\/p>\n<\/li>\n<\/ul>\n<p>            Non-entr\u00e9s en jeu<\/p>\n<p>                    Dup\u00e9                    Koutoune                    Coulibaly                    Bernardeau<\/p>\n<p class=\"cr-arbitre_title\">Arbitre<\/p>\n<p class=\"cr-arbitre_name\">J\u00e9r\u00f4me<br \/>\n                <br \/><strong>Brisard<\/strong><\/p>\n<p>                    <img decoding=\"async\" src=\"https:\/\/www.europesays.com\/fr\/wp-content\/uploads\/2025\/08\/jerome-brisard.jpg\"\/><br \/>\n                    J\u00e9r\u00f4me Brisard<\/p>\n<p>        Discipline<br \/>\n        Avertissements<\/p>\n<p> <strong>Soumar\u00e9<\/strong> (54&prime;)<\/p>\n<p>        Expulsions<\/p>\n<p>        Discipline<br \/>\n        Avertissements<\/p>\n<p> <strong>Mendy<\/strong> (1&prime;) <strong>Boudaoui<\/strong> (41&prime;) <strong>Bah<\/strong> (54&prime;)<\/p>\n<p>        Expulsions<\/p>\n","protected":false},"excerpt":{"rendered":"Ligue 1 McDonald&rsquo;s 3e Journ\u00e9e 3 : 1 Doucour\u00e9 (13&prime;) Ndiaye (61&prime;) Soumar\u00e9 (90&rsquo;+5) L&rsquo;OGC Nice s&rsquo;est inclin\u00e9&hellip;\n","protected":false},"author":2,"featured_media":356827,"comment_status":"","ping_status":"","sticky":false,"template":"","format":"standard","meta":{"footnotes":""},"categories":[2819],"tags":[1111,11,1777,674,1011,27,12,2401,882,25],"class_list":{"0":"post-356826","1":"post","2":"type-post","3":"status-publish","4":"format-standard","5":"has-post-thumbnail","7":"category-nice","8":"tag-actu","9":"tag-actualites","10":"tag-eu","11":"tag-europe","12":"tag-fr","13":"tag-france","14":"tag-news","15":"tag-nice","16":"tag-provence-alpes-cote-dazur","17":"tag-republique-francaise"},"share_on_mastodon":{"url":"https:\/\/pubeurope.com\/@fr\/115124746864746025","error":""},"_links":{"self":[{"href":"https:\/\/www.europesays.com\/fr\/wp-json\/wp\/v2\/posts\/356826","targetHints":{"allow":["GET"]}}],"collection":[{"href":"https:\/\/www.europesays.com\/fr\/wp-json\/wp\/v2\/posts"}],"about":[{"href":"https:\/\/www.europesays.com\/fr\/wp-json\/wp\/v2\/types\/post"}],"author":[{"embeddable":true,"href":"https:\/\/www.europesays.com\/fr\/wp-json\/wp\/v2\/users\/2"}],"replies":[{"embeddable":true,"href":"https:\/\/www.europesays.com\/fr\/wp-json\/wp\/v2\/comments?post=356826"}],"version-history":[{"count":0,"href":"https:\/\/www.europesays.com\/fr\/wp-json\/wp\/v2\/posts\/356826\/revisions"}],"wp:featuredmedia":[{"embeddable":true,"href":"https:\/\/www.europesays.com\/fr\/wp-json\/wp\/v2\/media\/356827"}],"wp:attachment":[{"href":"https:\/\/www.europesays.com\/fr\/wp-json\/wp\/v2\/media?parent=356826"}],"wp:term":[{"taxonomy":"category","embeddable":true,"href":"https:\/\/www.europesays.com\/fr\/wp-json\/wp\/v2\/categories?post=356826"},{"taxonomy":"post_tag","embeddable":true,"href":"https:\/\/www.europesays.com\/fr\/wp-json\/wp\/v2\/tags?post=356826"}],"curies":[{"name":"wp","href":"https:\/\/api.w.org\/{rel}","templated":true}]}}